{"id":122136,"date":"2017-10-03T15:33:33","date_gmt":"2017-10-03T17:33:33","guid":{"rendered":"http:\/\/aconteceunovale.com.br\/portal\/?p=122136"},"modified":"2017-10-03T15:33:33","modified_gmt":"2017-10-03T17:33:33","slug":"ifnmg-divulga-edital-com-18-vagas-para-cargos-efetivos-de-tecnico-administrativos-em-educacao","status":"publish","type":"post","link":"https:\/\/aconteceunovale.com.br\/portal\/?p=122136","title":{"rendered":"IFNMG divulga edital com 18 vagas para cargos efetivos de T\u00e9cnico-Administrativos em Educa\u00e7\u00e3o"},"content":{"rendered":"<p>O\u00a0<span style=\"text-decoration: underline;\"><span style=\"color: #ff0000;\"><a href=\"http:\/\/documento.ifnmg.edu.br\/action.php?kt_path_info=ktcore.actions.document.view&amp;fDocumentId=22403\"><span style=\"color: #ff0000; text-decoration: underline;\">Edital n\u00ba 316\/2017<\/span><\/a><\/span><\/span>, publicado no Di\u00e1rio Oficial da Uni\u00e3o desta segunda-feira, dia 02, vai reger o Concurso P\u00fablico para provimento de cargos efetivos de T\u00e9cnico-Administrativos em Educa\u00e7\u00e3o do Quadro Permanente do IFNMG e lota\u00e7\u00e3o em quaisquer dos seus\u00a0<em>campi<\/em>\u00a0localizados nas cidades de Almenara, Ara\u00e7ua\u00ed, Arinos, Diamantina, Jana\u00faba, Janu\u00e1ria, Montes Claros, Pirapora, Porteirinha, Salinas, Te\u00f3filo Otoni, na Reitoria ou em outra unidade que venha a ser implantada.<\/p>\n<p>No total, s\u00e3o 18 vagas, sendo uma para Pedagogo, uma para T\u00e9cnico em Laborat\u00f3rio &#8211; \u00e1rea edifica\u00e7\u00f5es, quatro para Tradutor e Int\u00e9rprete de Linguagem de Sinais, tr\u00eas para Assistente de Aluno e nove para Auxiliar em Administra\u00e7\u00e3o.<\/p>\n<p>O vencimento b\u00e1sico varia de R$ 1.945,07 a R$ 4.180,66, dependendo do cargo. Al\u00e9m disso, h\u00e1 os seguintes benef\u00edcios: aux\u00edlio-alimenta\u00e7\u00e3o no valor de R$ 458,00; incentivo \u00e0 qualifica\u00e7\u00e3o, quando o servidor possuir n\u00edvel de escolaridade superior ao exigido para o exerc\u00edcio do cargo; e aux\u00edlio pr\u00e9-escolar no valor R$ 321,00 para dependentes de at\u00e9 cinco anos de idade. O regime de trabalho ser\u00e1 de 40 horas semanais.<\/p>\n<p><strong>Inscri\u00e7\u00e3o<\/strong><\/p>\n<p>Para se inscrever, o candidato deve acessar o site\u00a0<span style=\"text-decoration: underline;\"><span style=\"color: #ff0000;\"><a href=\"http:\/\/www.gestaodeconcursos.com.br\/\" target=\"_blank\" rel=\"noopener noreferrer\"><span style=\"color: #ff0000; text-decoration: underline;\">www.gestaodeconcursos.com.br<\/span><\/a><\/span><\/span>, preencher integralmente e corretamente a ficha eletr\u00f4nica de inscri\u00e7\u00e3o, gerar e imprimir o boleto da Guia de Recolhimento da Uni\u00e3o (GRU ), e efetuar o recolhimento da taxa de inscri\u00e7\u00e3o exclusivamente no Banco do Brasil S\/A, at\u00e9 o dia 27 de outubro de 2017, nos valores especificados a seguir: a) R$ 100,00 (cem reais) para os cargos de N\u00edvel Superior. b) R$ 80,00 (oitenta reais) para os cargos de N\u00edvel M\u00e9dio. c) R$ 60,00 (sessenta reais) para os cargos de N\u00edvel Fundamental.<\/p>\n<p>A isen\u00e7\u00e3o da taxa de inscri\u00e7\u00e3o dever\u00e1 ser solicitada mediante requerimento do candidato, atrav\u00e9s de formul\u00e1rio eletr\u00f4nico dispon\u00edvel no endere\u00e7o eletr\u00f4nico\u00a0<span style=\"text-decoration: underline;\"><span style=\"color: #ff0000;\"><a href=\"http:\/\/www.gestaodeconcursos.com.br\/\" target=\"_blank\" rel=\"noopener noreferrer\"><span style=\"color: #ff0000; text-decoration: underline;\">www.gestaodeconcursos.com.br<\/span><\/a><\/span><\/span>, exclusivamente nos dias 05 e 06 de outubro de 2017.<\/p>\n<p>No ato da inscri\u00e7\u00e3o, o candidato deve especificar o munic\u00edpio onde prestar\u00e1 a Prova Objetiva de M\u00faltipla Escolha, Almenara, Arinos, Diamantina, Montes Claros, Jana\u00faba, Te\u00f3filo Otoni. \u00c9 poss\u00edvel concorrer a dois cargos, quando os hor\u00e1rios das provas forem diferentes, conforme j\u00e1 informa o Edital n\u00ba 316\/2017.<\/p>\n<p><strong>Provas<\/strong><\/p>\n<p>O concurso ser\u00e1 executado pela empresa Funda\u00e7\u00e3o de Desenvolvimento da Pesquisa (Fundep), sob a supervis\u00e3o da Comiss\u00e3o Permanente de Concurso do IFNMG (Copec). Haver\u00e1 prova objetiva de m\u00faltipla escolha de car\u00e1ter eliminat\u00f3rio e classificat\u00f3rio para todos os cargos e prova pr\u00e1tica de car\u00e1ter eliminat\u00f3rio e classificat\u00f3rio somente para o cargo de Tradutor e Int\u00e9rprete de Linguagem de Sinais.<\/p>\n<p>A prova objetiva de m\u00faltipla escolha para todos os cargos\/\u00e1reas e localidades ser\u00e1 realizada no dia 19 de novembro de 2017, nas cidades de Almenara, Arinos, Diamantina, Montes Claros, Jana\u00faba, Te\u00f3filo Otoni. A convoca\u00e7\u00e3o para a prova pr\u00e1tica para o cargo de Tradutor e Int\u00e9rprete de L\u00edngua Brasileira de Sinais ser\u00e1 no dia 04 de dezembro de 2017. A previs\u00e3o para a prova pr\u00e1tica, que ser\u00e1 em Montes Claros, \u00e9 dia 07 de dezembro.<\/p>\n<p>Clique\u00a0<span style=\"text-decoration: underline;\"><span style=\"color: #ff0000; text-decoration: underline;\"><a href=\"http:\/\/www.ifnmg.edu.br\/tecnico-administrativo\/16635-tecnico-administrativo-edital-n-316-2017-ifnmg\"><span style=\"color: #ff0000; text-decoration: underline;\">aqui<\/span><\/a>\u00a0<\/span><\/span>para acessar o Edital n\u00ba 316\/2017.<\/p>\n<p>Confira o quadro de vagas:<\/p>\n<p><img decoding=\"async\" src=\"http:\/\/aconteceunovale.com.br\/portal\/wp-content\/uploads\/2017\/10\/concurso_ifnmg_1.png\" alt=\"\" \/><br \/>\n<\/br><\/p>\n<p><strong>VER PRIMEIRO<\/strong><\/p>\n<p>Receba as not\u00edcias do Aconteceu no Vale em primeira m\u00e3o. Clique em curtir no endere\u00e7o <a href=\"https:\/\/www.facebook.com\/aconteceunovale\" target=\"_blank\"><font color=\"red\">www.facebook.com\/aconteceunovale<\/font><\/a> ou no box abaixo:<\/p>\n<div class=\"fb-like\" data-href=\"https:\/\/www.facebook.com\/aconteceunovale\" data-width=\"120\" data-layout=\"standard\" data-action=\"like\" data-size=\"small\" data-show-faces=\"true\" data-share=\"true\"><\/div>\n<p><\/br><\/p>\n<p><em>(Fonte: Ascom IFNMG)<\/em><\/p>\n","protected":false},"excerpt":{"rendered":"<p>O\u00a0Edital n\u00ba 316\/2017, publicado no Di\u00e1rio Oficial da Uni\u00e3o desta segunda-feira, dia 02, vai reger o Concurso P\u00fablico para provimento de cargos efetivos de T\u00e9cnico-Administrativos em Educa\u00e7\u00e3o do Quadro Permanente do IFNMG e lota\u00e7\u00e3o em quaisquer dos seus\u00a0campi\u00a0localizados nas cidades de Almenara, Ara\u00e7ua\u00ed, Arinos, Diamantina, Jana\u00faba, Janu\u00e1ria, Montes Claros, Pirapora, Porteirinha, Salinas, Te\u00f3filo Otoni, na [&hellip;]<\/p>\n","protected":false},"author":1,"featured_media":13951,"comment_status":"open","ping_status":"closed","sticky":false,"template":"","format":"standard","meta":{"amp_status":"","footnotes":""},"categories":[40238,1236],"tags":[142,186,253,161182,161180,198,161183,161181,161185,255,161186,28901,204,205,210,254,1194,190,164,161184],"class_list":["post-122136","post","type-post","status-publish","format-standard","has-post-thumbnail","hentry","category-educacao-2","category-norte_de_minas","tag-almenara","tag-aracuai","tag-arinos","tag-concurso-ifnmg","tag-concurso-instituto-federal-do-norte-de-minas-gerais","tag-diamantina","tag-edital-concurso-ifnmg","tag-edital-concurso-instituto-federal-do-norte-de-minas-gerais","tag-emprego-ifnmg","tag-ifnmg","tag-ifnmg-divulga-edital-com-18-vagas-para-cargos-efetivos-de-tecnico-administrativos-em-educacao","tag-instituto-federal-do-norte-de-minas-gerais","tag-janauba","tag-januaria","tag-montes-claros","tag-pirapora","tag-porteirinha","tag-salinas","tag-teofilo-otoni","tag-vagas-ifnmg"],"_links":{"self":[{"href":"https:\/\/aconteceunovale.com.br\/portal\/index.php?rest_route=\/wp\/v2\/posts\/122136","targetHints":{"allow":["GET"]}}],"collection":[{"href":"https:\/\/aconteceunovale.com.br\/portal\/index.php?rest_route=\/wp\/v2\/posts"}],"about":[{"href":"https:\/\/aconteceunovale.com.br\/portal\/index.php?rest_route=\/wp\/v2\/types\/post"}],"author":[{"embeddable":true,"href":"https:\/\/aconteceunovale.com.br\/portal\/index.php?rest_route=\/wp\/v2\/users\/1"}],"replies":[{"embeddable":true,"href":"https:\/\/aconteceunovale.com.br\/portal\/index.php?rest_route=%2Fwp%2Fv2%2Fcomments&post=122136"}],"version-history":[{"count":0,"href":"https:\/\/aconteceunovale.com.br\/portal\/index.php?rest_route=\/wp\/v2\/posts\/122136\/revisions"}],"wp:featuredmedia":[{"embeddable":true,"href":"https:\/\/aconteceunovale.com.br\/portal\/index.php?rest_route=\/wp\/v2\/media\/13951"}],"wp:attachment":[{"href":"https:\/\/aconteceunovale.com.br\/portal\/index.php?rest_route=%2Fwp%2Fv2%2Fmedia&parent=122136"}],"wp:term":[{"taxonomy":"category","embeddable":true,"href":"https:\/\/aconteceunovale.com.br\/portal\/index.php?rest_route=%2Fwp%2Fv2%2Fcategories&post=122136"},{"taxonomy":"post_tag","embeddable":true,"href":"https:\/\/aconteceunovale.com.br\/portal\/index.php?rest_route=%2Fwp%2Fv2%2Ftags&post=122136"}],"curies":[{"name":"wp","href":"https:\/\/api.w.org\/{rel}","templated":true}]}}