{"id":122131,"date":"2017-10-03T15:23:44","date_gmt":"2017-10-03T17:23:44","guid":{"rendered":"http:\/\/aconteceunovale.com.br\/portal\/?p=122131"},"modified":"2017-10-03T15:23:44","modified_gmt":"2017-10-03T17:23:44","slug":"estrutura-desaba-e-deixa-alunos-feridos-em-escola-de-montes-claros","status":"publish","type":"post","link":"https:\/\/aconteceunovale.com.br\/portal\/?p=122131","title":{"rendered":"Estrutura desaba e deixa alunos feridos em escola de Montes Claros"},"content":{"rendered":"<p>Doze alunos da Escola Estadual Carlos Versiani ficaram feridos depois que a estrutura de uma escada cedeu; elas ca\u00edram de uma encosta que fica em uma escada, que tem aproximadamente 1,5 metro.<\/p>\n<p>O local foi isolado e a Defesa Civil foi acionada. As v\u00edtimas t\u00eam entre 11 e 14 anos e foram encaminhadas pelo Samu e Bombeiros para dois hospitais da cidade. A assessoria da Santa Casa informou que umas das v\u00edtimas est\u00e1 em estado grave e respira com a ajuda de aparelhos. Segundo o Samu, os outros alunos tiveram escoria\u00e7\u00f5es e les\u00f5es leves.<\/p>\n<p>\u201cEstamos emitindo um laudo condenado esse local e a parede dever\u00e1 ser derrubada. Juntamente com o Corpo de Bombeiros, vamos indicar um profissional qualificado para acompanhar a reconstru\u00e7\u00e3o e vistoria do local. Nenhum chamado foi feito anteriormente\u201d, disse o Secret\u00e1rio de Defesa Social, Anderson Chaves.<\/p>\n<p>O incidente ocorreu por volta das 9h30 no in\u00edcio do intervalo. Os alunos que n\u00e3o ficaram feridos foram levados para a quadra por quest\u00f5es de seguran\u00e7a e foram liberados com a chegada dos pais.<\/p>\n<p>Segundo a diretora da institui\u00e7\u00e3o, Maria das Neves Lopes, os estudantes geralmente descem em fila pela escada e v\u00e3o para a cantina para receber a merenda. \u201cHoje eles aglomeraram l\u00e1 e acho que algu\u00e9m come\u00e7ou a empurrar, e quem estava no meio da escada for\u00e7ou a parede, que cedeu\u201d.<\/p>\n<p>A diretora explicou ainda que o local j\u00e1 havia apresentado rachaduras na parede. \u201cFoi passado massa de cimento e refor\u00e7ado em todos os lugares que estava rachado. Depois disso ficou tranquilo, a parede cedeu porque os alunos aglomeram e empurram\u201d, explicou.<\/p>\n<p>As aulas foram suspensas nesta ter\u00e7a-feira. Em nota, a Secretaria de Estado de Educa\u00e7\u00e3o lamentou o incidente e disse que a dire\u00e7\u00e3o da unidade est\u00e1 dando todo o suporte para os alunos feridos. A secretaria esclareceu ainda que n\u00e3o h\u00e1 nenhum pedido de reforma desse pr\u00e9dio e que a infraestrutura geral da unidade, de acordo com o \u00faltimo diagn\u00f3stico da escola, encontrava-se em boas condi\u00e7\u00f5es.<\/p>\n<p>\u201cUma equipe da Superintend\u00eancia e da dire\u00e7\u00e3o da unidade est\u00e1 no local reunida com a Defesa Civil, que isolou a \u00e1rea, e Corpo de Bombeiros, para verificar o que pode ser feito de forma emergencial e para apurar as causas e circunst\u00e2ncias do ocorrido\u201d, diz a nota.<\/p>\n<p><img decoding=\"async\" src=\"http:\/\/aconteceunovale.com.br\/portal\/wp-content\/uploads\/2017\/10\/incidente_escola_moc_1.jpg\" alt=\"\" \/><img decoding=\"async\" src=\"http:\/\/aconteceunovale.com.br\/portal\/wp-content\/uploads\/2017\/10\/incidente_escola_moc_2.jpg\" alt=\"\" \/><em>Parede da escada caiu ferindo alunos (Foto: Reprodu\u00e7\u00e3o\/WhatsApp)<\/em><br \/>\n<\/br><\/p>\n<p><strong>VER PRIMEIRO<\/strong><\/p>\n<p>Receba as not\u00edcias do Aconteceu no Vale em primeira m\u00e3o. Clique em curtir no endere\u00e7o <a href=\"https:\/\/www.facebook.com\/aconteceunovale\" target=\"_blank\"><font color=\"red\">www.facebook.com\/aconteceunovale<\/font><\/a> ou no box abaixo:<\/p>\n<div class=\"fb-like\" data-href=\"https:\/\/www.facebook.com\/aconteceunovale\" data-width=\"120\" data-layout=\"standard\" data-action=\"like\" data-size=\"small\" data-show-faces=\"true\" data-share=\"true\"><\/div>\n<p><\/br><\/p>\n<p><em>(Fonte: G1 Grande Minas)<\/em><\/p>\n","protected":false},"excerpt":{"rendered":"<p>Doze alunos da Escola Estadual Carlos Versiani ficaram feridos depois que a estrutura de uma escada cedeu; elas ca\u00edram de uma encosta que fica em uma escada, que tem aproximadamente 1,5 metro. O local foi isolado e a Defesa Civil foi acionada. As v\u00edtimas t\u00eam entre 11 e 14 anos e foram encaminhadas pelo Samu [&hellip;]<\/p>\n","protected":false},"author":1,"featured_media":122132,"comment_status":"open","ping_status":"closed","sticky":false,"template":"","format":"standard","meta":{"amp_status":"","footnotes":""},"categories":[40238,1236],"tags":[161170,161175,161171,161174,161177,1018,161173,161179,161172,161176,161178,210,46147],"class_list":["post-122131","post","type-post","status-publish","format-standard","has-post-thumbnail","hentry","category-educacao-2","category-norte_de_minas","tag-acidente-em-escola-de-montes-claros","tag-acidente-na-escola-estadual-carlos-versiani","tag-alunos-feridos-em-montes-claros","tag-alunos-feridos-na-escola-estadual-carlos-versiani","tag-anderson-chaves","tag-destaque","tag-escola-estadual-carlos-versiani","tag-estrutura-desaba-e-deixa-alunos-feridos-em-escola-de-montes-claros","tag-estudantes-feridos-em-montes-claros","tag-estudantes-feridos-na-escola-estadual-carlos-versiani","tag-maria-das-neves-lopes","tag-montes-claros","tag-secretario-de-defesa-social"],"_links":{"self":[{"href":"https:\/\/aconteceunovale.com.br\/portal\/index.php?rest_route=\/wp\/v2\/posts\/122131","targetHints":{"allow":["GET"]}}],"collection":[{"href":"https:\/\/aconteceunovale.com.br\/portal\/index.php?rest_route=\/wp\/v2\/posts"}],"about":[{"href":"https:\/\/aconteceunovale.com.br\/portal\/index.php?rest_route=\/wp\/v2\/types\/post"}],"author":[{"embeddable":true,"href":"https:\/\/aconteceunovale.com.br\/portal\/index.php?rest_route=\/wp\/v2\/users\/1"}],"replies":[{"embeddable":true,"href":"https:\/\/aconteceunovale.com.br\/portal\/index.php?rest_route=%2Fwp%2Fv2%2Fcomments&post=122131"}],"version-history":[{"count":0,"href":"https:\/\/aconteceunovale.com.br\/portal\/index.php?rest_route=\/wp\/v2\/posts\/122131\/revisions"}],"wp:featuredmedia":[{"embeddable":true,"href":"https:\/\/aconteceunovale.com.br\/portal\/index.php?rest_route=\/wp\/v2\/media\/122132"}],"wp:attachment":[{"href":"https:\/\/aconteceunovale.com.br\/portal\/index.php?rest_route=%2Fwp%2Fv2%2Fmedia&parent=122131"}],"wp:term":[{"taxonomy":"category","embeddable":true,"href":"https:\/\/aconteceunovale.com.br\/portal\/index.php?rest_route=%2Fwp%2Fv2%2Fcategories&post=122131"},{"taxonomy":"post_tag","embeddable":true,"href":"https:\/\/aconteceunovale.com.br\/portal\/index.php?rest_route=%2Fwp%2Fv2%2Ftags&post=122131"}],"curies":[{"name":"wp","href":"https:\/\/api.w.org\/{rel}","templated":true}]}}