{"id":122089,"date":"2017-10-03T00:18:21","date_gmt":"2017-10-03T02:18:21","guid":{"rendered":"http:\/\/aconteceunovale.com.br\/portal\/?p=122089"},"modified":"2017-10-03T00:18:21","modified_gmt":"2017-10-03T02:18:21","slug":"pronatec-oferece-mais-de-mil-vagas-em-21-cursos-profissionalizantes-em-governador-valadares-2","status":"publish","type":"post","link":"https:\/\/aconteceunovale.com.br\/portal\/?p=122089","title":{"rendered":"Pronatec oferece mais de mil vagas em 21 cursos profissionalizantes em Governador Valadares"},"content":{"rendered":"<p>Est\u00e3o abertas as inscri\u00e7\u00f5es para 21 cursos profissionalizantes oferecidos pelo Programa Nacional de Acesso ao Ensino T\u00e9cnico e Emprego (Pronatec), em parceria com Secretaria Municipal de Desenvolvimento (SMDE) e Minist\u00e9rio do Turismo, em Governador Valadares.<\/p>\n<p>S\u00e3o ofertadas 1.100 vagas para cursos gratuitos online. Os interessados devem comparecer na sede da Secretaria de Desenvolvimento para realizar uma pr\u00e9-inscri\u00e7\u00e3o. O hor\u00e1rio de atendimento \u00e9 de 12 \u00e0s 18h e os participantes devem apresentar documento de Identidade, CPF e comprovante de resid\u00eancia. \u00c9 necess\u00e1rio ter acima de 16 anos e est\u00e1 cursando o ensino m\u00e9dio.<\/p>\n<p><strong>Confira as vagas:<\/strong><br \/>\n&#8211; Agente de Gest\u00e3o de Res\u00edduos S\u00f3lidos &#8211; 50<br \/>\n&#8211; Agente de Limpeza Urbana &#8211; 50<br \/>\n&#8211; Assistente Administrativo &#8211; 50<br \/>\n&#8211; Assistente de Faturamento &#8211; 50<br \/>\n&#8211; Assistente de Recursos Humanos &#8211; 50<br \/>\n&#8211; Auxiliar de Laborat\u00f3rio de Saneamento &#8211; 50<br \/>\n&#8211; Editor de Projeto Visual Gr\u00e1fico &#8211; 50<br \/>\n&#8211; Editor de V\u00eddeo &#8211; 50<br \/>\n&#8211; Eletricista de Audiovisual &#8211; 50<br \/>\n&#8211; Espanhol B\u00e1sico &#8211; 50<br \/>\n&#8211; Fot\u00f3grafo &#8211; 60<br \/>\n&#8211; Ilustrador &#8211; 50<br \/>\n&#8211; Ingl\u00eas B\u00e1sico &#8211; 60<br \/>\n&#8211; Introdu\u00e7\u00e3o \u00e0 Interpreta\u00e7\u00e3o em L\u00edngua Brasileira de Sinais (Libras) &#8211; 60<br \/>\n&#8211; L\u00edngua Brasileira de Sinais (Libra) &#8211; B\u00e1sico &#8211; 60<br \/>\n&#8211; Locutor &#8211; Apresentador \u2013 Animador- 50<br \/>\n&#8211; Operador de Aterro Sanit\u00e1rio de Res\u00edduos S\u00f3lidos Urbanos &#8211; 50<br \/>\n&#8211; Produtor de Cerveja &#8211; 50<br \/>\n&#8211; Promotor de Vendas &#8211; 50<br \/>\n&#8211; Recepcionista &#8211; 60<br \/>\n&#8211; Vendedor \u2013 60<\/p>\n<p><strong>VER PRIMEIRO<\/strong><\/p>\n<p>Receba as not\u00edcias do Aconteceu no Vale em primeira m\u00e3o. Clique em curtir no endere\u00e7o <a href=\"https:\/\/www.facebook.com\/aconteceunovale\" target=\"_blank\"><font color=\"red\">www.facebook.com\/aconteceunovale<\/font><\/a> ou no box abaixo:<\/p>\n<div class=\"fb-like\" data-href=\"https:\/\/www.facebook.com\/aconteceunovale\" data-width=\"120\" data-layout=\"standard\" data-action=\"like\" data-size=\"small\" data-show-faces=\"true\" data-share=\"true\"><\/div>\n<p><\/br><\/p>\n<p><em>(Fonte: G1 Vales)<\/em><\/p>\n","protected":false},"excerpt":{"rendered":"<p>Est\u00e3o abertas as inscri\u00e7\u00f5es para 21 cursos profissionalizantes oferecidos pelo Programa Nacional de Acesso ao Ensino T\u00e9cnico e Emprego (Pronatec), em parceria com Secretaria Municipal de Desenvolvimento (SMDE) e Minist\u00e9rio do Turismo, em Governador Valadares. S\u00e3o ofertadas 1.100 vagas para cursos gratuitos online. Os interessados devem comparecer na sede da Secretaria de Desenvolvimento para realizar [&hellip;]<\/p>\n","protected":false},"author":1,"featured_media":116174,"comment_status":"open","ping_status":"closed","sticky":false,"template":"","format":"standard","meta":{"amp_status":"","footnotes":""},"categories":[40238,121],"tags":[247,18800,36144,1296,161115,161113,161116,161114,18801],"class_list":["post-122089","post","type-post","status-publish","format-standard","has-post-thumbnail","hentry","category-educacao-2","category-leste","tag-governador-valadares","tag-gv","tag-programa-nacional-de-acesso-ao-ensino-tecnico-e-emprego","tag-pronatec","tag-pronatec-governador-valadares","tag-pronatec-gv","tag-pronatec-oferece-mais-de-mil-vagas-em-21-cursos-profissionalizantes-em-governador-valadares","tag-pronatec-valadares","tag-valadares"],"_links":{"self":[{"href":"https:\/\/aconteceunovale.com.br\/portal\/index.php?rest_route=\/wp\/v2\/posts\/122089","targetHints":{"allow":["GET"]}}],"collection":[{"href":"https:\/\/aconteceunovale.com.br\/portal\/index.php?rest_route=\/wp\/v2\/posts"}],"about":[{"href":"https:\/\/aconteceunovale.com.br\/portal\/index.php?rest_route=\/wp\/v2\/types\/post"}],"author":[{"embeddable":true,"href":"https:\/\/aconteceunovale.com.br\/portal\/index.php?rest_route=\/wp\/v2\/users\/1"}],"replies":[{"embeddable":true,"href":"https:\/\/aconteceunovale.com.br\/portal\/index.php?rest_route=%2Fwp%2Fv2%2Fcomments&post=122089"}],"version-history":[{"count":0,"href":"https:\/\/aconteceunovale.com.br\/portal\/index.php?rest_route=\/wp\/v2\/posts\/122089\/revisions"}],"wp:featuredmedia":[{"embeddable":true,"href":"https:\/\/aconteceunovale.com.br\/portal\/index.php?rest_route=\/wp\/v2\/media\/116174"}],"wp:attachment":[{"href":"https:\/\/aconteceunovale.com.br\/portal\/index.php?rest_route=%2Fwp%2Fv2%2Fmedia&parent=122089"}],"wp:term":[{"taxonomy":"category","embeddable":true,"href":"https:\/\/aconteceunovale.com.br\/portal\/index.php?rest_route=%2Fwp%2Fv2%2Fcategories&post=122089"},{"taxonomy":"post_tag","embeddable":true,"href":"https:\/\/aconteceunovale.com.br\/portal\/index.php?rest_route=%2Fwp%2Fv2%2Ftags&post=122089"}],"curies":[{"name":"wp","href":"https:\/\/api.w.org\/{rel}","templated":true}]}}