{"id":122083,"date":"2017-10-03T00:05:27","date_gmt":"2017-10-03T02:05:27","guid":{"rendered":"http:\/\/aconteceunovale.com.br\/portal\/?p=122083"},"modified":"2017-10-03T20:23:20","modified_gmt":"2017-10-03T22:23:20","slug":"prefeito-de-pocrane-e-preso-em-operacao-da-policia-civil-e-ministerio-publico","status":"publish","type":"post","link":"https:\/\/aconteceunovale.com.br\/portal\/?p=122083","title":{"rendered":"Prefeito de Pocrane \u00e9 preso em opera\u00e7\u00e3o da Pol\u00edcia Civil e Minist\u00e9rio P\u00fablico"},"content":{"rendered":"<p>O prefeito de Pocrane (MG), \u00c1lvaro de Oliveira Pinto J\u00fanior (PSB), foi preso nesta segunda-feira (02\/10\/2017), durante uma opera\u00e7\u00e3o da Pol\u00edcia Civil e Minist\u00e9rio P\u00fablico Estadual.<\/p>\n<p>A confirma\u00e7\u00e3o da pris\u00e3o foi feita PC, que afirma que o mandado contra o pol\u00edtico refere-se a uma investiga\u00e7\u00e3o de fraude no munic\u00edpio. A pol\u00edcia n\u00e3o repassou maiores detalhes em rala\u00e7\u00e3o a opera\u00e7\u00e3o e que tipo de fraude \u00c1lvaro de Oliveira \u00e9 suspeito, alegando poder atrapalhar as investiga\u00e7\u00f5es.<\/p>\n<p>Na casa do prefeito a pol\u00edcia localizou ainda uma arma calibre 38 e muni\u00e7\u00f5es. Ele tamb\u00e9m recebeu voz de pris\u00e3o por porte ilegal.<\/p>\n<p>A defesa do pol\u00edtico ainda n\u00e3o se manifestou sobre a pris\u00e3o. \u00c1lvaro de Oliveira foi eleito prefeito em 2016 com 51.35% dos votos v\u00e1lidos.<\/p>\n<p><img decoding=\"async\" src=\"http:\/\/aconteceunovale.com.br\/portal\/wp-content\/uploads\/2017\/10\/prisao_prefeito_pocrane.jpg\" alt=\"\" \/><em>Prefeito foi preso nesta segunda (Foto: Super Canal Caratinga)<\/em><br \/>\n<\/br><\/p>\n<h4>Nota do MPMG<\/h4>\n<p><em>O Minist\u00e9rio P\u00fablico de Minas Gerais (MPMG) esclarece que a pris\u00e3o preventiva do prefeito de Pocrane nesta segunda-feira, 2 de outubro, decorre de pedido da Procuradoria de Justi\u00e7a de Combate aos Crimes Praticados por Agentes Pol\u00edticos Municipais, \u00f3rg\u00e3o do MPMG localizado em Belo Horizonte. A pris\u00e3o foi decretada pela 3\u00aa C\u00e2mara Criminal do Tribunal de Justi\u00e7a de Minas Gerais (TJMG). <\/p>\n<p>Na opera\u00e7\u00e3o realizada foram apreendidos uma arma de fogo, muni\u00e7\u00f5es e dinheiro em esp\u00e9cie de proced\u00eancia n\u00e3o esclarecida, al\u00e9m de uma Hilux SW4, que estava sendo negociado em Manhua\u00e7u.<\/p>\n<p>O prefeito, a sua esposa e um empres\u00e1rio s\u00e3o investigados em um procedimento que apura poss\u00edveis il\u00edcitos contra a Administra\u00e7\u00e3o P\u00fablica (desvio de dinheiro p\u00fablico, fraude em licita\u00e7\u00e3o e lavagem de dinheiro). <\/p>\n<p>O chefe do executivo teria contratado com a Transportadora Brothers Ltda., por meio de licita\u00e7\u00f5es fraudadas, servi\u00e7os de transporte escolar e de loca\u00e7\u00e3o de ve\u00edculos, caminh\u00f5es e m\u00e1quinas, vindo, posteriormente, a desviar dinheiro p\u00fablico, lesando o er\u00e1rio municipal.<\/p>\n<p>No pedido de pris\u00e3o preventiva, o MPMG alega que a medida cautelar \u00e9 necess\u00e1ria por haver ind\u00edcios de que o prefeito vinha intimidando testemunhas, o que interfere na apura\u00e7\u00e3o dos fatos.<\/em><\/p>\n<p><strong>VER PRIMEIRO<\/strong><\/p>\n<p>Receba as not\u00edcias do Aconteceu no Vale em primeira m\u00e3o. Clique em curtir no endere\u00e7o <a href=\"https:\/\/www.facebook.com\/aconteceunovale\" target=\"_blank\"><font color=\"red\">www.facebook.com\/aconteceunovale<\/font><\/a> ou no box abaixo:<\/p>\n<div class=\"fb-like\" data-href=\"https:\/\/www.facebook.com\/aconteceunovale\" data-width=\"120\" data-layout=\"standard\" data-action=\"like\" data-size=\"small\" data-show-faces=\"true\" data-share=\"true\"><\/div>\n<p><\/br><\/p>\n<p><em>(Com informa\u00e7\u00f5es do G1 Vales e MPMG)<\/em><\/p>\n","protected":false},"excerpt":{"rendered":"<p>O prefeito de Pocrane (MG), \u00c1lvaro de Oliveira Pinto J\u00fanior (PSB), foi preso nesta segunda-feira (02\/10\/2017), durante uma opera\u00e7\u00e3o da Pol\u00edcia Civil e Minist\u00e9rio P\u00fablico Estadual. A confirma\u00e7\u00e3o da pris\u00e3o foi feita PC, que afirma que o mandado contra o pol\u00edtico refere-se a uma investiga\u00e7\u00e3o de fraude no munic\u00edpio. A pol\u00edcia n\u00e3o repassou maiores detalhes [&hellip;]<\/p>\n","protected":false},"author":1,"featured_media":122084,"comment_status":"open","ping_status":"closed","sticky":false,"template":"","format":"standard","meta":{"amp_status":"","footnotes":""},"categories":[121,40240],"tags":[161109,161111,19674,19675,2147,161108,161112,161110,161107],"class_list":["post-122083","post","type-post","status-publish","format-standard","has-post-thumbnail","hentry","category-leste","category-politica-2","tag-alvaro-de-oliveira-pinto-junior","tag-alvaro-de-oliveira-pinto-junior-e-preso","tag-ministerio-publico-de-minas-gerais","tag-mpmg","tag-pocrane","tag-prefeito-de-pocrane-e-preso","tag-prefeito-de-pocrane-e-preso-em-operacao-da-policia-civil-e-ministerio-publico","tag-prisao-de-alvaro-de-oliveira-pinto-junior","tag-prisao-do-prefeito-de-pocrane"],"_links":{"self":[{"href":"https:\/\/aconteceunovale.com.br\/portal\/index.php?rest_route=\/wp\/v2\/posts\/122083","targetHints":{"allow":["GET"]}}],"collection":[{"href":"https:\/\/aconteceunovale.com.br\/portal\/index.php?rest_route=\/wp\/v2\/posts"}],"about":[{"href":"https:\/\/aconteceunovale.com.br\/portal\/index.php?rest_route=\/wp\/v2\/types\/post"}],"author":[{"embeddable":true,"href":"https:\/\/aconteceunovale.com.br\/portal\/index.php?rest_route=\/wp\/v2\/users\/1"}],"replies":[{"embeddable":true,"href":"https:\/\/aconteceunovale.com.br\/portal\/index.php?rest_route=%2Fwp%2Fv2%2Fcomments&post=122083"}],"version-history":[{"count":0,"href":"https:\/\/aconteceunovale.com.br\/portal\/index.php?rest_route=\/wp\/v2\/posts\/122083\/revisions"}],"wp:featuredmedia":[{"embeddable":true,"href":"https:\/\/aconteceunovale.com.br\/portal\/index.php?rest_route=\/wp\/v2\/media\/122084"}],"wp:attachment":[{"href":"https:\/\/aconteceunovale.com.br\/portal\/index.php?rest_route=%2Fwp%2Fv2%2Fmedia&parent=122083"}],"wp:term":[{"taxonomy":"category","embeddable":true,"href":"https:\/\/aconteceunovale.com.br\/portal\/index.php?rest_route=%2Fwp%2Fv2%2Fcategories&post=122083"},{"taxonomy":"post_tag","embeddable":true,"href":"https:\/\/aconteceunovale.com.br\/portal\/index.php?rest_route=%2Fwp%2Fv2%2Ftags&post=122083"}],"curies":[{"name":"wp","href":"https:\/\/api.w.org\/{rel}","templated":true}]}}