{"id":122075,"date":"2017-10-02T22:37:31","date_gmt":"2017-10-03T00:37:31","guid":{"rendered":"http:\/\/aconteceunovale.com.br\/portal\/?p=122075"},"modified":"2017-10-02T22:37:31","modified_gmt":"2017-10-03T00:37:31","slug":"incendio-destroi-ambulancia-do-municipio-de-botumirim","status":"publish","type":"post","link":"https:\/\/aconteceunovale.com.br\/portal\/?p=122075","title":{"rendered":"Inc\u00eandio destr\u00f3i ambul\u00e2ncia do munic\u00edpio de Botumirim"},"content":{"rendered":"<p>Uma ambul\u00e2ncia da Prefeitura de Botumirim pegou fogo na manh\u00e3 desta segunda-feira (02\/10\/2017), na LMG-655, perto de Ad\u00e3o Colares. De acordo com o chefe de transportes de sa\u00fade do munic\u00edpio, Valdeci Ramos, ele e cinco pacientes estavam indo para Gr\u00e3o Mogol quando o motor come\u00e7ou a pegar fogo. Todos conseguiram descer do ve\u00edculo e ningu\u00e9m se feriu.<\/p>\n<p>As causas do inc\u00eandio ainda ser\u00e3o investigadas, mas de acordo com a Pol\u00edcia Militar, o motorista da ambul\u00e2ncia suspeita de uma pane el\u00e9trica. Uma empresa de reflorestamento chegou a ceder um caminh\u00e3o pipa para ajudar no combate ao fogo, mas o ve\u00edculo j\u00e1 estava destru\u00eddo quando o socorro chegou. A prefeitura de Botumirim cedeu dois carros e os pacientes foram levados para atendimento, segundo o chefe e transportes. <\/p>\n<p><img decoding=\"async\" src=\"http:\/\/aconteceunovale.com.br\/portal\/wp-content\/uploads\/2017\/10\/incendio_botumirim_1.jpg\" alt=\"\" \/><\/p>\n<p><img decoding=\"async\" src=\"http:\/\/aconteceunovale.com.br\/portal\/wp-content\/uploads\/2017\/10\/incendio_botumirim_2.jpg\" alt=\"\" \/><br \/>\n<\/br><\/p>\n<p><strong>VER PRIMEIRO<\/strong><\/p>\n<p>Receba as not\u00edcias do Aconteceu no Vale em primeira m\u00e3o. Clique em curtir no endere\u00e7o <a href=\"https:\/\/www.facebook.com\/aconteceunovale\" target=\"_blank\"><font color=\"red\">www.facebook.com\/aconteceunovale<\/font><\/a> ou no box abaixo:<\/p>\n<div class=\"fb-like\" data-href=\"https:\/\/www.facebook.com\/aconteceunovale\" data-width=\"120\" data-layout=\"standard\" data-action=\"like\" data-size=\"small\" data-show-faces=\"true\" data-share=\"true\"><\/div>\n<p><\/br><\/p>\n<p><em>(Fonte: G1 Grande Minas \/ Fotos: Reprodu\u00e7\u00e3o WhatsApp)<\/em><\/p>\n","protected":false},"excerpt":{"rendered":"<p>Uma ambul\u00e2ncia da Prefeitura de Botumirim pegou fogo na manh\u00e3 desta segunda-feira (02\/10\/2017), na LMG-655, perto de Ad\u00e3o Colares. De acordo com o chefe de transportes de sa\u00fade do munic\u00edpio, Valdeci Ramos, ele e cinco pacientes estavam indo para Gr\u00e3o Mogol quando o motor come\u00e7ou a pegar fogo. Todos conseguiram descer do ve\u00edculo e ningu\u00e9m [&hellip;]<\/p>\n","protected":false},"author":1,"featured_media":122077,"comment_status":"open","ping_status":"closed","sticky":false,"template":"","format":"standard","meta":{"amp_status":"","footnotes":""},"categories":[1236],"tags":[161096,1714,1018,161098,161100,161099,161101,161102,161103,161097,45810],"class_list":["post-122075","post","type-post","status-publish","format-standard","has-post-thumbnail","hentry","category-norte_de_minas","tag-adao-colares","tag-botumirim","tag-destaque","tag-incendio-ambulancia-adao-colares","tag-incendio-ambulancia-de-botumirim","tag-incendio-com-ambulancia-da-prefeitura-de-botumirim","tag-incendio-destroi-ambulancia-da-prefeitura-de-botumirim","tag-incendio-destroi-ambulancia-de-botumirim","tag-incendio-destroi-ambulancia-do-municipio-de-botumirim","tag-incendio-perto-de-adao-colares","tag-prefeitura-de-botumirim"],"_links":{"self":[{"href":"https:\/\/aconteceunovale.com.br\/portal\/index.php?rest_route=\/wp\/v2\/posts\/122075","targetHints":{"allow":["GET"]}}],"collection":[{"href":"https:\/\/aconteceunovale.com.br\/portal\/index.php?rest_route=\/wp\/v2\/posts"}],"about":[{"href":"https:\/\/aconteceunovale.com.br\/portal\/index.php?rest_route=\/wp\/v2\/types\/post"}],"author":[{"embeddable":true,"href":"https:\/\/aconteceunovale.com.br\/portal\/index.php?rest_route=\/wp\/v2\/users\/1"}],"replies":[{"embeddable":true,"href":"https:\/\/aconteceunovale.com.br\/portal\/index.php?rest_route=%2Fwp%2Fv2%2Fcomments&post=122075"}],"version-history":[{"count":0,"href":"https:\/\/aconteceunovale.com.br\/portal\/index.php?rest_route=\/wp\/v2\/posts\/122075\/revisions"}],"wp:featuredmedia":[{"embeddable":true,"href":"https:\/\/aconteceunovale.com.br\/portal\/index.php?rest_route=\/wp\/v2\/media\/122077"}],"wp:attachment":[{"href":"https:\/\/aconteceunovale.com.br\/portal\/index.php?rest_route=%2Fwp%2Fv2%2Fmedia&parent=122075"}],"wp:term":[{"taxonomy":"category","embeddable":true,"href":"https:\/\/aconteceunovale.com.br\/portal\/index.php?rest_route=%2Fwp%2Fv2%2Fcategories&post=122075"},{"taxonomy":"post_tag","embeddable":true,"href":"https:\/\/aconteceunovale.com.br\/portal\/index.php?rest_route=%2Fwp%2Fv2%2Ftags&post=122075"}],"curies":[{"name":"wp","href":"https:\/\/api.w.org\/{rel}","templated":true}]}}