{"id":122068,"date":"2017-10-02T22:17:28","date_gmt":"2017-10-03T00:17:28","guid":{"rendered":"http:\/\/aconteceunovale.com.br\/portal\/?p=122068"},"modified":"2017-10-02T22:17:28","modified_gmt":"2017-10-03T00:17:28","slug":"vereador-de-janauba-capota-veiculo-apos-passar-mal","status":"publish","type":"post","link":"https:\/\/aconteceunovale.com.br\/portal\/?p=122068","title":{"rendered":"Vereador de Jana\u00faba capota ve\u00edculo ap\u00f3s passar mal"},"content":{"rendered":"<p>Um vereador de Jana\u00faba, de 55 anos, ficou ferido em um acidente na tarde desse domingo (1\u00ba de outubro), na AMG-900. Ele contou aos militares que seguia sentido Balne\u00e1rio Bico da Pedra para Jana\u00faba quando sentiu um mal s\u00fabito e perdeu o controle do ve\u00edculo em uma curva.<\/p>\n<p>O carro bateu na grade de prote\u00e7\u00e3o da rodovia, em um barranco e capotou. De acordo com a Pol\u00edcia Militar, Jos\u00e9 Luiz dos Santos Pereira teve ferimentos leves e foi socorrido pelo Samu. Ele foi encaminhado ao hospital e j\u00e1 recebeu alta.<\/p>\n<p><img decoding=\"async\" src=\"http:\/\/aconteceunovale.com.br\/portal\/wp-content\/uploads\/2017\/10\/acidente_vereador_janauba.jpg\" alt=\"\" \/><em>Vereador teve ferimentos leves (Foto: Pol\u00edcia Militar\/Divulga\u00e7\u00e3o)<\/em><br \/>\n<\/br><\/p>\n<p><strong>VER PRIMEIRO<\/strong><\/p>\n<p>Receba as not\u00edcias do Aconteceu no Vale em primeira m\u00e3o. Clique em curtir no endere\u00e7o <a href=\"https:\/\/www.facebook.com\/aconteceunovale\" target=\"_blank\"><font color=\"red\">www.facebook.com\/aconteceunovale<\/font><\/a> ou no box abaixo:<\/p>\n<div class=\"fb-like\" data-href=\"https:\/\/www.facebook.com\/aconteceunovale\" data-width=\"120\" data-layout=\"standard\" data-action=\"like\" data-size=\"small\" data-show-faces=\"true\" data-share=\"true\"><\/div>\n<p><\/br><\/p>\n<p><em>(Fonte: G1 Grande Minas)<\/em><\/p>\n","protected":false},"excerpt":{"rendered":"<p>Um vereador de Jana\u00faba, de 55 anos, ficou ferido em um acidente na tarde desse domingo (1\u00ba de outubro), na AMG-900. Ele contou aos militares que seguia sentido Balne\u00e1rio Bico da Pedra para Jana\u00faba quando sentiu um mal s\u00fabito e perdeu o controle do ve\u00edculo em uma curva. O carro bateu na grade de prote\u00e7\u00e3o [&hellip;]<\/p>\n","protected":false},"author":1,"featured_media":122069,"comment_status":"open","ping_status":"closed","sticky":false,"template":"","format":"standard","meta":{"amp_status":"","footnotes":""},"categories":[1236],"tags":[161005,112606,161087,204,161086,161088],"class_list":["post-122068","post","type-post","status-publish","format-standard","has-post-thumbnail","hentry","category-norte_de_minas","tag-acidente-com-vereador-de-janauba","tag-acidente-janauba","tag-acidente-vereador-de-janauba","tag-janauba","tag-jose-luiz-dos-santos-pereira","tag-vereador-de-janauba-capota-veiculo-apos-passar-mal"],"_links":{"self":[{"href":"https:\/\/aconteceunovale.com.br\/portal\/index.php?rest_route=\/wp\/v2\/posts\/122068","targetHints":{"allow":["GET"]}}],"collection":[{"href":"https:\/\/aconteceunovale.com.br\/portal\/index.php?rest_route=\/wp\/v2\/posts"}],"about":[{"href":"https:\/\/aconteceunovale.com.br\/portal\/index.php?rest_route=\/wp\/v2\/types\/post"}],"author":[{"embeddable":true,"href":"https:\/\/aconteceunovale.com.br\/portal\/index.php?rest_route=\/wp\/v2\/users\/1"}],"replies":[{"embeddable":true,"href":"https:\/\/aconteceunovale.com.br\/portal\/index.php?rest_route=%2Fwp%2Fv2%2Fcomments&post=122068"}],"version-history":[{"count":0,"href":"https:\/\/aconteceunovale.com.br\/portal\/index.php?rest_route=\/wp\/v2\/posts\/122068\/revisions"}],"wp:featuredmedia":[{"embeddable":true,"href":"https:\/\/aconteceunovale.com.br\/portal\/index.php?rest_route=\/wp\/v2\/media\/122069"}],"wp:attachment":[{"href":"https:\/\/aconteceunovale.com.br\/portal\/index.php?rest_route=%2Fwp%2Fv2%2Fmedia&parent=122068"}],"wp:term":[{"taxonomy":"category","embeddable":true,"href":"https:\/\/aconteceunovale.com.br\/portal\/index.php?rest_route=%2Fwp%2Fv2%2Fcategories&post=122068"},{"taxonomy":"post_tag","embeddable":true,"href":"https:\/\/aconteceunovale.com.br\/portal\/index.php?rest_route=%2Fwp%2Fv2%2Ftags&post=122068"}],"curies":[{"name":"wp","href":"https:\/\/api.w.org\/{rel}","templated":true}]}}