{"id":122065,"date":"2017-10-02T22:09:58","date_gmt":"2017-10-03T00:09:58","guid":{"rendered":"http:\/\/aconteceunovale.com.br\/portal\/?p=122065"},"modified":"2017-10-02T22:09:58","modified_gmt":"2017-10-03T00:09:58","slug":"tratorista-que-provocou-acidente-e-matou-tres-pessoas-no-norte-de-minas-estava-embriagado","status":"publish","type":"post","link":"https:\/\/aconteceunovale.com.br\/portal\/?p=122065","title":{"rendered":"Tratorista que provocou acidente e matou tr\u00eas pessoas no Norte de Minas estava embriagado"},"content":{"rendered":"<p>Dois homens, de 20 e 84 anos, e uma crian\u00e7a, de 11, morreram em acidente envolvendo um carro e um trator na BR-135, em Montalv\u00e2nia, na noite desse domingo (01\/10\/2017). Duas mulheres, de 19 e 40 anos, ficaram feridas e foram encaminhas pelo Samu ao hospital de Manga.<\/p>\n<p>A jovem de 19 anos est\u00e1 gr\u00e1vida de sete meses. Segundo os bombeiros, as v\u00edtimas estavam no carro que foi atingido frontalmente pelo trator. A Pol\u00edcia Militar informou que o tratorista, de 39, estava embriagado e n\u00e3o era habilitado para conduzir ve\u00edculo agr\u00edcola. Ele foi preso em flagrante e encaminhado \u00e0 delegacia de Janu\u00e1ria. O resultado do teste do baf\u00f4metro foi de 1,27 miligramas de \u00e1lcool por litro de ar expelido.<\/p>\n<p>O carro, com placas de Manga, seguia no sentido Povoado Monte Rei para Montalv\u00e2nia e o trator seguia no sentido contr\u00e1rio quando houve a colis\u00e3o. As causas do acidente ser\u00e3o investigadas pela Pol\u00edcia Civil.<\/p>\n<p>Dois corpos ficaram presos \u00e0s ferragens e foram retirados pelos bombeiros de Janu\u00e1ria. As mulheres feridas foram atendidas no hospital de Manga e transferidas para uma Unidade de Sa\u00fade de Montes Claros. <\/p>\n<p>Segundo a PM, a pista ficou parcialmente interditada por cerca de 8h e liberada na madrugada desta segunda-feira (2).<\/p>\n<p><img decoding=\"async\" src=\"http:\/\/aconteceunovale.com.br\/portal\/wp-content\/uploads\/2017\/10\/acidente_trator.jpg\" alt=\"\" \/><em>Acidente aconteceu na BR-135 (Foto: Corpo de Bombeiros\/Divulga\u00e7\u00e3o)<\/em><br \/>\n<\/br><\/p>\n<p><strong>VER PRIMEIRO<\/strong><\/p>\n<p>Receba as not\u00edcias do Aconteceu no Vale em primeira m\u00e3o. Clique em curtir no endere\u00e7o <a href=\"https:\/\/www.facebook.com\/aconteceunovale\" target=\"_blank\"><font color=\"red\">www.facebook.com\/aconteceunovale<\/font><\/a> ou no box abaixo:<\/p>\n<div class=\"fb-like\" data-href=\"https:\/\/www.facebook.com\/aconteceunovale\" data-width=\"120\" data-layout=\"standard\" data-action=\"like\" data-size=\"small\" data-show-faces=\"true\" data-share=\"true\"><\/div>\n<p><\/br><\/p>\n<p><em>(Com informa\u00e7\u00f5es do G1 Grande Minas)<\/em><\/p>\n","protected":false},"excerpt":{"rendered":"<p>Dois homens, de 20 e 84 anos, e uma crian\u00e7a, de 11, morreram em acidente envolvendo um carro e um trator na BR-135, em Montalv\u00e2nia, na noite desse domingo (01\/10\/2017). Duas mulheres, de 19 e 40 anos, ficaram feridas e foram encaminhas pelo Samu ao hospital de Manga. A jovem de 19 anos est\u00e1 gr\u00e1vida [&hellip;]<\/p>\n","protected":false},"author":1,"featured_media":122066,"comment_status":"open","ping_status":"closed","sticky":false,"template":"","format":"standard","meta":{"amp_status":"","footnotes":""},"categories":[1236],"tags":[161002,161005,18467,26608,9852,159560,161003,161001,161004,23192,161008,31360,645,1018,1153,204,205,161007,1356,1709,161085,73056,161006],"class_list":["post-122065","post","type-post","status-publish","format-standard","has-post-thumbnail","hentry","category-norte_de_minas","tag-acidente-com-trator-em-montalvania","tag-acidente-com-vereador-de-janauba","tag-acidente-em-bocaiuva","tag-acidente-em-grao-mogol","tag-acidente-em-janauba","tag-acidente-em-montalvania","tag-acidente-em-rodovia-do-norte-de-minas","tag-acidente-entre-carro-e-trator-em-montalvania","tag-acidente-entre-grao-mogol-e-vale-das-cancelas","tag-acidente-no-norte-de-minas","tag-acidentes-deixam-quatro-mortos-e-nove-feridos-no-norte-de-minas","tag-acidentes-no-norte-de-minas","tag-bocaiuva","tag-destaque","tag-grao-mogol","tag-janauba","tag-januaria","tag-jose-luiz-dos-santos-perreira","tag-manga","tag-montalvania","tag-tratorista-que-provocou-acidente-e-matou-tres-pessoas-no-norte-de-minas-estava-embriagado","tag-vale-das-cancelas","tag-vereador-de-janauba"],"_links":{"self":[{"href":"https:\/\/aconteceunovale.com.br\/portal\/index.php?rest_route=\/wp\/v2\/posts\/122065","targetHints":{"allow":["GET"]}}],"collection":[{"href":"https:\/\/aconteceunovale.com.br\/portal\/index.php?rest_route=\/wp\/v2\/posts"}],"about":[{"href":"https:\/\/aconteceunovale.com.br\/portal\/index.php?rest_route=\/wp\/v2\/types\/post"}],"author":[{"embeddable":true,"href":"https:\/\/aconteceunovale.com.br\/portal\/index.php?rest_route=\/wp\/v2\/users\/1"}],"replies":[{"embeddable":true,"href":"https:\/\/aconteceunovale.com.br\/portal\/index.php?rest_route=%2Fwp%2Fv2%2Fcomments&post=122065"}],"version-history":[{"count":0,"href":"https:\/\/aconteceunovale.com.br\/portal\/index.php?rest_route=\/wp\/v2\/posts\/122065\/revisions"}],"wp:featuredmedia":[{"embeddable":true,"href":"https:\/\/aconteceunovale.com.br\/portal\/index.php?rest_route=\/wp\/v2\/media\/122066"}],"wp:attachment":[{"href":"https:\/\/aconteceunovale.com.br\/portal\/index.php?rest_route=%2Fwp%2Fv2%2Fmedia&parent=122065"}],"wp:term":[{"taxonomy":"category","embeddable":true,"href":"https:\/\/aconteceunovale.com.br\/portal\/index.php?rest_route=%2Fwp%2Fv2%2Fcategories&post=122065"},{"taxonomy":"post_tag","embeddable":true,"href":"https:\/\/aconteceunovale.com.br\/portal\/index.php?rest_route=%2Fwp%2Fv2%2Ftags&post=122065"}],"curies":[{"name":"wp","href":"https:\/\/api.w.org\/{rel}","templated":true}]}}