{"id":122062,"date":"2017-10-02T22:01:07","date_gmt":"2017-10-03T00:01:07","guid":{"rendered":"http:\/\/aconteceunovale.com.br\/portal\/?p=122062"},"modified":"2017-10-02T22:01:07","modified_gmt":"2017-10-03T00:01:07","slug":"capotamentos-de-veiculos-deixam-um-morto-e-cinco-feridos-no-norte-de-minas-2","status":"publish","type":"post","link":"https:\/\/aconteceunovale.com.br\/portal\/?p=122062","title":{"rendered":"Capotamentos de ve\u00edculos deixam um morto e cinco feridos no Norte de Minas"},"content":{"rendered":"<p>Um homem de 30 anos morreu e duas pessoas, entre elas uma crian\u00e7a, ficaram feridas em um acidente na estrada que liga Gr\u00e3o Mogol ao Distrito Vale das Cancelas, nesse domingo (1\u00ba de outubro de 2017). De acordo com a Pol\u00edcia Militar, as v\u00edtimas estavam em um carro que capotou. N\u00e3o se sabe as causas do acidente. O motorista de 28 anos e uma crian\u00e7a, de 5, foram socorridos e levados ao hospital de Salinas.<\/p>\n<p>Com o impacto, o passageiro foi arremessado do carro e o corpo dele ficou preso na janela. Uma ambul\u00e2ncia do Samu de Crist\u00e1lia foi ao local.<\/p>\n<p><img decoding=\"async\" src=\"http:\/\/aconteceunovale.com.br\/portal\/wp-content\/uploads\/2017\/10\/acidente_nm_2_1.jpg\" alt=\"\" \/><em>Um homem de 30 anos morreu no acidente (Foto: Pol\u00edcia Militar\/Divulga\u00e7\u00e3o)<\/em><br \/>\n<\/br><\/p>\n<h4>LMG-651, munic\u00edpio de Bocaiuva<\/h4>\n<p>Em Bocaiuva, dois homens, de 41 e 40 anos, e uma crian\u00e7a, de 10, ficaram feridas em um acidente na LMG-651, nesse domingo (1\u00ba de outubro de 2017). De acordo com a Pol\u00edcia Militar, as v\u00edtimas seguiam de Guaraciama para Bocaiuva quando o carro capotou em uma curva.<\/p>\n<p>Com o impacto, o ve\u00edculo teve danos generalizados. As v\u00edtimas foram socorridas pelo Samu e levadas at\u00e9 o hospital de Bocaiuva. De acordo com a pol\u00edcia, o condutor do carro precisou ser transferido para a Santa Casa de Montes Claros. Ele permanece internado em estado grave.<\/p>\n<p><img decoding=\"async\" src=\"http:\/\/aconteceunovale.com.br\/portal\/wp-content\/uploads\/2017\/10\/acidente_nm_2_2.jpg\" alt=\"\" \/><em>Acidente aconteceu na LMG-651 (Foto: Pol\u00edcia Militar\/Divulga\u00e7\u00e3o)<\/em><br \/>\n<\/br><\/p>\n<p><strong>VER PRIMEIRO<\/strong><\/p>\n<p>Receba as not\u00edcias do Aconteceu no Vale em primeira m\u00e3o. Clique em curtir no endere\u00e7o <a href=\"https:\/\/www.facebook.com\/aconteceunovale\" target=\"_blank\"><font color=\"red\">www.facebook.com\/aconteceunovale<\/font><\/a> ou no box abaixo:<\/p>\n<div class=\"fb-like\" data-href=\"https:\/\/www.facebook.com\/aconteceunovale\" data-width=\"120\" data-layout=\"standard\" data-action=\"like\" data-size=\"small\" data-show-faces=\"true\" data-share=\"true\"><\/div>\n<p><\/br><\/p>\n<p><em>(Fonte: G1 Grande Minas)<\/em><\/p>\n","protected":false},"excerpt":{"rendered":"<p>Um homem de 30 anos morreu e duas pessoas, entre elas uma crian\u00e7a, ficaram feridas em um acidente na estrada que liga Gr\u00e3o Mogol ao Distrito Vale das Cancelas, nesse domingo (1\u00ba de outubro de 2017). De acordo com a Pol\u00edcia Militar, as v\u00edtimas estavam em um carro que capotou. N\u00e3o se sabe as causas [&hellip;]<\/p>\n","protected":false},"author":1,"featured_media":122059,"comment_status":"open","ping_status":"closed","sticky":false,"template":"","format":"standard","meta":{"amp_status":"","footnotes":""},"categories":[1236],"tags":[161079,18467,26608,161004,161082,161084,161077,645,161081,161080,161083,1153,1694,161076,161078,73056],"class_list":["post-122062","post","type-post","status-publish","format-standard","has-post-thumbnail","hentry","category-norte_de_minas","tag-acidente-com-carro-na-lmg-651","tag-acidente-em-bocaiuva","tag-acidente-em-grao-mogol","tag-acidente-entre-grao-mogol-e-vale-das-cancelas","tag-acidente-entre-guaraciama-e-bocaiuva","tag-acidente-na-estrada-que-liga-grao-mogol-ao-distrito-vale-das-cancelas","tag-acidente-na-lmg-651","tag-bocaiuva","tag-capotamento-de-veiculo-em-bocaiuva","tag-capotamento-na-lmg-651","tag-capotamentos-de-veiculos-deixam-um-morto-e-cinco-feridos-no-norte-de-minas","tag-grao-mogol","tag-guaraciama","tag-lmg-651","tag-municipio-de-bocaiuva","tag-vale-das-cancelas"],"_links":{"self":[{"href":"https:\/\/aconteceunovale.com.br\/portal\/index.php?rest_route=\/wp\/v2\/posts\/122062","targetHints":{"allow":["GET"]}}],"collection":[{"href":"https:\/\/aconteceunovale.com.br\/portal\/index.php?rest_route=\/wp\/v2\/posts"}],"about":[{"href":"https:\/\/aconteceunovale.com.br\/portal\/index.php?rest_route=\/wp\/v2\/types\/post"}],"author":[{"embeddable":true,"href":"https:\/\/aconteceunovale.com.br\/portal\/index.php?rest_route=\/wp\/v2\/users\/1"}],"replies":[{"embeddable":true,"href":"https:\/\/aconteceunovale.com.br\/portal\/index.php?rest_route=%2Fwp%2Fv2%2Fcomments&post=122062"}],"version-history":[{"count":0,"href":"https:\/\/aconteceunovale.com.br\/portal\/index.php?rest_route=\/wp\/v2\/posts\/122062\/revisions"}],"wp:featuredmedia":[{"embeddable":true,"href":"https:\/\/aconteceunovale.com.br\/portal\/index.php?rest_route=\/wp\/v2\/media\/122059"}],"wp:attachment":[{"href":"https:\/\/aconteceunovale.com.br\/portal\/index.php?rest_route=%2Fwp%2Fv2%2Fmedia&parent=122062"}],"wp:term":[{"taxonomy":"category","embeddable":true,"href":"https:\/\/aconteceunovale.com.br\/portal\/index.php?rest_route=%2Fwp%2Fv2%2Fcategories&post=122062"},{"taxonomy":"post_tag","embeddable":true,"href":"https:\/\/aconteceunovale.com.br\/portal\/index.php?rest_route=%2Fwp%2Fv2%2Ftags&post=122062"}],"curies":[{"name":"wp","href":"https:\/\/api.w.org\/{rel}","templated":true}]}}