{"id":122050,"date":"2017-10-02T21:26:05","date_gmt":"2017-10-02T23:26:05","guid":{"rendered":"http:\/\/aconteceunovale.com.br\/portal\/?p=122050"},"modified":"2017-10-02T21:26:05","modified_gmt":"2017-10-02T23:26:05","slug":"temporal-tomba-avioes-e-causa-destruicao-em-aeroporto-de-para-de-minas","status":"publish","type":"post","link":"https:\/\/aconteceunovale.com.br\/portal\/?p=122050","title":{"rendered":"Temporal tomba avi\u00f5es e causa destrui\u00e7\u00e3o em aeroporto de Par\u00e1 de Minas"},"content":{"rendered":"<p>Bastou pouco tempo de chuva, para v\u00e1rios preju\u00edzos serem causados em Par\u00e1 de Minas, na Regi\u00e3o Centro-Oeste do Estado. Os ventos fortes, que acompanharam o temporal, provocaram danos no aeroporto da cidade. Dois hangares foram danificados e aeronaves tombaram. Ningu\u00e9m ficou ferido. O Corpo de Bombeiros tamb\u00e9m registrou outras ocorr\u00eancias no munic\u00edpio.<\/p>\n<p>Os preju\u00edzos foram grandes no aeroporto de Par\u00e1 de Minas. A estrutura de dois hangares n\u00e3o aguentaram os ventos fortes e cederam. As ferragens atingiram aeronaves, que foram danificadas. A ventania tamb\u00e9m viraram ao menos dois avi\u00f5es. Um deles ficou com as rodas para o alto.<\/p>\n<p>De acordo com J\u00falio Oliveira, procurador-geral do munic\u00edpio, os preju\u00edzos est\u00e3o sendo contabilizados. \u201cFoi uma forte tromba d&#8217;\u00e1gua que atingiu o local. O hangar veio a cair e atingiu algumas aeronaves. Como se trata de bens privados, ainda estamos aguardando as informa\u00e7\u00f5es do preju\u00edzo. Ainda est\u00e1 sendo feita a limpeza. Nosso aer\u00f3dromo tem todos os requisitos de seguran\u00e7a\u201d, explicou.<\/p>\n<p>De acordo com o Corpo de Bombeiros, o temporal r\u00e1pido iniciou por volta das 13h40. Mesmo em pouco tempo, v\u00e1rias ocorr\u00eancias foram registradas. As mais comuns foram por quedas de \u00e1rvores, alguns sobre carros, e destelhamento de casas. <\/p>\n<p>\u201cForam aproximadamente 10 minutos de temporal que provocou esses problemas. Alguns im\u00f3veis foram destelhados, como escolas, a garagem da prefeitura. Galhos tamb\u00e9m atingiram a rede el\u00e9trica e deixaram fam\u00edlias sem energia el\u00e9trica\u201d, disse J\u00falio Oliveira. \u201cMobilizamos toda a equipe da secretaria de obras. Estamos fazendo os levantamentos para resolver os danos. Gra\u00e7as a Deus n\u00e3o tivemos v\u00edtimas\u201d, completou o procurador.<\/p>\n<p><img decoding=\"async\" src=\"http:\/\/aconteceunovale.com.br\/portal\/wp-content\/uploads\/2017\/10\/temporal_paraminas_1.jpg\" alt=\"\" \/><em>Avi\u00e3o ficou com as rodas para o alto durante o temporal (Foto: Reprodu\u00e7\u00e3o\/WhatsApp)<\/em><br \/>\n<\/br><\/p>\n<p><img decoding=\"async\" src=\"http:\/\/aconteceunovale.com.br\/portal\/wp-content\/uploads\/2017\/10\/temporal_paraminas_2.jpg\" alt=\"\" \/><em>Estrutura de hangar caiu sobre aeronave durante a chuva (Foto: Reprodu\u00e7\u00e3o\/WhatsApp)<\/em><br \/>\n<\/br><\/p>\n<p><img decoding=\"async\" src=\"http:\/\/aconteceunovale.com.br\/portal\/wp-content\/uploads\/2017\/10\/temporal_paraminas_3.jpg\" alt=\"\" \/><em>As estruturas foram jogadas na pista (Foto: Reprodu\u00e7\u00e3o\/WhatsApp)<\/em><br \/>\n<\/br><\/p>\n<p><strong>VER PRIMEIRO<\/strong><\/p>\n<p>Receba as not\u00edcias do Aconteceu no Vale em primeira m\u00e3o. Clique em curtir no endere\u00e7o <a href=\"https:\/\/www.facebook.com\/aconteceunovale\" target=\"_blank\"><font color=\"red\">www.facebook.com\/aconteceunovale<\/font><\/a> ou no box abaixo:<\/p>\n<div class=\"fb-like\" data-href=\"https:\/\/www.facebook.com\/aconteceunovale\" data-width=\"120\" data-layout=\"standard\" data-action=\"like\" data-size=\"small\" data-show-faces=\"true\" data-share=\"true\"><\/div>\n<p><\/br><\/p>\n<p><em>(Fonte: Estado de Minas \/ Rep\u00f3rter: Jo\u00e3o Henrique do Vale)<\/em><\/p>\n","protected":false},"excerpt":{"rendered":"<p>Bastou pouco tempo de chuva, para v\u00e1rios preju\u00edzos serem causados em Par\u00e1 de Minas, na Regi\u00e3o Centro-Oeste do Estado. Os ventos fortes, que acompanharam o temporal, provocaram danos no aeroporto da cidade. Dois hangares foram danificados e aeronaves tombaram. Ningu\u00e9m ficou ferido. O Corpo de Bombeiros tamb\u00e9m registrou outras ocorr\u00eancias no munic\u00edpio. Os preju\u00edzos foram [&hellip;]<\/p>\n","protected":false},"author":1,"featured_media":122051,"comment_status":"open","ping_status":"closed","sticky":false,"template":"","format":"standard","meta":{"amp_status":"","footnotes":""},"categories":[1236],"tags":[161067,1018,161071,161070,962,161069,161068,161072],"class_list":["post-122050","post","type-post","status-publish","format-standard","has-post-thumbnail","hentry","category-norte_de_minas","tag-chuva-em-para-de-minas","tag-destaque","tag-destruicao-em-aeroporto-de-para-de-minas","tag-forte-chuva-em-para-de-minas","tag-para-de-minas","tag-tempestade-em-para-de-minas","tag-temporal-em-para-de-minas","tag-temporal-tomba-avioes-e-causa-destruicao-em-aeroporto-de-para-de-minas"],"_links":{"self":[{"href":"https:\/\/aconteceunovale.com.br\/portal\/index.php?rest_route=\/wp\/v2\/posts\/122050","targetHints":{"allow":["GET"]}}],"collection":[{"href":"https:\/\/aconteceunovale.com.br\/portal\/index.php?rest_route=\/wp\/v2\/posts"}],"about":[{"href":"https:\/\/aconteceunovale.com.br\/portal\/index.php?rest_route=\/wp\/v2\/types\/post"}],"author":[{"embeddable":true,"href":"https:\/\/aconteceunovale.com.br\/portal\/index.php?rest_route=\/wp\/v2\/users\/1"}],"replies":[{"embeddable":true,"href":"https:\/\/aconteceunovale.com.br\/portal\/index.php?rest_route=%2Fwp%2Fv2%2Fcomments&post=122050"}],"version-history":[{"count":0,"href":"https:\/\/aconteceunovale.com.br\/portal\/index.php?rest_route=\/wp\/v2\/posts\/122050\/revisions"}],"wp:featuredmedia":[{"embeddable":true,"href":"https:\/\/aconteceunovale.com.br\/portal\/index.php?rest_route=\/wp\/v2\/media\/122051"}],"wp:attachment":[{"href":"https:\/\/aconteceunovale.com.br\/portal\/index.php?rest_route=%2Fwp%2Fv2%2Fmedia&parent=122050"}],"wp:term":[{"taxonomy":"category","embeddable":true,"href":"https:\/\/aconteceunovale.com.br\/portal\/index.php?rest_route=%2Fwp%2Fv2%2Fcategories&post=122050"},{"taxonomy":"post_tag","embeddable":true,"href":"https:\/\/aconteceunovale.com.br\/portal\/index.php?rest_route=%2Fwp%2Fv2%2Ftags&post=122050"}],"curies":[{"name":"wp","href":"https:\/\/api.w.org\/{rel}","templated":true}]}}