{"id":122041,"date":"2017-10-02T20:28:58","date_gmt":"2017-10-02T22:28:58","guid":{"rendered":"http:\/\/aconteceunovale.com.br\/portal\/?p=122041"},"modified":"2017-10-02T20:29:17","modified_gmt":"2017-10-02T22:29:17","slug":"mps-recomendam-reassentamento-de-comunidades-que-vivem-abaixo-da-barragem-de-rejeitos-do-projeto-minas-rio","status":"publish","type":"post","link":"https:\/\/aconteceunovale.com.br\/portal\/?p=122041","title":{"rendered":"MPF e MPMG recomendam reassentamento de comunidades que vivem abaixo da barragem de rejeitos do projeto Minas-Rio"},"content":{"rendered":"<p>A fim de proteger os direitos de comunidades da regi\u00e3o central do estado, o Minist\u00e9rio P\u00fablico Federal (MPF\/MG) e o Minist\u00e9rio P\u00fablico de Minas Gerais (MPMG) expediram recomenda\u00e7\u00e3o conjunta ao estado de Minas Gerais e \u00e0 mineradora Anglo American. O objetivo da recomenda\u00e7\u00e3o \u00e9 que sejam adotadas medidas no \u00e2mbito do processo de licenciamento do projeto de amplia\u00e7\u00e3o de explora\u00e7\u00e3o e transporte de min\u00e9rio de ferro da empresa, nos munic\u00edpios de Concei\u00e7\u00e3o de Mato Dentro, Alvorada de Minas e Dom Joaquim. <\/p>\n<p>O licenciamento diz respeito \u00e0 extens\u00e3o da Mina do Sapo, parte do Projeto Minas-Rio, e prev\u00ea a implanta\u00e7\u00e3o, entre outras estruturas, do primeiro alteamento da barragem de rejeitos e de quatro diques de conten\u00e7\u00e3o de sedimentos.<\/p>\n<p>A recomenda\u00e7\u00e3o requer que o estado, por meio da Secretaria de Meio Ambiente e Desenvolvimento Sustent\u00e1vel (Semad), obrigue a empreendedora a efetivar: a remo\u00e7\u00e3o de pessoas atingidas das comunidades de S\u00e3o Jos\u00e9 do Jass\u00e9m, Passa Sete e \u00c1gua Quente, por meio de indeniza\u00e7\u00e3o assegurada em negocia\u00e7\u00e3o fundi\u00e1ria e\/ou por meio de reassentamento; o direito de participa\u00e7\u00e3o dos atingidos nos levantamentos dos cadastros fundi\u00e1rio, social e patrimonial, nos planos de negocia\u00e7\u00e3o fundi\u00e1ria e\/ou de reassentamento; e o direito de assessoria t\u00e9cnica independente, de car\u00e1ter multidisciplinar, escolhida pelos atingidos e custeada pela empresa.<\/p>\n<p><img decoding=\"async\" src=\"http:\/\/aconteceunovale.com.br\/portal\/wp-content\/uploads\/2017\/10\/assentamento_minasrio.jpg\" alt=\"\" \/><em>Comunidade na regi\u00e3o da barragem (Foto: MPF\/MG)<\/em><br \/>\n<\/br><\/p>\n<p><strong>VER PRIMEIRO<\/strong><\/p>\n<p>Receba as not\u00edcias do Aconteceu no Vale em primeira m\u00e3o. Clique em curtir no endere\u00e7o <a href=\"https:\/\/www.facebook.com\/aconteceunovale\" target=\"_blank\"><font color=\"red\">www.facebook.com\/aconteceunovale<\/font><\/a> ou no box abaixo:<\/p>\n<div class=\"fb-like\" data-href=\"https:\/\/www.facebook.com\/aconteceunovale\" data-width=\"120\" data-layout=\"standard\" data-action=\"like\" data-size=\"small\" data-show-faces=\"true\" data-share=\"true\"><\/div>\n<p><\/br><\/p>\n<p><em>(Fonte: MPF\/MG)<\/em><\/p>\n","protected":false},"excerpt":{"rendered":"<p>A fim de proteger os direitos de comunidades da regi\u00e3o central do estado, o Minist\u00e9rio P\u00fablico Federal (MPF\/MG) e o Minist\u00e9rio P\u00fablico de Minas Gerais (MPMG) expediram recomenda\u00e7\u00e3o conjunta ao estado de Minas Gerais e \u00e0 mineradora Anglo American. O objetivo da recomenda\u00e7\u00e3o \u00e9 que sejam adotadas medidas no \u00e2mbito do processo de licenciamento do [&hellip;]<\/p>\n","protected":false},"author":1,"featured_media":122042,"comment_status":"open","ping_status":"closed","sticky":false,"template":"","format":"standard","meta":{"amp_status":"","footnotes":""},"categories":[123],"tags":[158643,161049,972,537,161045,161046,161044,156118,775,156123,32641,18534,18887,161050,19675,161042,161048,34843,161043,161047],"class_list":["post-122041","post","type-post","status-publish","format-standard","has-post-thumbnail","hentry","category-gerais","tag-afetados-pelo-projeto-minas-rio","tag-agua-quente","tag-alvorada-de-minas","tag-anglo-american","tag-barragem-de-rejeitos-do-projeto-minas-rio","tag-barragem-do-projeto-minas-rio","tag-comunidades-que-vivem-abaixo-da-barragem-de-rejeitos-do-projeto-minas-rio","tag-conceicao-de-mato-dentro","tag-dom-joaquim","tag-mina-do-sapo","tag-minas-rio","tag-mineradora-anglo-american","tag-mpf","tag-mpf-e-mpmg-recomendam-reassentamento-de-comunidades-que-vivem-abaixo-da-barragem-de-rejeitos-do-projeto-minas-rio","tag-mpmg","tag-mps-recomendam-reassentamento-de-comunidades-que-vivem-abaixo-da-barragem-de-rejeitos-do-projeto-minas-rio","tag-passa-sete","tag-projeto-minas-rio","tag-reassentamento-de-comunidades-que-vivem-abaixo-da-barragem-de-rejeitos-do-projeto-minas-rio","tag-sao-jose-do-jassem"],"_links":{"self":[{"href":"https:\/\/aconteceunovale.com.br\/portal\/index.php?rest_route=\/wp\/v2\/posts\/122041","targetHints":{"allow":["GET"]}}],"collection":[{"href":"https:\/\/aconteceunovale.com.br\/portal\/index.php?rest_route=\/wp\/v2\/posts"}],"about":[{"href":"https:\/\/aconteceunovale.com.br\/portal\/index.php?rest_route=\/wp\/v2\/types\/post"}],"author":[{"embeddable":true,"href":"https:\/\/aconteceunovale.com.br\/portal\/index.php?rest_route=\/wp\/v2\/users\/1"}],"replies":[{"embeddable":true,"href":"https:\/\/aconteceunovale.com.br\/portal\/index.php?rest_route=%2Fwp%2Fv2%2Fcomments&post=122041"}],"version-history":[{"count":0,"href":"https:\/\/aconteceunovale.com.br\/portal\/index.php?rest_route=\/wp\/v2\/posts\/122041\/revisions"}],"wp:featuredmedia":[{"embeddable":true,"href":"https:\/\/aconteceunovale.com.br\/portal\/index.php?rest_route=\/wp\/v2\/media\/122042"}],"wp:attachment":[{"href":"https:\/\/aconteceunovale.com.br\/portal\/index.php?rest_route=%2Fwp%2Fv2%2Fmedia&parent=122041"}],"wp:term":[{"taxonomy":"category","embeddable":true,"href":"https:\/\/aconteceunovale.com.br\/portal\/index.php?rest_route=%2Fwp%2Fv2%2Fcategories&post=122041"},{"taxonomy":"post_tag","embeddable":true,"href":"https:\/\/aconteceunovale.com.br\/portal\/index.php?rest_route=%2Fwp%2Fv2%2Ftags&post=122041"}],"curies":[{"name":"wp","href":"https:\/\/api.w.org\/{rel}","templated":true}]}}