{"id":122039,"date":"2017-10-02T20:21:02","date_gmt":"2017-10-02T22:21:02","guid":{"rendered":"http:\/\/aconteceunovale.com.br\/portal\/?p=122039"},"modified":"2017-10-02T20:21:02","modified_gmt":"2017-10-02T22:21:02","slug":"audiencia-publica-em-almenara-discute-implantacao-de-apac","status":"publish","type":"post","link":"https:\/\/aconteceunovale.com.br\/portal\/?p=122039","title":{"rendered":"Audi\u00eancia p\u00fablica em Almenara discute implanta\u00e7\u00e3o de Apac"},"content":{"rendered":"<p>Ser\u00e1 realizada no dia 5 de outubro, \u00e0s 19h, em Almenara, audi\u00eancia p\u00fablica visando \u00e0 implanta\u00e7\u00e3o da Associa\u00e7\u00e3o de Prote\u00e7\u00e3o e Assist\u00eancia aos Condenados (Apac) na comarca. O evento ser\u00e1 na C\u00e2mara Municipal de Almenara, localizada na Pra\u00e7a Benedito Valadares, 28, Centro. O objetivo \u00e9 sensibilizar e mobilizar autoridades, lideran\u00e7as e comunidade por meio da divulga\u00e7\u00e3o de experi\u00eancias bem-sucedidas das Apacs j\u00e1 em funcionamento em Minas. Na oportunidade, ser\u00e3o abordados os aspectos jur\u00eddicos e sociais relativos aos princ\u00edpios gerais da metodologia apaquiana.<\/p>\n<p>A audi\u00eancia p\u00fablica \u00e9 uma iniciativa do Tribunal de Justi\u00e7a de Minas Gerais, por meio do programa Novos Rumos, e \u00e9 um dos passos para a instala\u00e7\u00e3o de uma Apac. Conforme explicou o juiz do Juizado Especial e diretor do foro da Comarca de Almenara, Dimas Ramom Esper, a ideia da constru\u00e7\u00e3o da Apac decorreu, primordialmente, de dois fatores importantes: escalada da criminalidade e superlota\u00e7\u00e3o do pres\u00eddio local.<\/p>\n<p>Ainda conforme o magistrado, outras iniciativas anteriores nesse sentido j\u00e1 haviam sido capitaneadas por promotores de justi\u00e7a, mas, \u00e0 \u00e9poca, n\u00e3o houve possibilidade de prosseguir com o projeto. Informou que, assim que tomou posse em Almenara, no in\u00edcio de 2015, realizou reuni\u00f5es com profissionais que atuam no meio forense e com representantes de entidades religiosas e civis para se discutir a possibilidade de implanta\u00e7\u00e3o de uma unidade na comarca.<\/p>\n<p>Hoje, continuou o juiz, a Apac de Almenara j\u00e1 possui registro no cart\u00f3rio, CNPJ, conta banc\u00e1ria e est\u00e1 filiada \u00e0 Fraternidade Brasileira de Assist\u00eancia aos Condenados (FBAC). A prefeitura j\u00e1 cedeu o uso do terreno onde o pr\u00e9dio ser\u00e1 constru\u00eddo. Al\u00e9m disso, os detentos do pres\u00eddio que trabalham para obter remi\u00e7\u00e3o j\u00e1 produziram mais de 3 mil blocos, que dever\u00e3o ser utilizados nas obras. O projeto arquitet\u00f4nico tamb\u00e9m j\u00e1 est\u00e1 sendo finalizado por um engenheiro civil que est\u00e1 prestando seus servi\u00e7os gratuitamente.<\/p>\n<p>O juiz Dimas Esper j\u00e1 realizou duas visitas \u00e0 Apac de Pedra Azul, acompanhado de v\u00e1rios vereadores e de outros membros colaboradores da sociedade civil. \u201cAo que se percebe, tem havido grande ades\u00e3o social aos prop\u00f3sitos da entidade\u201d, ressaltou.<\/p>\n<p>Al\u00e9m de representantes do TJMG, a audi\u00eancia p\u00fablica vai contar com a participa\u00e7\u00e3o de colaboradores, integrantes do Minist\u00e9rio P\u00fablico, do Executivo, do Legislativo, ma\u00e7onarias, Rotary, associa\u00e7\u00f5es comerciais, representantes de institui\u00e7\u00f5es banc\u00e1rias, Pol\u00edcia Militar, Pol\u00edcia Civil, empres\u00e1rios, servidores p\u00fablicos, membros de institui\u00e7\u00f5es religiosas, entre outros.<\/p>\n<p><strong>Conhe\u00e7a a Apac<\/strong><\/p>\n<p>A Apac \u00e9 uma entidade civil dedicada \u00e0 recupera\u00e7\u00e3o e reintegra\u00e7\u00e3o social das pessoas condenadas a penas privativas de liberdade. Sua metodologia baseia-se na valoriza\u00e7\u00e3o humana, promovendo a humaniza\u00e7\u00e3o do cumprimento da pena, sem perder de vista a finalidade punitiva da condena\u00e7\u00e3o. Entre os v\u00e1rios pontos positivos da metodologia destaca-se o baixo \u00edndice de reincid\u00eancia.<\/p>\n<p>Atualmente, h\u00e1 39 Apacs em funcionamento em Minas Gerais, entre unidades femininas e masculinas. H\u00e1 tamb\u00e9m unidades implantadas em outros estados do Brasil e em v\u00e1rios pa\u00edses.<\/p>\n<p><strong>VER PRIMEIRO<\/strong><\/p>\n<p>Receba as not\u00edcias do Aconteceu no Vale em primeira m\u00e3o. Clique em curtir no endere\u00e7o <a href=\"https:\/\/www.facebook.com\/aconteceunovale\" target=\"_blank\"><font color=\"red\">www.facebook.com\/aconteceunovale<\/font><\/a> ou no box abaixo:<\/p>\n<div class=\"fb-like\" data-href=\"https:\/\/www.facebook.com\/aconteceunovale\" data-width=\"120\" data-layout=\"standard\" data-action=\"like\" data-size=\"small\" data-show-faces=\"true\" data-share=\"true\"><\/div>\n<p><\/br><\/p>\n<p><em>(Fonte: TJMG)<\/em><\/p>\n","protected":false},"excerpt":{"rendered":"<p>Ser\u00e1 realizada no dia 5 de outubro, \u00e0s 19h, em Almenara, audi\u00eancia p\u00fablica visando \u00e0 implanta\u00e7\u00e3o da Associa\u00e7\u00e3o de Prote\u00e7\u00e3o e Assist\u00eancia aos Condenados (Apac) na comarca. O evento ser\u00e1 na C\u00e2mara Municipal de Almenara, localizada na Pra\u00e7a Benedito Valadares, 28, Centro. O objetivo \u00e9 sensibilizar e mobilizar autoridades, lideran\u00e7as e comunidade por meio da [&hellip;]<\/p>\n","protected":false},"author":1,"featured_media":80303,"comment_status":"open","ping_status":"closed","sticky":false,"template":"","format":"standard","meta":{"amp_status":"","footnotes":""},"categories":[120],"tags":[142,161036,161040,161035,161033,42545,161037,1018,161039,161038,161034,96495,270,92646],"class_list":["post-122039","post","type-post","status-publish","format-standard","has-post-thumbnail","hentry","category-jequi","tag-almenara","tag-apac-de-almenara","tag-apac-de-pedra-azul","tag-apac-em-almenara","tag-audiencia-publica-em-almenara","tag-camara-municipal-de-almenara","tag-comarca-de-almenara","tag-destaque","tag-dimas-esper","tag-dimas-ramom-esper","tag-implantacao-de-apac-em-almenara","tag-programa-novos-rumos","tag-tjmg","tag-tribunal-de-justica-de-minas-gerais"],"_links":{"self":[{"href":"https:\/\/aconteceunovale.com.br\/portal\/index.php?rest_route=\/wp\/v2\/posts\/122039","targetHints":{"allow":["GET"]}}],"collection":[{"href":"https:\/\/aconteceunovale.com.br\/portal\/index.php?rest_route=\/wp\/v2\/posts"}],"about":[{"href":"https:\/\/aconteceunovale.com.br\/portal\/index.php?rest_route=\/wp\/v2\/types\/post"}],"author":[{"embeddable":true,"href":"https:\/\/aconteceunovale.com.br\/portal\/index.php?rest_route=\/wp\/v2\/users\/1"}],"replies":[{"embeddable":true,"href":"https:\/\/aconteceunovale.com.br\/portal\/index.php?rest_route=%2Fwp%2Fv2%2Fcomments&post=122039"}],"version-history":[{"count":0,"href":"https:\/\/aconteceunovale.com.br\/portal\/index.php?rest_route=\/wp\/v2\/posts\/122039\/revisions"}],"wp:featuredmedia":[{"embeddable":true,"href":"https:\/\/aconteceunovale.com.br\/portal\/index.php?rest_route=\/wp\/v2\/media\/80303"}],"wp:attachment":[{"href":"https:\/\/aconteceunovale.com.br\/portal\/index.php?rest_route=%2Fwp%2Fv2%2Fmedia&parent=122039"}],"wp:term":[{"taxonomy":"category","embeddable":true,"href":"https:\/\/aconteceunovale.com.br\/portal\/index.php?rest_route=%2Fwp%2Fv2%2Fcategories&post=122039"},{"taxonomy":"post_tag","embeddable":true,"href":"https:\/\/aconteceunovale.com.br\/portal\/index.php?rest_route=%2Fwp%2Fv2%2Ftags&post=122039"}],"curies":[{"name":"wp","href":"https:\/\/api.w.org\/{rel}","templated":true}]}}