{"id":121706,"date":"2017-09-25T00:38:50","date_gmt":"2017-09-25T02:38:50","guid":{"rendered":"http:\/\/aconteceunovale.com.br\/portal\/?p=121706"},"modified":"2026-09-02T13:51:48","modified_gmt":"2026-09-02T16:51:48","slug":"pai-sequestra-o-proprio-filho-em-turmalina-e-acaba-preso-apos-perseguicao-em-bocaiuva","status":"publish","type":"post","link":"https:\/\/aconteceunovale.com.br\/portal\/?p=121706","title":{"rendered":"Pai sequestra o pr\u00f3prio filho em Turmalina e acaba preso ap\u00f3s persegui\u00e7\u00e3o em Bocaiuva"},"content":{"rendered":"<p>O sequestro de uma crian\u00e7a de 11 anos, pelo pr\u00f3prio pai, por sorte n\u00e3o termina de forma tr\u00e1gica. O menino foi levado de sua casa em Turmalina, no Vale do Jequitinhonha, e resgatado na tarde de sexta-feira (22\/09\/2017) depois de uma perigosa fuga do homem, C.A.B, de 37, por vias de Bocaiuva, no Norte de Minas.<\/p>\n<p>A persegui\u00e7\u00e3o policial come\u00e7ou quando ao volante de um ve\u00edculo Celta, de cor branca, C.A.B passou pela Pra\u00e7a Wandick Dumont em velocidade e quase atingiu viaturas policiais paradas no local. Como os vidros do carro eram escuros, inicialmente nem se percebeu que havia uma crian\u00e7a. <\/p>\n<p>Equipes policiais iniciaram o acompanhamento do autom\u00f3vel suspeito. Alguns metros \u00e0 frente, o condutor parou em um sem\u00e1foro, mas quando percebeu a aproxima\u00e7\u00e3o dos militares, fez uma manobra arriscada e fugiu. No trajeto, o Celta teve os pneus furados, mas o motorista s\u00f3 parou quando estava na rodovia MGT 451, depois de perder o controle do ve\u00edculo. <\/p>\n<p>Os militares ouviram ent\u00e3o gritos do menino de dentro do carro e pediu que o pai libertasse a crian\u00e7a, o que foi permitido. No entanto, foi necess\u00e1rio acionar uma equipe de negocia\u00e7\u00f5es do GEPAR para que ocorresse a rendi\u00e7\u00e3o do homem, que foi preso em flagrante.<\/p>\n<p><img decoding=\"async\" src=\"http:\/\/aconteceunovale.com.br\/portal\/wp-content\/uploads\/2017\/09\/preso_bocaiuva2.jpg\" alt=\"\" \/><em>Homem foi preso ao tentar fugir com o filho de 11 anos (Foto: D\u00e9lio Pinheiro\/Inter TV)<\/em><br \/>\n<\/br><\/p>\n<h4>Guarda compartilhada<\/h4>\n<p>O homem, segundo a Pol\u00edcia Civil, tem a guarda compartilhada da crian\u00e7a, mas se negava a devolver o filho \u00e0 m\u00e3e desde a quarta-feira (20). Ele \u00e9 de Bocaiuva e estava viajando com a crian\u00e7a por v\u00e1rias cidades da regi\u00e3o.<\/p>\n<p>\u201cAcreditamos que ele tentou fugir por achar que a m\u00e3e da crian\u00e7a j\u00e1 havia acionado a pol\u00edcia sobre o sequestro. Ele ser\u00e1 autuado, pelo menos, por sequestro e dire\u00e7\u00e3o perigosa\u201d, informou o delegado Leonardo Diniz ao G1.<\/p>\n<p><strong>VER PRIMEIRO<\/strong><\/p>\n<p>Receba as not\u00edcias do Aconteceu no Vale em primeira m\u00e3o. Clique em curtir no endere\u00e7o <a href=\"https:\/\/www.facebook.com\/aconteceunovale\" target=\"_blank\"><font color=\"red\">www.facebook.com\/aconteceunovale<\/font><\/a> ou no box abaixo:<\/p>\n<div class=\"fb-like\" data-href=\"https:\/\/www.facebook.com\/aconteceunovale\" data-width=\"120\" data-layout=\"standard\" data-action=\"like\" data-size=\"small\" data-show-faces=\"true\" data-share=\"true\"><\/div>\n<p><\/br><\/p>\n<p><em>(Com informa\u00e7\u00f5es do Estado de Minas e G1 Grande Minas)<\/em><\/p>\n","protected":false},"excerpt":{"rendered":"<p>O sequestro de uma crian\u00e7a de 11 anos, pelo pr\u00f3prio pai, por sorte n\u00e3o termina de forma tr\u00e1gica. O menino foi levado de sua casa em Turmalina, no Vale do Jequitinhonha, e resgatado na tarde de sexta-feira (22\/09\/2017) depois de uma perigosa fuga do homem, C.A.B, de 37, por vias de Bocaiuva, no Norte de [&hellip;]<\/p>\n","protected":false},"author":1,"featured_media":121707,"comment_status":"open","ping_status":"closed","sticky":false,"template":"","format":"standard","meta":{"amp_status":"","footnotes":""},"categories":[1236,272576,120],"tags":[645,160470,160468,160471,160467,128348,160469,160473,160472,178],"class_list":["post-121706","post","type-post","status-publish","format-standard","has-post-thumbnail","hentry","category-norte_de_minas","category-turmalina","category-jequi","tag-bocaiuva","tag-fuga-da-pm-em-bocaiuva","tag-homem-preso-em-bocaiuva","tag-pai-sequestra-o-proprio-filho-em-turmalina","tag-pai-sequestra-o-proprio-filho-em-turmalina-e-acaba-preso-apos-perseguicao-em-bocaiuva","tag-preso-em-bocaiuva","tag-sequestro-bocaiuva","tag-sequestro-de-crianca-em-turmalina","tag-sequestro-turmalina","tag-turmalina"],"yoast_head":"<!-- This site is optimized with the Yoast SEO plugin v28.3 - https:\/\/yoast.com\/product\/yoast-seo-wordpress\/ -->\n<title>Pai sequestra o pr\u00f3prio filho em Turmalina e acaba preso ap\u00f3s persegui\u00e7\u00e3o em Bocaiuva - Aconteceu no Vale<\/title>\n<meta name=\"robots\" content=\"index, follow, max-snippet:-1, max-image-preview:large, max-video-preview:-1\" \/>\n<link rel=\"canonical\" href=\"https:\/\/aconteceunovale.com.br\/portal\/?p=121706\" \/>\n<meta property=\"og:locale\" content=\"pt_BR\" \/>\n<meta property=\"og:type\" content=\"article\" \/>\n<meta property=\"og:title\" content=\"Pai sequestra o pr\u00f3prio filho em Turmalina e acaba preso ap\u00f3s persegui\u00e7\u00e3o em Bocaiuva - Aconteceu no Vale\" \/>\n<meta property=\"og:description\" content=\"O sequestro de uma crian\u00e7a de 11 anos, pelo pr\u00f3prio pai, por sorte n\u00e3o termina de forma tr\u00e1gica. O menino foi levado de sua casa em Turmalina, no Vale do Jequitinhonha, e resgatado na tarde de sexta-feira (22\/09\/2017) depois de uma perigosa fuga do homem, C.A.B, de 37, por vias de Bocaiuva, no Norte de [&hellip;]\" \/>\n<meta property=\"og:url\" content=\"https:\/\/aconteceunovale.com.br\/portal\/?p=121706\" \/>\n<meta property=\"og:site_name\" content=\"Aconteceu no Vale\" \/>\n<meta property=\"article:publisher\" content=\"https:\/\/www.facebook.com\/aconteceunovale\/\" \/>\n<meta property=\"article:published_time\" content=\"2017-09-25T02:38:50+00:00\" \/>\n<meta property=\"article:modified_time\" content=\"2026-09-02T16:51:48+00:00\" \/>\n<meta property=\"og:image\" content=\"https:\/\/aconteceunovale.com.br\/portal\/wp-content\/uploads\/2017\/09\/preso_bocaiuva2.jpg\" \/>\n\t<meta property=\"og:image:width\" content=\"661\" \/>\n\t<meta property=\"og:image:height\" content=\"450\" \/>\n\t<meta property=\"og:image:type\" content=\"image\/jpeg\" \/>\n<meta name=\"author\" content=\"Aconteceu no Vale\" \/>\n<meta name=\"twitter:card\" content=\"summary_large_image\" \/>\n<meta name=\"twitter:creator\" content=\"@noticiadosvales\" \/>\n<meta name=\"twitter:site\" content=\"@noticiadosvales\" \/>\n<meta name=\"twitter:label1\" content=\"Escrito por\" \/>\n\t<meta name=\"twitter:data1\" content=\"Aconteceu no Vale\" \/>\n\t<meta name=\"twitter:label2\" content=\"Est. tempo de leitura\" \/>\n\t<meta name=\"twitter:data2\" content=\"2 minutos\" \/>\n<script type=\"application\/ld+json\" class=\"yoast-schema-graph\">{\"@context\":\"https:\\\/\\\/schema.org\",\"@graph\":[{\"@type\":\"Article\",\"@id\":\"https:\\\/\\\/aconteceunovale.com.br\\\/portal\\\/?p=121706#article\",\"isPartOf\":{\"@id\":\"https:\\\/\\\/aconteceunovale.com.br\\\/portal\\\/?p=121706\"},\"author\":{\"name\":\"Aconteceu no Vale\",\"@id\":\"https:\\\/\\\/aconteceunovale.com.br\\\/portal\\\/#\\\/schema\\\/person\\\/633529146f2c94272bef50ac2953d589\"},\"headline\":\"Pai sequestra o pr\u00f3prio filho em Turmalina e acaba preso ap\u00f3s persegui\u00e7\u00e3o em Bocaiuva\",\"datePublished\":\"2017-09-25T02:38:50+00:00\",\"dateModified\":\"2026-09-02T16:51:48+00:00\",\"mainEntityOfPage\":{\"@id\":\"https:\\\/\\\/aconteceunovale.com.br\\\/portal\\\/?p=121706\"},\"wordCount\":380,\"commentCount\":0,\"image\":{\"@id\":\"https:\\\/\\\/aconteceunovale.com.br\\\/portal\\\/?p=121706#primaryimage\"},\"thumbnailUrl\":\"https:\\\/\\\/aconteceunovale.com.br\\\/portal\\\/wp-content\\\/uploads\\\/2017\\\/09\\\/preso_bocaiuva2.jpg\",\"keywords\":[\"Bocai\u00fava\",\"Fuga da PM em Bocaiuva\",\"Homem preso em Bocaiuva\",\"Pai sequestra o pr\u00f3prio filho em Turmalina\",\"Pai sequestra o pr\u00f3prio filho em Turmalina e acaba preso ap\u00f3s persegui\u00e7\u00e3o em Bocaiuva\",\"Preso em Bocaiuva\",\"Sequestro Bocaiuva\",\"Sequestro de crian\u00e7a em Turmalina\",\"Sequestro Turmalina\",\"Turmalina\"],\"articleSection\":[\"Norte de Minas\",\"Turmalina\",\"Vale do Jequitinhonha\"],\"inLanguage\":\"pt-BR\",\"potentialAction\":[{\"@type\":\"CommentAction\",\"name\":\"Comment\",\"target\":[\"https:\\\/\\\/aconteceunovale.com.br\\\/portal\\\/?p=121706#respond\"]}]},{\"@type\":\"WebPage\",\"@id\":\"https:\\\/\\\/aconteceunovale.com.br\\\/portal\\\/?p=121706\",\"url\":\"https:\\\/\\\/aconteceunovale.com.br\\\/portal\\\/?p=121706\",\"name\":\"Pai sequestra o pr\u00f3prio filho em Turmalina e acaba preso ap\u00f3s persegui\u00e7\u00e3o em Bocaiuva - Aconteceu no Vale\",\"isPartOf\":{\"@id\":\"https:\\\/\\\/aconteceunovale.com.br\\\/portal\\\/#website\"},\"primaryImageOfPage\":{\"@id\":\"https:\\\/\\\/aconteceunovale.com.br\\\/portal\\\/?p=121706#primaryimage\"},\"image\":{\"@id\":\"https:\\\/\\\/aconteceunovale.com.br\\\/portal\\\/?p=121706#primaryimage\"},\"thumbnailUrl\":\"https:\\\/\\\/aconteceunovale.com.br\\\/portal\\\/wp-content\\\/uploads\\\/2017\\\/09\\\/preso_bocaiuva2.jpg\",\"datePublished\":\"2017-09-25T02:38:50+00:00\",\"dateModified\":\"2026-09-02T16:51:48+00:00\",\"author\":{\"@id\":\"https:\\\/\\\/aconteceunovale.com.br\\\/portal\\\/#\\\/schema\\\/person\\\/633529146f2c94272bef50ac2953d589\"},\"breadcrumb\":{\"@id\":\"https:\\\/\\\/aconteceunovale.com.br\\\/portal\\\/?p=121706#breadcrumb\"},\"inLanguage\":\"pt-BR\",\"potentialAction\":[{\"@type\":\"ReadAction\",\"target\":[\"https:\\\/\\\/aconteceunovale.com.br\\\/portal\\\/?p=121706\"]}]},{\"@type\":\"ImageObject\",\"inLanguage\":\"pt-BR\",\"@id\":\"https:\\\/\\\/aconteceunovale.com.br\\\/portal\\\/?p=121706#primaryimage\",\"url\":\"https:\\\/\\\/aconteceunovale.com.br\\\/portal\\\/wp-content\\\/uploads\\\/2017\\\/09\\\/preso_bocaiuva2.jpg\",\"contentUrl\":\"https:\\\/\\\/aconteceunovale.com.br\\\/portal\\\/wp-content\\\/uploads\\\/2017\\\/09\\\/preso_bocaiuva2.jpg\",\"width\":661,\"height\":450},{\"@type\":\"BreadcrumbList\",\"@id\":\"https:\\\/\\\/aconteceunovale.com.br\\\/portal\\\/?p=121706#breadcrumb\",\"itemListElement\":[{\"@type\":\"ListItem\",\"position\":1,\"name\":\"In\u00edcio\",\"item\":\"https:\\\/\\\/aconteceunovale.com.br\\\/portal\\\/\"},{\"@type\":\"ListItem\",\"position\":2,\"name\":\"Pai sequestra o pr\u00f3prio filho em Turmalina e acaba preso ap\u00f3s persegui\u00e7\u00e3o em Bocaiuva\"}]},{\"@type\":\"WebSite\",\"@id\":\"https:\\\/\\\/aconteceunovale.com.br\\\/portal\\\/#website\",\"url\":\"https:\\\/\\\/aconteceunovale.com.br\\\/portal\\\/\",\"name\":\"Aconteceu no Vale\",\"description\":\"Portal de Not\u00edcias\",\"potentialAction\":[{\"@type\":\"SearchAction\",\"target\":{\"@type\":\"EntryPoint\",\"urlTemplate\":\"https:\\\/\\\/aconteceunovale.com.br\\\/portal\\\/?s={search_term_string}\"},\"query-input\":{\"@type\":\"PropertyValueSpecification\",\"valueRequired\":true,\"valueName\":\"search_term_string\"}}],\"inLanguage\":\"pt-BR\"},{\"@type\":\"Person\",\"@id\":\"https:\\\/\\\/aconteceunovale.com.br\\\/portal\\\/#\\\/schema\\\/person\\\/633529146f2c94272bef50ac2953d589\",\"name\":\"Aconteceu no Vale\",\"description\":\"Equipe de reportagem do Aconteceu no Vale, portal de not\u00edcias do Vale do Jequitinhonha, em Minas Gerais. Cobrimos as 51 cidades do Vale desde 2013. Sugest\u00f5es de pauta e pedidos de corre\u00e7\u00e3o: contato@aconteceunovale.com.br\",\"sameAs\":[\"http:\\\/\\\/www.aconteceunovale.com.br\"],\"url\":\"https:\\\/\\\/aconteceunovale.com.br\\\/portal\\\/?author=1\"}]}<\/script>\n<!-- \/ Yoast SEO plugin. -->","yoast_head_json":{"title":"Pai sequestra o pr\u00f3prio filho em Turmalina e acaba preso ap\u00f3s persegui\u00e7\u00e3o em Bocaiuva - Aconteceu no Vale","robots":{"index":"index","follow":"follow","max-snippet":"max-snippet:-1","max-image-preview":"max-image-preview:large","max-video-preview":"max-video-preview:-1"},"canonical":"https:\/\/aconteceunovale.com.br\/portal\/?p=121706","og_locale":"pt_BR","og_type":"article","og_title":"Pai sequestra o pr\u00f3prio filho em Turmalina e acaba preso ap\u00f3s persegui\u00e7\u00e3o em Bocaiuva - Aconteceu no Vale","og_description":"O sequestro de uma crian\u00e7a de 11 anos, pelo pr\u00f3prio pai, por sorte n\u00e3o termina de forma tr\u00e1gica. O menino foi levado de sua casa em Turmalina, no Vale do Jequitinhonha, e resgatado na tarde de sexta-feira (22\/09\/2017) depois de uma perigosa fuga do homem, C.A.B, de 37, por vias de Bocaiuva, no Norte de [&hellip;]","og_url":"https:\/\/aconteceunovale.com.br\/portal\/?p=121706","og_site_name":"Aconteceu no Vale","article_publisher":"https:\/\/www.facebook.com\/aconteceunovale\/","article_published_time":"2017-09-25T02:38:50+00:00","article_modified_time":"2026-09-02T16:51:48+00:00","og_image":[{"width":661,"height":450,"url":"https:\/\/aconteceunovale.com.br\/portal\/wp-content\/uploads\/2017\/09\/preso_bocaiuva2.jpg","type":"image\/jpeg"}],"author":"Aconteceu no Vale","twitter_card":"summary_large_image","twitter_creator":"@noticiadosvales","twitter_site":"@noticiadosvales","twitter_misc":{"Escrito por":"Aconteceu no Vale","Est. tempo de leitura":"2 minutos"},"schema":{"@context":"https:\/\/schema.org","@graph":[{"@type":"Article","@id":"https:\/\/aconteceunovale.com.br\/portal\/?p=121706#article","isPartOf":{"@id":"https:\/\/aconteceunovale.com.br\/portal\/?p=121706"},"author":{"name":"Aconteceu no Vale","@id":"https:\/\/aconteceunovale.com.br\/portal\/#\/schema\/person\/633529146f2c94272bef50ac2953d589"},"headline":"Pai sequestra o pr\u00f3prio filho em Turmalina e acaba preso ap\u00f3s persegui\u00e7\u00e3o em Bocaiuva","datePublished":"2017-09-25T02:38:50+00:00","dateModified":"2026-09-02T16:51:48+00:00","mainEntityOfPage":{"@id":"https:\/\/aconteceunovale.com.br\/portal\/?p=121706"},"wordCount":380,"commentCount":0,"image":{"@id":"https:\/\/aconteceunovale.com.br\/portal\/?p=121706#primaryimage"},"thumbnailUrl":"https:\/\/aconteceunovale.com.br\/portal\/wp-content\/uploads\/2017\/09\/preso_bocaiuva2.jpg","keywords":["Bocai\u00fava","Fuga da PM em Bocaiuva","Homem preso em Bocaiuva","Pai sequestra o pr\u00f3prio filho em Turmalina","Pai sequestra o pr\u00f3prio filho em Turmalina e acaba preso ap\u00f3s persegui\u00e7\u00e3o em Bocaiuva","Preso em Bocaiuva","Sequestro Bocaiuva","Sequestro de crian\u00e7a em Turmalina","Sequestro Turmalina","Turmalina"],"articleSection":["Norte de Minas","Turmalina","Vale do Jequitinhonha"],"inLanguage":"pt-BR","potentialAction":[{"@type":"CommentAction","name":"Comment","target":["https:\/\/aconteceunovale.com.br\/portal\/?p=121706#respond"]}]},{"@type":"WebPage","@id":"https:\/\/aconteceunovale.com.br\/portal\/?p=121706","url":"https:\/\/aconteceunovale.com.br\/portal\/?p=121706","name":"Pai sequestra o pr\u00f3prio filho em Turmalina e acaba preso ap\u00f3s persegui\u00e7\u00e3o em Bocaiuva - Aconteceu no Vale","isPartOf":{"@id":"https:\/\/aconteceunovale.com.br\/portal\/#website"},"primaryImageOfPage":{"@id":"https:\/\/aconteceunovale.com.br\/portal\/?p=121706#primaryimage"},"image":{"@id":"https:\/\/aconteceunovale.com.br\/portal\/?p=121706#primaryimage"},"thumbnailUrl":"https:\/\/aconteceunovale.com.br\/portal\/wp-content\/uploads\/2017\/09\/preso_bocaiuva2.jpg","datePublished":"2017-09-25T02:38:50+00:00","dateModified":"2026-09-02T16:51:48+00:00","author":{"@id":"https:\/\/aconteceunovale.com.br\/portal\/#\/schema\/person\/633529146f2c94272bef50ac2953d589"},"breadcrumb":{"@id":"https:\/\/aconteceunovale.com.br\/portal\/?p=121706#breadcrumb"},"inLanguage":"pt-BR","potentialAction":[{"@type":"ReadAction","target":["https:\/\/aconteceunovale.com.br\/portal\/?p=121706"]}]},{"@type":"ImageObject","inLanguage":"pt-BR","@id":"https:\/\/aconteceunovale.com.br\/portal\/?p=121706#primaryimage","url":"https:\/\/aconteceunovale.com.br\/portal\/wp-content\/uploads\/2017\/09\/preso_bocaiuva2.jpg","contentUrl":"https:\/\/aconteceunovale.com.br\/portal\/wp-content\/uploads\/2017\/09\/preso_bocaiuva2.jpg","width":661,"height":450},{"@type":"BreadcrumbList","@id":"https:\/\/aconteceunovale.com.br\/portal\/?p=121706#breadcrumb","itemListElement":[{"@type":"ListItem","position":1,"name":"In\u00edcio","item":"https:\/\/aconteceunovale.com.br\/portal\/"},{"@type":"ListItem","position":2,"name":"Pai sequestra o pr\u00f3prio filho em Turmalina e acaba preso ap\u00f3s persegui\u00e7\u00e3o em Bocaiuva"}]},{"@type":"WebSite","@id":"https:\/\/aconteceunovale.com.br\/portal\/#website","url":"https:\/\/aconteceunovale.com.br\/portal\/","name":"Aconteceu no Vale","description":"Portal de Not\u00edcias","potentialAction":[{"@type":"SearchAction","target":{"@type":"EntryPoint","urlTemplate":"https:\/\/aconteceunovale.com.br\/portal\/?s={search_term_string}"},"query-input":{"@type":"PropertyValueSpecification","valueRequired":true,"valueName":"search_term_string"}}],"inLanguage":"pt-BR"},{"@type":"Person","@id":"https:\/\/aconteceunovale.com.br\/portal\/#\/schema\/person\/633529146f2c94272bef50ac2953d589","name":"Aconteceu no Vale","description":"Equipe de reportagem do Aconteceu no Vale, portal de not\u00edcias do Vale do Jequitinhonha, em Minas Gerais. Cobrimos as 51 cidades do Vale desde 2013. Sugest\u00f5es de pauta e pedidos de corre\u00e7\u00e3o: contato@aconteceunovale.com.br","sameAs":["http:\/\/www.aconteceunovale.com.br"],"url":"https:\/\/aconteceunovale.com.br\/portal\/?author=1"}]}},"_links":{"self":[{"href":"https:\/\/aconteceunovale.com.br\/portal\/index.php?rest_route=\/wp\/v2\/posts\/121706","targetHints":{"allow":["GET"]}}],"collection":[{"href":"https:\/\/aconteceunovale.com.br\/portal\/index.php?rest_route=\/wp\/v2\/posts"}],"about":[{"href":"https:\/\/aconteceunovale.com.br\/portal\/index.php?rest_route=\/wp\/v2\/types\/post"}],"author":[{"embeddable":true,"href":"https:\/\/aconteceunovale.com.br\/portal\/index.php?rest_route=\/wp\/v2\/users\/1"}],"replies":[{"embeddable":true,"href":"https:\/\/aconteceunovale.com.br\/portal\/index.php?rest_route=%2Fwp%2Fv2%2Fcomments&post=121706"}],"version-history":[{"count":1,"href":"https:\/\/aconteceunovale.com.br\/portal\/index.php?rest_route=\/wp\/v2\/posts\/121706\/revisions"}],"predecessor-version":[{"id":201846,"href":"https:\/\/aconteceunovale.com.br\/portal\/index.php?rest_route=\/wp\/v2\/posts\/121706\/revisions\/201846"}],"wp:featuredmedia":[{"embeddable":true,"href":"https:\/\/aconteceunovale.com.br\/portal\/index.php?rest_route=\/wp\/v2\/media\/121707"}],"wp:attachment":[{"href":"https:\/\/aconteceunovale.com.br\/portal\/index.php?rest_route=%2Fwp%2Fv2%2Fmedia&parent=121706"}],"wp:term":[{"taxonomy":"category","embeddable":true,"href":"https:\/\/aconteceunovale.com.br\/portal\/index.php?rest_route=%2Fwp%2Fv2%2Fcategories&post=121706"},{"taxonomy":"post_tag","embeddable":true,"href":"https:\/\/aconteceunovale.com.br\/portal\/index.php?rest_route=%2Fwp%2Fv2%2Ftags&post=121706"}],"curies":[{"name":"wp","href":"https:\/\/api.w.org\/{rel}","templated":true}]}}