{"id":121633,"date":"2017-09-22T10:49:45","date_gmt":"2017-09-22T12:49:45","guid":{"rendered":"http:\/\/aconteceunovale.com.br\/portal\/?p=121633"},"modified":"2026-09-02T13:34:29","modified_gmt":"2026-09-02T16:34:29","slug":"policial-militar-e-assassinado-durante-assalto-em-padre-paraiso-no-vale-do-jequitinhonha","status":"publish","type":"post","link":"https:\/\/aconteceunovale.com.br\/portal\/?p=121633","title":{"rendered":"Policial militar \u00e9 assassinado durante assalto em Padre Para\u00edso, no Vale do Jequitinhonha"},"content":{"rendered":"<p>Um policial militar de 31 anos foi morto a tiros durante uma tentativa de assalto, na noite dessa quinta-feira (21\/9\/2017), em Padre Para\u00edso, no Vale do Jequitinhonha. Segundo a Pol\u00edcia Militar (PM), Herick Vieira da Silva estava na casa de amigos quando dois criminosos invadiram o im\u00f3vel. Ele reagiu ao assalto e durante uma troca de tiros, foi atingido no pesco\u00e7o.<\/p>\n<p>Ainda segundo a PM, o militar foi socorrido por tr\u00eas pessoas que estavam na casa e levado ao Hospital Santa Ros\u00e1lia, em Te\u00f3filo Otoni, mas n\u00e3o resistiu aos ferimentos e veio a \u00f3bito. O corpo dele foi encaminhado para o Instituto M\u00e9dico Legal (IML) em Te\u00f3filo Otoni.<\/p>\n<p>A pol\u00edcia informou que o militar era lotado no 34\u00ba BPM de Belo Horizonte e passava f\u00e9rias em Padre Para\u00edso. Os criminosos fugiram sem levar nenhum objeto da casa e ainda n\u00e3o foram presos.<\/p>\n<p><img decoding=\"async\" src=\"http:\/\/aconteceunovale.com.br\/portal\/wp-content\/uploads\/2017\/09\/militar_morto.jpg\" alt=\"\" \/><em>Herick Vieira foi assassinado em Padre Para\u00edso (Reprodu\u00e7\u00e3o\/Facebook)<\/em><br \/>\n<\/br><\/p>\n<p><strong>VER PRIMEIRO<\/strong><\/p>\n<p>Receba as not\u00edcias do Aconteceu no Vale em primeira m\u00e3o. Clique em curtir no endere\u00e7o <a href=\"https:\/\/www.facebook.com\/aconteceunovale\" target=\"_blank\"><font color=\"red\">www.facebook.com\/aconteceunovale<\/font><\/a> ou no box abaixo:<\/p>\n<div class=\"fb-like\" data-href=\"https:\/\/www.facebook.com\/aconteceunovale\" data-width=\"120\" data-layout=\"standard\" data-action=\"like\" data-size=\"small\" data-show-faces=\"true\" data-share=\"true\"><\/div>\n<p><\/br><\/p>\n<p><em>(Com informa\u00e7\u00f5es do G1 Vales)<\/em><\/p>\n","protected":false},"excerpt":{"rendered":"<p>Um policial militar de 31 anos foi morto a tiros durante uma tentativa de assalto, na noite dessa quinta-feira (21\/9\/2017), em Padre Para\u00edso, no Vale do Jequitinhonha. Segundo a Pol\u00edcia Militar (PM), Herick Vieira da Silva estava na casa de amigos quando dois criminosos invadiram o im\u00f3vel. Ele reagiu ao assalto e durante uma troca [&hellip;]<\/p>\n","protected":false},"author":1,"featured_media":71442,"comment_status":"open","ping_status":"closed","sticky":false,"template":"","format":"standard","meta":{"amp_status":"","footnotes":""},"categories":[272564,120],"tags":[160335,59919,40630,194,1017,40629,160337,160334,572,160333,160336,160331,160332],"class_list":["post-121633","post","type-post","status-publish","format-standard","has-post-thumbnail","hentry","category-padre-paraiso","category-jequi","tag-34o-bpm-de-belo-horizonte","tag-assassinado-em-padre-paraiso","tag-assassinato-em-padre-paraiso","tag-belo-horizonte","tag-bh","tag-homicidio-em-padre-paraiso","tag-morte-de-policial-do-34o-bpm-de-belo-horizonte","tag-morte-de-policial-em-padre-paraiso","tag-padre-paraiso","tag-policial-assassinado-em-padre-paraiso","tag-policial-do-34o-bpm-de-belo-horizonte-morto-em-padre-paraiso","tag-policial-militar-e-assassinado-durante-assalto-em-padre-paraiso","tag-policial-morto-em-padre-paraiso"],"yoast_head":"<!-- This site is optimized with the Yoast SEO plugin v28.3 - https:\/\/yoast.com\/product\/yoast-seo-wordpress\/ -->\n<title>Policial militar \u00e9 assassinado durante assalto em Padre Para\u00edso, no Vale do Jequitinhonha - Aconteceu no Vale<\/title>\n<meta name=\"robots\" content=\"index, follow, max-snippet:-1, max-image-preview:large, max-video-preview:-1\" \/>\n<link rel=\"canonical\" href=\"https:\/\/aconteceunovale.com.br\/portal\/?p=121633\" \/>\n<meta property=\"og:locale\" content=\"pt_BR\" \/>\n<meta property=\"og:type\" content=\"article\" \/>\n<meta property=\"og:title\" content=\"Policial militar \u00e9 assassinado durante assalto em Padre Para\u00edso, no Vale do Jequitinhonha - Aconteceu no Vale\" \/>\n<meta property=\"og:description\" content=\"Um policial militar de 31 anos foi morto a tiros durante uma tentativa de assalto, na noite dessa quinta-feira (21\/9\/2017), em Padre Para\u00edso, no Vale do Jequitinhonha. Segundo a Pol\u00edcia Militar (PM), Herick Vieira da Silva estava na casa de amigos quando dois criminosos invadiram o im\u00f3vel. Ele reagiu ao assalto e durante uma troca [&hellip;]\" \/>\n<meta property=\"og:url\" content=\"https:\/\/aconteceunovale.com.br\/portal\/?p=121633\" \/>\n<meta property=\"og:site_name\" content=\"Aconteceu no Vale\" \/>\n<meta property=\"article:publisher\" content=\"https:\/\/www.facebook.com\/aconteceunovale\/\" \/>\n<meta property=\"article:published_time\" content=\"2017-09-22T12:49:45+00:00\" \/>\n<meta property=\"article:modified_time\" content=\"2026-09-02T16:34:29+00:00\" \/>\n<meta property=\"og:image\" content=\"https:\/\/aconteceunovale.com.br\/portal\/wp-content\/uploads\/2015\/10\/plantao_giroflex.jpg\" \/>\n\t<meta property=\"og:image:width\" content=\"678\" \/>\n\t<meta property=\"og:image:height\" content=\"389\" \/>\n\t<meta property=\"og:image:type\" content=\"image\/jpeg\" \/>\n<meta name=\"author\" content=\"Aconteceu no Vale\" \/>\n<meta name=\"twitter:card\" content=\"summary_large_image\" \/>\n<meta name=\"twitter:creator\" content=\"@noticiadosvales\" \/>\n<meta name=\"twitter:site\" content=\"@noticiadosvales\" \/>\n<meta name=\"twitter:label1\" content=\"Escrito por\" \/>\n\t<meta name=\"twitter:data1\" content=\"Aconteceu no Vale\" \/>\n\t<meta name=\"twitter:label2\" content=\"Est. tempo de leitura\" \/>\n\t<meta name=\"twitter:data2\" content=\"1 minuto\" \/>\n<script type=\"application\/ld+json\" class=\"yoast-schema-graph\">{\"@context\":\"https:\\\/\\\/schema.org\",\"@graph\":[{\"@type\":\"Article\",\"@id\":\"https:\\\/\\\/aconteceunovale.com.br\\\/portal\\\/?p=121633#article\",\"isPartOf\":{\"@id\":\"https:\\\/\\\/aconteceunovale.com.br\\\/portal\\\/?p=121633\"},\"author\":{\"name\":\"Aconteceu no Vale\",\"@id\":\"https:\\\/\\\/aconteceunovale.com.br\\\/portal\\\/#\\\/schema\\\/person\\\/633529146f2c94272bef50ac2953d589\"},\"headline\":\"Policial militar \u00e9 assassinado durante assalto em Padre Para\u00edso, no Vale do Jequitinhonha\",\"datePublished\":\"2017-09-22T12:49:45+00:00\",\"dateModified\":\"2026-09-02T16:34:29+00:00\",\"mainEntityOfPage\":{\"@id\":\"https:\\\/\\\/aconteceunovale.com.br\\\/portal\\\/?p=121633\"},\"wordCount\":211,\"commentCount\":0,\"image\":{\"@id\":\"https:\\\/\\\/aconteceunovale.com.br\\\/portal\\\/?p=121633#primaryimage\"},\"thumbnailUrl\":\"https:\\\/\\\/aconteceunovale.com.br\\\/portal\\\/wp-content\\\/uploads\\\/2015\\\/10\\\/plantao_giroflex.jpg\",\"keywords\":[\"34\u00ba BPM de Belo Horizonte\",\"assassinado em Padre Para\u00edso\",\"assassinato em Padre Para\u00edso\",\"Belo Horizonte\",\"bh\",\"homic\u00eddio em Padre Para\u00edso\",\"Morte de policial do 34\u00ba BPM de Belo Horizonte\",\"Morte de policial em Padre Para\u00edso\",\"Padre Para\u00edso\",\"Policial assassinado em Padre Para\u00edso\",\"Policial do 34\u00ba BPM de Belo Horizonte morto em Padre Para\u00edso\",\"Policial militar \u00e9 assassinado durante assalto em Padre Para\u00edso\",\"Policial morto em Padre Para\u00edso\"],\"articleSection\":[\"Padre Para\u00edso\",\"Vale do Jequitinhonha\"],\"inLanguage\":\"pt-BR\",\"potentialAction\":[{\"@type\":\"CommentAction\",\"name\":\"Comment\",\"target\":[\"https:\\\/\\\/aconteceunovale.com.br\\\/portal\\\/?p=121633#respond\"]}]},{\"@type\":\"WebPage\",\"@id\":\"https:\\\/\\\/aconteceunovale.com.br\\\/portal\\\/?p=121633\",\"url\":\"https:\\\/\\\/aconteceunovale.com.br\\\/portal\\\/?p=121633\",\"name\":\"Policial militar \u00e9 assassinado durante assalto em Padre Para\u00edso, no Vale do Jequitinhonha - Aconteceu no Vale\",\"isPartOf\":{\"@id\":\"https:\\\/\\\/aconteceunovale.com.br\\\/portal\\\/#website\"},\"primaryImageOfPage\":{\"@id\":\"https:\\\/\\\/aconteceunovale.com.br\\\/portal\\\/?p=121633#primaryimage\"},\"image\":{\"@id\":\"https:\\\/\\\/aconteceunovale.com.br\\\/portal\\\/?p=121633#primaryimage\"},\"thumbnailUrl\":\"https:\\\/\\\/aconteceunovale.com.br\\\/portal\\\/wp-content\\\/uploads\\\/2015\\\/10\\\/plantao_giroflex.jpg\",\"datePublished\":\"2017-09-22T12:49:45+00:00\",\"dateModified\":\"2026-09-02T16:34:29+00:00\",\"author\":{\"@id\":\"https:\\\/\\\/aconteceunovale.com.br\\\/portal\\\/#\\\/schema\\\/person\\\/633529146f2c94272bef50ac2953d589\"},\"breadcrumb\":{\"@id\":\"https:\\\/\\\/aconteceunovale.com.br\\\/portal\\\/?p=121633#breadcrumb\"},\"inLanguage\":\"pt-BR\",\"potentialAction\":[{\"@type\":\"ReadAction\",\"target\":[\"https:\\\/\\\/aconteceunovale.com.br\\\/portal\\\/?p=121633\"]}]},{\"@type\":\"ImageObject\",\"inLanguage\":\"pt-BR\",\"@id\":\"https:\\\/\\\/aconteceunovale.com.br\\\/portal\\\/?p=121633#primaryimage\",\"url\":\"https:\\\/\\\/aconteceunovale.com.br\\\/portal\\\/wp-content\\\/uploads\\\/2015\\\/10\\\/plantao_giroflex.jpg\",\"contentUrl\":\"https:\\\/\\\/aconteceunovale.com.br\\\/portal\\\/wp-content\\\/uploads\\\/2015\\\/10\\\/plantao_giroflex.jpg\",\"width\":678,\"height\":389},{\"@type\":\"BreadcrumbList\",\"@id\":\"https:\\\/\\\/aconteceunovale.com.br\\\/portal\\\/?p=121633#breadcrumb\",\"itemListElement\":[{\"@type\":\"ListItem\",\"position\":1,\"name\":\"In\u00edcio\",\"item\":\"https:\\\/\\\/aconteceunovale.com.br\\\/portal\\\/\"},{\"@type\":\"ListItem\",\"position\":2,\"name\":\"Policial militar \u00e9 assassinado durante assalto em Padre Para\u00edso, no Vale do Jequitinhonha\"}]},{\"@type\":\"WebSite\",\"@id\":\"https:\\\/\\\/aconteceunovale.com.br\\\/portal\\\/#website\",\"url\":\"https:\\\/\\\/aconteceunovale.com.br\\\/portal\\\/\",\"name\":\"Aconteceu no Vale\",\"description\":\"Portal de Not\u00edcias\",\"potentialAction\":[{\"@type\":\"SearchAction\",\"target\":{\"@type\":\"EntryPoint\",\"urlTemplate\":\"https:\\\/\\\/aconteceunovale.com.br\\\/portal\\\/?s={search_term_string}\"},\"query-input\":{\"@type\":\"PropertyValueSpecification\",\"valueRequired\":true,\"valueName\":\"search_term_string\"}}],\"inLanguage\":\"pt-BR\"},{\"@type\":\"Person\",\"@id\":\"https:\\\/\\\/aconteceunovale.com.br\\\/portal\\\/#\\\/schema\\\/person\\\/633529146f2c94272bef50ac2953d589\",\"name\":\"Aconteceu no Vale\",\"description\":\"Equipe de reportagem do Aconteceu no Vale, portal de not\u00edcias do Vale do Jequitinhonha, em Minas Gerais. Cobrimos as 51 cidades do Vale desde 2013. Sugest\u00f5es de pauta e pedidos de corre\u00e7\u00e3o: contato@aconteceunovale.com.br\",\"sameAs\":[\"http:\\\/\\\/www.aconteceunovale.com.br\"],\"url\":\"https:\\\/\\\/aconteceunovale.com.br\\\/portal\\\/?author=1\"}]}<\/script>\n<!-- \/ Yoast SEO plugin. -->","yoast_head_json":{"title":"Policial militar \u00e9 assassinado durante assalto em Padre Para\u00edso, no Vale do Jequitinhonha - Aconteceu no Vale","robots":{"index":"index","follow":"follow","max-snippet":"max-snippet:-1","max-image-preview":"max-image-preview:large","max-video-preview":"max-video-preview:-1"},"canonical":"https:\/\/aconteceunovale.com.br\/portal\/?p=121633","og_locale":"pt_BR","og_type":"article","og_title":"Policial militar \u00e9 assassinado durante assalto em Padre Para\u00edso, no Vale do Jequitinhonha - Aconteceu no Vale","og_description":"Um policial militar de 31 anos foi morto a tiros durante uma tentativa de assalto, na noite dessa quinta-feira (21\/9\/2017), em Padre Para\u00edso, no Vale do Jequitinhonha. Segundo a Pol\u00edcia Militar (PM), Herick Vieira da Silva estava na casa de amigos quando dois criminosos invadiram o im\u00f3vel. Ele reagiu ao assalto e durante uma troca [&hellip;]","og_url":"https:\/\/aconteceunovale.com.br\/portal\/?p=121633","og_site_name":"Aconteceu no Vale","article_publisher":"https:\/\/www.facebook.com\/aconteceunovale\/","article_published_time":"2017-09-22T12:49:45+00:00","article_modified_time":"2026-09-02T16:34:29+00:00","og_image":[{"width":678,"height":389,"url":"https:\/\/aconteceunovale.com.br\/portal\/wp-content\/uploads\/2015\/10\/plantao_giroflex.jpg","type":"image\/jpeg"}],"author":"Aconteceu no Vale","twitter_card":"summary_large_image","twitter_creator":"@noticiadosvales","twitter_site":"@noticiadosvales","twitter_misc":{"Escrito por":"Aconteceu no Vale","Est. tempo de leitura":"1 minuto"},"schema":{"@context":"https:\/\/schema.org","@graph":[{"@type":"Article","@id":"https:\/\/aconteceunovale.com.br\/portal\/?p=121633#article","isPartOf":{"@id":"https:\/\/aconteceunovale.com.br\/portal\/?p=121633"},"author":{"name":"Aconteceu no Vale","@id":"https:\/\/aconteceunovale.com.br\/portal\/#\/schema\/person\/633529146f2c94272bef50ac2953d589"},"headline":"Policial militar \u00e9 assassinado durante assalto em Padre Para\u00edso, no Vale do Jequitinhonha","datePublished":"2017-09-22T12:49:45+00:00","dateModified":"2026-09-02T16:34:29+00:00","mainEntityOfPage":{"@id":"https:\/\/aconteceunovale.com.br\/portal\/?p=121633"},"wordCount":211,"commentCount":0,"image":{"@id":"https:\/\/aconteceunovale.com.br\/portal\/?p=121633#primaryimage"},"thumbnailUrl":"https:\/\/aconteceunovale.com.br\/portal\/wp-content\/uploads\/2015\/10\/plantao_giroflex.jpg","keywords":["34\u00ba BPM de Belo Horizonte","assassinado em Padre Para\u00edso","assassinato em Padre Para\u00edso","Belo Horizonte","bh","homic\u00eddio em Padre Para\u00edso","Morte de policial do 34\u00ba BPM de Belo Horizonte","Morte de policial em Padre Para\u00edso","Padre Para\u00edso","Policial assassinado em Padre Para\u00edso","Policial do 34\u00ba BPM de Belo Horizonte morto em Padre Para\u00edso","Policial militar \u00e9 assassinado durante assalto em Padre Para\u00edso","Policial morto em Padre Para\u00edso"],"articleSection":["Padre Para\u00edso","Vale do Jequitinhonha"],"inLanguage":"pt-BR","potentialAction":[{"@type":"CommentAction","name":"Comment","target":["https:\/\/aconteceunovale.com.br\/portal\/?p=121633#respond"]}]},{"@type":"WebPage","@id":"https:\/\/aconteceunovale.com.br\/portal\/?p=121633","url":"https:\/\/aconteceunovale.com.br\/portal\/?p=121633","name":"Policial militar \u00e9 assassinado durante assalto em Padre Para\u00edso, no Vale do Jequitinhonha - Aconteceu no Vale","isPartOf":{"@id":"https:\/\/aconteceunovale.com.br\/portal\/#website"},"primaryImageOfPage":{"@id":"https:\/\/aconteceunovale.com.br\/portal\/?p=121633#primaryimage"},"image":{"@id":"https:\/\/aconteceunovale.com.br\/portal\/?p=121633#primaryimage"},"thumbnailUrl":"https:\/\/aconteceunovale.com.br\/portal\/wp-content\/uploads\/2015\/10\/plantao_giroflex.jpg","datePublished":"2017-09-22T12:49:45+00:00","dateModified":"2026-09-02T16:34:29+00:00","author":{"@id":"https:\/\/aconteceunovale.com.br\/portal\/#\/schema\/person\/633529146f2c94272bef50ac2953d589"},"breadcrumb":{"@id":"https:\/\/aconteceunovale.com.br\/portal\/?p=121633#breadcrumb"},"inLanguage":"pt-BR","potentialAction":[{"@type":"ReadAction","target":["https:\/\/aconteceunovale.com.br\/portal\/?p=121633"]}]},{"@type":"ImageObject","inLanguage":"pt-BR","@id":"https:\/\/aconteceunovale.com.br\/portal\/?p=121633#primaryimage","url":"https:\/\/aconteceunovale.com.br\/portal\/wp-content\/uploads\/2015\/10\/plantao_giroflex.jpg","contentUrl":"https:\/\/aconteceunovale.com.br\/portal\/wp-content\/uploads\/2015\/10\/plantao_giroflex.jpg","width":678,"height":389},{"@type":"BreadcrumbList","@id":"https:\/\/aconteceunovale.com.br\/portal\/?p=121633#breadcrumb","itemListElement":[{"@type":"ListItem","position":1,"name":"In\u00edcio","item":"https:\/\/aconteceunovale.com.br\/portal\/"},{"@type":"ListItem","position":2,"name":"Policial militar \u00e9 assassinado durante assalto em Padre Para\u00edso, no Vale do Jequitinhonha"}]},{"@type":"WebSite","@id":"https:\/\/aconteceunovale.com.br\/portal\/#website","url":"https:\/\/aconteceunovale.com.br\/portal\/","name":"Aconteceu no Vale","description":"Portal de Not\u00edcias","potentialAction":[{"@type":"SearchAction","target":{"@type":"EntryPoint","urlTemplate":"https:\/\/aconteceunovale.com.br\/portal\/?s={search_term_string}"},"query-input":{"@type":"PropertyValueSpecification","valueRequired":true,"valueName":"search_term_string"}}],"inLanguage":"pt-BR"},{"@type":"Person","@id":"https:\/\/aconteceunovale.com.br\/portal\/#\/schema\/person\/633529146f2c94272bef50ac2953d589","name":"Aconteceu no Vale","description":"Equipe de reportagem do Aconteceu no Vale, portal de not\u00edcias do Vale do Jequitinhonha, em Minas Gerais. Cobrimos as 51 cidades do Vale desde 2013. Sugest\u00f5es de pauta e pedidos de corre\u00e7\u00e3o: contato@aconteceunovale.com.br","sameAs":["http:\/\/www.aconteceunovale.com.br"],"url":"https:\/\/aconteceunovale.com.br\/portal\/?author=1"}]}},"_links":{"self":[{"href":"https:\/\/aconteceunovale.com.br\/portal\/index.php?rest_route=\/wp\/v2\/posts\/121633","targetHints":{"allow":["GET"]}}],"collection":[{"href":"https:\/\/aconteceunovale.com.br\/portal\/index.php?rest_route=\/wp\/v2\/posts"}],"about":[{"href":"https:\/\/aconteceunovale.com.br\/portal\/index.php?rest_route=\/wp\/v2\/types\/post"}],"author":[{"embeddable":true,"href":"https:\/\/aconteceunovale.com.br\/portal\/index.php?rest_route=\/wp\/v2\/users\/1"}],"replies":[{"embeddable":true,"href":"https:\/\/aconteceunovale.com.br\/portal\/index.php?rest_route=%2Fwp%2Fv2%2Fcomments&post=121633"}],"version-history":[{"count":1,"href":"https:\/\/aconteceunovale.com.br\/portal\/index.php?rest_route=\/wp\/v2\/posts\/121633\/revisions"}],"predecessor-version":[{"id":201533,"href":"https:\/\/aconteceunovale.com.br\/portal\/index.php?rest_route=\/wp\/v2\/posts\/121633\/revisions\/201533"}],"wp:featuredmedia":[{"embeddable":true,"href":"https:\/\/aconteceunovale.com.br\/portal\/index.php?rest_route=\/wp\/v2\/media\/71442"}],"wp:attachment":[{"href":"https:\/\/aconteceunovale.com.br\/portal\/index.php?rest_route=%2Fwp%2Fv2%2Fmedia&parent=121633"}],"wp:term":[{"taxonomy":"category","embeddable":true,"href":"https:\/\/aconteceunovale.com.br\/portal\/index.php?rest_route=%2Fwp%2Fv2%2Fcategories&post=121633"},{"taxonomy":"post_tag","embeddable":true,"href":"https:\/\/aconteceunovale.com.br\/portal\/index.php?rest_route=%2Fwp%2Fv2%2Ftags&post=121633"}],"curies":[{"name":"wp","href":"https:\/\/api.w.org\/{rel}","templated":true}]}}