{"id":121630,"date":"2017-09-21T22:30:35","date_gmt":"2017-09-22T00:30:35","guid":{"rendered":"http:\/\/aconteceunovale.com.br\/portal\/?p=121630"},"modified":"2017-09-21T22:30:35","modified_gmt":"2017-09-22T00:30:35","slug":"justica-eleitoral-reverte-cassacao-do-prefeito-de-marilac","status":"publish","type":"post","link":"https:\/\/aconteceunovale.com.br\/portal\/?p=121630","title":{"rendered":"Justi\u00e7a Eleitoral reverte cassa\u00e7\u00e3o do prefeito de Marilac"},"content":{"rendered":"<p>O Tribunal Regional Eleitoral de Minas Gerais\u00a0reverteu, por unanimidade, na sess\u00e3o desta quinta-feira (21\/9\/2017),\u00a0a cassa\u00e7\u00e3o\u00a0do diploma do\u00a0prefeito\u00a0reeleito de\u00a0Marilac\u00a0(Regi\u00e3o do Rio Doce),\u00a0Aldo Fran\u00e7a Souto\u00a0(PMDB), e do vice-prefeito, Valter Barbosa dos Santos (PRB), pela pr\u00e1tica de conduta vedada a agente p\u00fablico em per\u00edodo eleitoral e abuso de poder pol\u00edtico. Os julgadores, com base no voto do relator, juiz Ricardo Matos de Oliveira, afastaram ainda a san\u00e7\u00e3o de inelegibilidade por oito anos e a multa de 5.000 UFIR para o prefeito e o vice.<\/p>\n<p>De acordo com a a\u00e7\u00e3o de investiga\u00e7\u00e3o judicial eleitoral (AIJE) proposta pelo Minist\u00e9rio P\u00fablico Eleitoral, Aldo Fran\u00e7a teria contratado, nos dias 30 de junho e 1\u00ba de julho de 2016 &#8211; \u00a0v\u00e9spera do in\u00edcio do per\u00edodo de veda\u00e7\u00e3o -, 180 servidores, provocando flagrante incremento na folha de pagamento de pessoal do\u00a0 munic\u00edpio e burla \u00e0 legisla\u00e7\u00e3o, desequilibrando a disputa eleitoral. O juiz eleitoral, em sua senten\u00e7a, reconheceu a ocorr\u00eancia da pr\u00e1tica da conduta vedada descrita no\u00a0<span style=\"text-decoration: underline;\"><span style=\"color: #ff0000;\"><a href=\"http:\/\/www.planalto.gov.br\/ccivil_03\/leis\/L9504.htm\"><span style=\"color: #ff0000; text-decoration: underline;\">art. 73, V, e \u00a7 8\u00ba da Lei n\u00ba 9.504\/1997<\/span><\/a><\/span><\/span>\u00a0e abuso de poder pol\u00edtico do ora prefeito, destacando o intuito eleitoreiro do ato.<\/p>\n<p>Para o relator do processo \u201ca condena\u00e7\u00e3o dos recorrentes por conduta vedada deve ser afastada, visto que o ato, embora tenha ocorrido \u00e0s v\u00e9speras do per\u00edodo vedado, n\u00e3o ocorreu nos tr\u00eas meses que antecedem o pleito, requisito exigido pelo disposto no art. 73, V, da Lei 9504\/97, para configura\u00e7\u00e3o da conduta il\u00edcita.\u201d<\/p>\n<p>Quanto ao abuso de poder pol\u00edtico, segundo o julgador, houve, na verdade, \u201ca realiza\u00e7\u00e3o de processo seletivo simplificado para a admiss\u00e3o de agentes p\u00fablicos tempor\u00e1rios em substitui\u00e7\u00e3o a contratos de presta\u00e7\u00e3o de servi\u00e7o\u201d. Assim, no que compete \u00e0 Justi\u00e7a Eleitoral examinar nessas contrata\u00e7\u00f5es, qual seja, \u201cquais os efeitos no processo eleitoral\u201d, concluiu que \u201cn\u00e3o se demonstrou a finalidade eleitoreira\u201d, afastando tamb\u00e9m esta imputa\u00e7\u00e3o.<\/p>\n<p>O prefeito reeleito obteve 2.131 votos (65,45%) e permanece no cargo. Da decis\u00e3o cabe recurso.<\/p>\n<p>Processo relacionado:\u00a0<span style=\"text-decoration: underline;\"><span style=\"color: #ff0000;\"><a href=\"http:\/\/inter03.tse.jus.br\/sadpPush\/ExibirDadosProcesso.do?nprot=7611162016&amp;comboTribunal=mg\"><span style=\"color: #ff0000; text-decoration: underline;\">RE 41134<\/span><\/a><\/span><\/span>.<\/p>\n<p><strong>VER PRIMEIRO<\/strong><\/p>\n<p>Receba as not\u00edcias do Aconteceu no Vale em primeira m\u00e3o. Clique em curtir no endere\u00e7o <a href=\"https:\/\/www.facebook.com\/aconteceunovale\" target=\"_blank\"><font color=\"red\">www.facebook.com\/aconteceunovale<\/font><\/a> ou no box abaixo:<\/p>\n<div class=\"fb-like\" data-href=\"https:\/\/www.facebook.com\/aconteceunovale\" data-width=\"120\" data-layout=\"standard\" data-action=\"like\" data-size=\"small\" data-show-faces=\"true\" data-share=\"true\"><\/div>\n<p><\/br><\/p>\n<p><em>(Fonte: TRE-MG)<\/em><\/p>\n","protected":false},"excerpt":{"rendered":"<p>O Tribunal Regional Eleitoral de Minas Gerais\u00a0reverteu, por unanimidade, na sess\u00e3o desta quinta-feira (21\/9\/2017),\u00a0a cassa\u00e7\u00e3o\u00a0do diploma do\u00a0prefeito\u00a0reeleito de\u00a0Marilac\u00a0(Regi\u00e3o do Rio Doce),\u00a0Aldo Fran\u00e7a Souto\u00a0(PMDB), e do vice-prefeito, Valter Barbosa dos Santos (PRB), pela pr\u00e1tica de conduta vedada a agente p\u00fablico em per\u00edodo eleitoral e abuso de poder pol\u00edtico. Os julgadores, com base no voto do relator, [&hellip;]<\/p>\n","protected":false},"author":1,"featured_media":121631,"comment_status":"open","ping_status":"closed","sticky":false,"template":"","format":"standard","meta":{"amp_status":"","footnotes":""},"categories":[121,40240],"tags":[160329,160325,160324,160328,160330,300,130890,18096,28374,160322,160321,160323,160327,140051,160326],"class_list":["post-121630","post","type-post","status-publish","format-standard","has-post-thumbnail","hentry","category-leste","category-politica","tag-aldo-franca","tag-aldo-franca-souto","tag-cassacao-do-prefeito-de-marilac","tag-juiz-ricardo-matos-de-oliveira","tag-justica-eleitoral-reverte-cassacao-do-prefeito-de-marilac","tag-marilac","tag-ministerio-publico-eleitoral","tag-pmdb","tag-prb","tag-prefeito-de-marilac","tag-prefeito-eleito-de-marilac","tag-processo-prefeito-de-marilac","tag-ricardo-matos-de-oliveira","tag-tribunal-regional-eleitoral-de-minas-gerais","tag-valter-barbosa-dos-santos"],"yoast_head":"<!-- This site is optimized with the Yoast SEO plugin v28.3 - https:\/\/yoast.com\/product\/yoast-seo-wordpress\/ -->\n<title>Justi\u00e7a Eleitoral reverte cassa\u00e7\u00e3o do prefeito de Marilac - Aconteceu no Vale<\/title>\n<meta name=\"robots\" content=\"index, follow, max-snippet:-1, max-image-preview:large, max-video-preview:-1\" \/>\n<link rel=\"canonical\" href=\"https:\/\/aconteceunovale.com.br\/portal\/?p=121630\" \/>\n<meta property=\"og:locale\" content=\"pt_BR\" \/>\n<meta property=\"og:type\" content=\"article\" \/>\n<meta property=\"og:title\" content=\"Justi\u00e7a Eleitoral reverte cassa\u00e7\u00e3o do prefeito de Marilac - Aconteceu no Vale\" \/>\n<meta property=\"og:description\" content=\"O Tribunal Regional Eleitoral de Minas Gerais\u00a0reverteu, por unanimidade, na sess\u00e3o desta quinta-feira (21\/9\/2017),\u00a0a cassa\u00e7\u00e3o\u00a0do diploma do\u00a0prefeito\u00a0reeleito de\u00a0Marilac\u00a0(Regi\u00e3o do Rio Doce),\u00a0Aldo Fran\u00e7a Souto\u00a0(PMDB), e do vice-prefeito, Valter Barbosa dos Santos (PRB), pela pr\u00e1tica de conduta vedada a agente p\u00fablico em per\u00edodo eleitoral e abuso de poder pol\u00edtico. Os julgadores, com base no voto do relator, [&hellip;]\" \/>\n<meta property=\"og:url\" content=\"https:\/\/aconteceunovale.com.br\/portal\/?p=121630\" \/>\n<meta property=\"og:site_name\" content=\"Aconteceu no Vale\" \/>\n<meta property=\"article:publisher\" content=\"https:\/\/www.facebook.com\/aconteceunovale\/\" \/>\n<meta property=\"article:published_time\" content=\"2017-09-22T00:30:35+00:00\" \/>\n<meta property=\"og:image\" content=\"https:\/\/aconteceunovale.com.br\/portal\/wp-content\/uploads\/2017\/09\/marilac_mg.jpg\" \/>\n\t<meta property=\"og:image:width\" content=\"600\" \/>\n\t<meta property=\"og:image:height\" content=\"450\" \/>\n\t<meta property=\"og:image:type\" content=\"image\/jpeg\" \/>\n<meta name=\"author\" content=\"Aconteceu no Vale\" \/>\n<meta name=\"twitter:card\" content=\"summary_large_image\" \/>\n<meta name=\"twitter:creator\" content=\"@noticiadosvales\" \/>\n<meta name=\"twitter:site\" content=\"@noticiadosvales\" \/>\n<meta name=\"twitter:label1\" content=\"Escrito por\" \/>\n\t<meta name=\"twitter:data1\" content=\"Aconteceu no Vale\" \/>\n\t<meta name=\"twitter:label2\" content=\"Est. tempo de leitura\" \/>\n\t<meta name=\"twitter:data2\" content=\"2 minutos\" \/>\n<script type=\"application\/ld+json\" class=\"yoast-schema-graph\">{\"@context\":\"https:\\\/\\\/schema.org\",\"@graph\":[{\"@type\":\"Article\",\"@id\":\"https:\\\/\\\/aconteceunovale.com.br\\\/portal\\\/?p=121630#article\",\"isPartOf\":{\"@id\":\"https:\\\/\\\/aconteceunovale.com.br\\\/portal\\\/?p=121630\"},\"author\":{\"name\":\"Aconteceu no Vale\",\"@id\":\"https:\\\/\\\/aconteceunovale.com.br\\\/portal\\\/#\\\/schema\\\/person\\\/633529146f2c94272bef50ac2953d589\"},\"headline\":\"Justi\u00e7a Eleitoral reverte cassa\u00e7\u00e3o do prefeito de Marilac\",\"datePublished\":\"2017-09-22T00:30:35+00:00\",\"mainEntityOfPage\":{\"@id\":\"https:\\\/\\\/aconteceunovale.com.br\\\/portal\\\/?p=121630\"},\"wordCount\":392,\"commentCount\":0,\"image\":{\"@id\":\"https:\\\/\\\/aconteceunovale.com.br\\\/portal\\\/?p=121630#primaryimage\"},\"thumbnailUrl\":\"https:\\\/\\\/aconteceunovale.com.br\\\/portal\\\/wp-content\\\/uploads\\\/2017\\\/09\\\/marilac_mg.jpg\",\"keywords\":[\"Aldo Fran\u00e7a\",\"Aldo Fran\u00e7a Souto\",\"Cassa\u00e7\u00e3o do prefeito de Marilac\",\"Juiz Ricardo Matos de Oliveira\",\"Justi\u00e7a Eleitoral reverte cassa\u00e7\u00e3o do prefeito de Marilac\",\"Marilac\",\"Minist\u00e9rio P\u00fablico Eleitoral\",\"PMDB\",\"PRB\",\"Prefeito de Marilac\",\"Prefeito eleito de Marilac\",\"Processo prefeito de Marilac\",\"Ricardo Matos de Oliveira\",\"Tribunal Regional Eleitoral de Minas Gerais\",\"Valter Barbosa dos Santos\"],\"articleSection\":[\"Leste de Minas\",\"Pol\u00edtica\"],\"inLanguage\":\"pt-BR\",\"potentialAction\":[{\"@type\":\"CommentAction\",\"name\":\"Comment\",\"target\":[\"https:\\\/\\\/aconteceunovale.com.br\\\/portal\\\/?p=121630#respond\"]}]},{\"@type\":\"WebPage\",\"@id\":\"https:\\\/\\\/aconteceunovale.com.br\\\/portal\\\/?p=121630\",\"url\":\"https:\\\/\\\/aconteceunovale.com.br\\\/portal\\\/?p=121630\",\"name\":\"Justi\u00e7a Eleitoral reverte cassa\u00e7\u00e3o do prefeito de Marilac - Aconteceu no Vale\",\"isPartOf\":{\"@id\":\"https:\\\/\\\/aconteceunovale.com.br\\\/portal\\\/#website\"},\"primaryImageOfPage\":{\"@id\":\"https:\\\/\\\/aconteceunovale.com.br\\\/portal\\\/?p=121630#primaryimage\"},\"image\":{\"@id\":\"https:\\\/\\\/aconteceunovale.com.br\\\/portal\\\/?p=121630#primaryimage\"},\"thumbnailUrl\":\"https:\\\/\\\/aconteceunovale.com.br\\\/portal\\\/wp-content\\\/uploads\\\/2017\\\/09\\\/marilac_mg.jpg\",\"datePublished\":\"2017-09-22T00:30:35+00:00\",\"author\":{\"@id\":\"https:\\\/\\\/aconteceunovale.com.br\\\/portal\\\/#\\\/schema\\\/person\\\/633529146f2c94272bef50ac2953d589\"},\"breadcrumb\":{\"@id\":\"https:\\\/\\\/aconteceunovale.com.br\\\/portal\\\/?p=121630#breadcrumb\"},\"inLanguage\":\"pt-BR\",\"potentialAction\":[{\"@type\":\"ReadAction\",\"target\":[\"https:\\\/\\\/aconteceunovale.com.br\\\/portal\\\/?p=121630\"]}]},{\"@type\":\"ImageObject\",\"inLanguage\":\"pt-BR\",\"@id\":\"https:\\\/\\\/aconteceunovale.com.br\\\/portal\\\/?p=121630#primaryimage\",\"url\":\"https:\\\/\\\/aconteceunovale.com.br\\\/portal\\\/wp-content\\\/uploads\\\/2017\\\/09\\\/marilac_mg.jpg\",\"contentUrl\":\"https:\\\/\\\/aconteceunovale.com.br\\\/portal\\\/wp-content\\\/uploads\\\/2017\\\/09\\\/marilac_mg.jpg\",\"width\":600,\"height\":450},{\"@type\":\"BreadcrumbList\",\"@id\":\"https:\\\/\\\/aconteceunovale.com.br\\\/portal\\\/?p=121630#breadcrumb\",\"itemListElement\":[{\"@type\":\"ListItem\",\"position\":1,\"name\":\"In\u00edcio\",\"item\":\"https:\\\/\\\/aconteceunovale.com.br\\\/portal\\\/\"},{\"@type\":\"ListItem\",\"position\":2,\"name\":\"Justi\u00e7a Eleitoral reverte cassa\u00e7\u00e3o do prefeito de Marilac\"}]},{\"@type\":\"WebSite\",\"@id\":\"https:\\\/\\\/aconteceunovale.com.br\\\/portal\\\/#website\",\"url\":\"https:\\\/\\\/aconteceunovale.com.br\\\/portal\\\/\",\"name\":\"Aconteceu no Vale\",\"description\":\"Portal de Not\u00edcias\",\"potentialAction\":[{\"@type\":\"SearchAction\",\"target\":{\"@type\":\"EntryPoint\",\"urlTemplate\":\"https:\\\/\\\/aconteceunovale.com.br\\\/portal\\\/?s={search_term_string}\"},\"query-input\":{\"@type\":\"PropertyValueSpecification\",\"valueRequired\":true,\"valueName\":\"search_term_string\"}}],\"inLanguage\":\"pt-BR\"},{\"@type\":\"Person\",\"@id\":\"https:\\\/\\\/aconteceunovale.com.br\\\/portal\\\/#\\\/schema\\\/person\\\/633529146f2c94272bef50ac2953d589\",\"name\":\"Aconteceu no Vale\",\"description\":\"Equipe de reportagem do Aconteceu no Vale, portal de not\u00edcias do Vale do Jequitinhonha, em Minas Gerais. Cobrimos as 51 cidades do Vale desde 2013. Sugest\u00f5es de pauta e pedidos de corre\u00e7\u00e3o: contato@aconteceunovale.com.br\",\"sameAs\":[\"http:\\\/\\\/www.aconteceunovale.com.br\"],\"url\":\"https:\\\/\\\/aconteceunovale.com.br\\\/portal\\\/?author=1\"}]}<\/script>\n<!-- \/ Yoast SEO plugin. -->","yoast_head_json":{"title":"Justi\u00e7a Eleitoral reverte cassa\u00e7\u00e3o do prefeito de Marilac - Aconteceu no Vale","robots":{"index":"index","follow":"follow","max-snippet":"max-snippet:-1","max-image-preview":"max-image-preview:large","max-video-preview":"max-video-preview:-1"},"canonical":"https:\/\/aconteceunovale.com.br\/portal\/?p=121630","og_locale":"pt_BR","og_type":"article","og_title":"Justi\u00e7a Eleitoral reverte cassa\u00e7\u00e3o do prefeito de Marilac - Aconteceu no Vale","og_description":"O Tribunal Regional Eleitoral de Minas Gerais\u00a0reverteu, por unanimidade, na sess\u00e3o desta quinta-feira (21\/9\/2017),\u00a0a cassa\u00e7\u00e3o\u00a0do diploma do\u00a0prefeito\u00a0reeleito de\u00a0Marilac\u00a0(Regi\u00e3o do Rio Doce),\u00a0Aldo Fran\u00e7a Souto\u00a0(PMDB), e do vice-prefeito, Valter Barbosa dos Santos (PRB), pela pr\u00e1tica de conduta vedada a agente p\u00fablico em per\u00edodo eleitoral e abuso de poder pol\u00edtico. Os julgadores, com base no voto do relator, [&hellip;]","og_url":"https:\/\/aconteceunovale.com.br\/portal\/?p=121630","og_site_name":"Aconteceu no Vale","article_publisher":"https:\/\/www.facebook.com\/aconteceunovale\/","article_published_time":"2017-09-22T00:30:35+00:00","og_image":[{"width":600,"height":450,"url":"https:\/\/aconteceunovale.com.br\/portal\/wp-content\/uploads\/2017\/09\/marilac_mg.jpg","type":"image\/jpeg"}],"author":"Aconteceu no Vale","twitter_card":"summary_large_image","twitter_creator":"@noticiadosvales","twitter_site":"@noticiadosvales","twitter_misc":{"Escrito por":"Aconteceu no Vale","Est. tempo de leitura":"2 minutos"},"schema":{"@context":"https:\/\/schema.org","@graph":[{"@type":"Article","@id":"https:\/\/aconteceunovale.com.br\/portal\/?p=121630#article","isPartOf":{"@id":"https:\/\/aconteceunovale.com.br\/portal\/?p=121630"},"author":{"name":"Aconteceu no Vale","@id":"https:\/\/aconteceunovale.com.br\/portal\/#\/schema\/person\/633529146f2c94272bef50ac2953d589"},"headline":"Justi\u00e7a Eleitoral reverte cassa\u00e7\u00e3o do prefeito de Marilac","datePublished":"2017-09-22T00:30:35+00:00","mainEntityOfPage":{"@id":"https:\/\/aconteceunovale.com.br\/portal\/?p=121630"},"wordCount":392,"commentCount":0,"image":{"@id":"https:\/\/aconteceunovale.com.br\/portal\/?p=121630#primaryimage"},"thumbnailUrl":"https:\/\/aconteceunovale.com.br\/portal\/wp-content\/uploads\/2017\/09\/marilac_mg.jpg","keywords":["Aldo Fran\u00e7a","Aldo Fran\u00e7a Souto","Cassa\u00e7\u00e3o do prefeito de Marilac","Juiz Ricardo Matos de Oliveira","Justi\u00e7a Eleitoral reverte cassa\u00e7\u00e3o do prefeito de Marilac","Marilac","Minist\u00e9rio P\u00fablico Eleitoral","PMDB","PRB","Prefeito de Marilac","Prefeito eleito de Marilac","Processo prefeito de Marilac","Ricardo Matos de Oliveira","Tribunal Regional Eleitoral de Minas Gerais","Valter Barbosa dos Santos"],"articleSection":["Leste de Minas","Pol\u00edtica"],"inLanguage":"pt-BR","potentialAction":[{"@type":"CommentAction","name":"Comment","target":["https:\/\/aconteceunovale.com.br\/portal\/?p=121630#respond"]}]},{"@type":"WebPage","@id":"https:\/\/aconteceunovale.com.br\/portal\/?p=121630","url":"https:\/\/aconteceunovale.com.br\/portal\/?p=121630","name":"Justi\u00e7a Eleitoral reverte cassa\u00e7\u00e3o do prefeito de Marilac - Aconteceu no Vale","isPartOf":{"@id":"https:\/\/aconteceunovale.com.br\/portal\/#website"},"primaryImageOfPage":{"@id":"https:\/\/aconteceunovale.com.br\/portal\/?p=121630#primaryimage"},"image":{"@id":"https:\/\/aconteceunovale.com.br\/portal\/?p=121630#primaryimage"},"thumbnailUrl":"https:\/\/aconteceunovale.com.br\/portal\/wp-content\/uploads\/2017\/09\/marilac_mg.jpg","datePublished":"2017-09-22T00:30:35+00:00","author":{"@id":"https:\/\/aconteceunovale.com.br\/portal\/#\/schema\/person\/633529146f2c94272bef50ac2953d589"},"breadcrumb":{"@id":"https:\/\/aconteceunovale.com.br\/portal\/?p=121630#breadcrumb"},"inLanguage":"pt-BR","potentialAction":[{"@type":"ReadAction","target":["https:\/\/aconteceunovale.com.br\/portal\/?p=121630"]}]},{"@type":"ImageObject","inLanguage":"pt-BR","@id":"https:\/\/aconteceunovale.com.br\/portal\/?p=121630#primaryimage","url":"https:\/\/aconteceunovale.com.br\/portal\/wp-content\/uploads\/2017\/09\/marilac_mg.jpg","contentUrl":"https:\/\/aconteceunovale.com.br\/portal\/wp-content\/uploads\/2017\/09\/marilac_mg.jpg","width":600,"height":450},{"@type":"BreadcrumbList","@id":"https:\/\/aconteceunovale.com.br\/portal\/?p=121630#breadcrumb","itemListElement":[{"@type":"ListItem","position":1,"name":"In\u00edcio","item":"https:\/\/aconteceunovale.com.br\/portal\/"},{"@type":"ListItem","position":2,"name":"Justi\u00e7a Eleitoral reverte cassa\u00e7\u00e3o do prefeito de Marilac"}]},{"@type":"WebSite","@id":"https:\/\/aconteceunovale.com.br\/portal\/#website","url":"https:\/\/aconteceunovale.com.br\/portal\/","name":"Aconteceu no Vale","description":"Portal de Not\u00edcias","potentialAction":[{"@type":"SearchAction","target":{"@type":"EntryPoint","urlTemplate":"https:\/\/aconteceunovale.com.br\/portal\/?s={search_term_string}"},"query-input":{"@type":"PropertyValueSpecification","valueRequired":true,"valueName":"search_term_string"}}],"inLanguage":"pt-BR"},{"@type":"Person","@id":"https:\/\/aconteceunovale.com.br\/portal\/#\/schema\/person\/633529146f2c94272bef50ac2953d589","name":"Aconteceu no Vale","description":"Equipe de reportagem do Aconteceu no Vale, portal de not\u00edcias do Vale do Jequitinhonha, em Minas Gerais. Cobrimos as 51 cidades do Vale desde 2013. Sugest\u00f5es de pauta e pedidos de corre\u00e7\u00e3o: contato@aconteceunovale.com.br","sameAs":["http:\/\/www.aconteceunovale.com.br"],"url":"https:\/\/aconteceunovale.com.br\/portal\/?author=1"}]}},"_links":{"self":[{"href":"https:\/\/aconteceunovale.com.br\/portal\/index.php?rest_route=\/wp\/v2\/posts\/121630","targetHints":{"allow":["GET"]}}],"collection":[{"href":"https:\/\/aconteceunovale.com.br\/portal\/index.php?rest_route=\/wp\/v2\/posts"}],"about":[{"href":"https:\/\/aconteceunovale.com.br\/portal\/index.php?rest_route=\/wp\/v2\/types\/post"}],"author":[{"embeddable":true,"href":"https:\/\/aconteceunovale.com.br\/portal\/index.php?rest_route=\/wp\/v2\/users\/1"}],"replies":[{"embeddable":true,"href":"https:\/\/aconteceunovale.com.br\/portal\/index.php?rest_route=%2Fwp%2Fv2%2Fcomments&post=121630"}],"version-history":[{"count":0,"href":"https:\/\/aconteceunovale.com.br\/portal\/index.php?rest_route=\/wp\/v2\/posts\/121630\/revisions"}],"wp:featuredmedia":[{"embeddable":true,"href":"https:\/\/aconteceunovale.com.br\/portal\/index.php?rest_route=\/wp\/v2\/media\/121631"}],"wp:attachment":[{"href":"https:\/\/aconteceunovale.com.br\/portal\/index.php?rest_route=%2Fwp%2Fv2%2Fmedia&parent=121630"}],"wp:term":[{"taxonomy":"category","embeddable":true,"href":"https:\/\/aconteceunovale.com.br\/portal\/index.php?rest_route=%2Fwp%2Fv2%2Fcategories&post=121630"},{"taxonomy":"post_tag","embeddable":true,"href":"https:\/\/aconteceunovale.com.br\/portal\/index.php?rest_route=%2Fwp%2Fv2%2Ftags&post=121630"}],"curies":[{"name":"wp","href":"https:\/\/api.w.org\/{rel}","templated":true}]}}