{"id":121628,"date":"2017-09-21T22:09:07","date_gmt":"2017-09-22T00:09:07","guid":{"rendered":"http:\/\/aconteceunovale.com.br\/portal\/?p=121628"},"modified":"2017-09-21T22:09:07","modified_gmt":"2017-09-22T00:09:07","slug":"governo-de-minas-atrasa-pagamento-de-parte-dos-funcionarios","status":"publish","type":"post","link":"https:\/\/aconteceunovale.com.br\/portal\/?p=121628","title":{"rendered":"Governo de Minas atrasa pagamento de parte dos funcion\u00e1rios"},"content":{"rendered":"<p>Pelo segundo m\u00eas consecutivo, o Governo de Minas Gerais atrasou o pagamento dos servidores p\u00fablicos. De acordo com o cronograma divulgado pelo Estado, o funcionalismo deveria receber a segunda parcela do sal\u00e1rio nesta quinta-feira (21\/09\/2017), por\u00e9m apenas uma parte do funcionalismo recebeu.<\/p>\n<p>No m\u00eas passado, a parcela teria que ser depositada no dia 24, mas alguns servidores receberam nos dias 25 e 26. Mas, para este m\u00eas, o governo n\u00e3o divulgou a expectativa de quando ser\u00e1 feito o pagamento do restante dos funcion\u00e1rios.<\/p>\n<p>Como pagamento \u00e9 feito \u00e0 medida que o governo arrecada impostos, aconteceu hoje o que o funcionalismo temeu ao longo de quase todo o dia. Primeiro o governo informou uma expectativa de pagamento at\u00e9 o fim da tarde, depois at\u00e9 noite quando anunciou que, segundo nota, apesar do esfor\u00e7o do Governo Estadual em cumprir a escala de pagamentos, n\u00e3o foi poss\u00edvel depositar, nesta quinta-feira, 100% dos valores referentes \u00e0 segunda parcela em fun\u00e7\u00e3o de fluxo de caixa insuficiente.<\/p>\n<p><strong>Segue a nota do governo<\/strong><\/p>\n<p><em>&#8220;Informamos que, apesar do esfor\u00e7o do Governo Estadual em cumprir o organograma da escala de pagamentos, n\u00e3o foi poss\u00edvel depositar, nesta quinta-feira (21\/9), 100% dos valores referentes \u00e0 segunda parcela dos sal\u00e1rios dos servidores do Executivo, em fun\u00e7\u00e3o de fluxo de caixa insuficiente.<\/p>\n<p>Do total de 550 mil servidores nativos e inativos, 25% \u2013 pouco mais de 130 mil funcion\u00e1rios \u2013 ganham mais de R$ 3 mil e recebem o sal\u00e1rio dividido em duas ou tr\u00eas vezes desde o in\u00edcio do ano passado, quando o governo adotou o parcelamento em fun\u00e7\u00e3o da crise financeira.&#8221;<\/em><\/p>\n<p><strong>VER PRIMEIRO<\/strong><\/p>\n<p>Receba as not\u00edcias do Aconteceu no Vale em primeira m\u00e3o. Clique em curtir no endere\u00e7o <a href=\"https:\/\/www.facebook.com\/aconteceunovale\" target=\"_blank\"><font color=\"red\">www.facebook.com\/aconteceunovale<\/font><\/a> ou no box abaixo:<\/p>\n<div class=\"fb-like\" data-href=\"https:\/\/www.facebook.com\/aconteceunovale\" data-width=\"120\" data-layout=\"standard\" data-action=\"like\" data-size=\"small\" data-show-faces=\"true\" data-share=\"true\"><\/div>\n<p><\/br><\/p>\n<p><em>(Fonte: R\u00e1dio Itatiaia)<\/em><\/p>\n","protected":false},"excerpt":{"rendered":"<p>Pelo segundo m\u00eas consecutivo, o Governo de Minas Gerais atrasou o pagamento dos servidores p\u00fablicos. De acordo com o cronograma divulgado pelo Estado, o funcionalismo deveria receber a segunda parcela do sal\u00e1rio nesta quinta-feira (21\/09\/2017), por\u00e9m apenas uma parte do funcionalismo recebeu. No m\u00eas passado, a parcela teria que ser depositada no dia 24, mas [&hellip;]<\/p>\n","protected":false},"author":1,"featured_media":76025,"comment_status":"open","ping_status":"closed","sticky":false,"template":"","format":"standard","meta":{"amp_status":"","footnotes":""},"categories":[123],"tags":[160316,160317,160318,160319,160320,51191,160315],"class_list":["post-121628","post","type-post","status-publish","format-standard","has-post-thumbnail","hentry","category-gerais","tag-atraso-de-pagamento-do-governo-de-minas-gerais","tag-atraso-de-salarios-do-governo-de-minas-gerais","tag-atraso-governo-de-minas-gerais","tag-escalonamento-salarios-em-minas-gerais","tag-governo-de-minas-atrasa-pagamento-de-parte-dos-funcionarios","tag-governo-de-minas-gerais","tag-salario-do-governo-de-minas-gerais"],"yoast_head":"<!-- This site is optimized with the Yoast SEO plugin v28.3 - https:\/\/yoast.com\/product\/yoast-seo-wordpress\/ -->\n<title>Governo de Minas atrasa pagamento de parte dos funcion\u00e1rios - Aconteceu no Vale<\/title>\n<meta name=\"robots\" content=\"index, follow, max-snippet:-1, max-image-preview:large, max-video-preview:-1\" \/>\n<link rel=\"canonical\" href=\"https:\/\/aconteceunovale.com.br\/portal\/?p=121628\" \/>\n<meta property=\"og:locale\" content=\"pt_BR\" \/>\n<meta property=\"og:type\" content=\"article\" \/>\n<meta property=\"og:title\" content=\"Governo de Minas atrasa pagamento de parte dos funcion\u00e1rios - Aconteceu no Vale\" \/>\n<meta property=\"og:description\" content=\"Pelo segundo m\u00eas consecutivo, o Governo de Minas Gerais atrasou o pagamento dos servidores p\u00fablicos. De acordo com o cronograma divulgado pelo Estado, o funcionalismo deveria receber a segunda parcela do sal\u00e1rio nesta quinta-feira (21\/09\/2017), por\u00e9m apenas uma parte do funcionalismo recebeu. No m\u00eas passado, a parcela teria que ser depositada no dia 24, mas [&hellip;]\" \/>\n<meta property=\"og:url\" content=\"https:\/\/aconteceunovale.com.br\/portal\/?p=121628\" \/>\n<meta property=\"og:site_name\" content=\"Aconteceu no Vale\" \/>\n<meta property=\"article:publisher\" content=\"https:\/\/www.facebook.com\/aconteceunovale\/\" \/>\n<meta property=\"article:published_time\" content=\"2017-09-22T00:09:07+00:00\" \/>\n<meta property=\"og:image\" content=\"https:\/\/aconteceunovale.com.br\/portal\/wp-content\/uploads\/2016\/01\/salario_atrasado.jpg\" \/>\n\t<meta property=\"og:image:width\" content=\"500\" \/>\n\t<meta property=\"og:image:height\" content=\"375\" \/>\n\t<meta property=\"og:image:type\" content=\"image\/jpeg\" \/>\n<meta name=\"author\" content=\"Aconteceu no Vale\" \/>\n<meta name=\"twitter:card\" content=\"summary_large_image\" \/>\n<meta name=\"twitter:creator\" content=\"@noticiadosvales\" \/>\n<meta name=\"twitter:site\" content=\"@noticiadosvales\" \/>\n<meta name=\"twitter:label1\" content=\"Escrito por\" \/>\n\t<meta name=\"twitter:data1\" content=\"Aconteceu no Vale\" \/>\n\t<meta name=\"twitter:label2\" content=\"Est. tempo de leitura\" \/>\n\t<meta name=\"twitter:data2\" content=\"1 minuto\" \/>\n<script type=\"application\/ld+json\" class=\"yoast-schema-graph\">{\"@context\":\"https:\\\/\\\/schema.org\",\"@graph\":[{\"@type\":\"Article\",\"@id\":\"https:\\\/\\\/aconteceunovale.com.br\\\/portal\\\/?p=121628#article\",\"isPartOf\":{\"@id\":\"https:\\\/\\\/aconteceunovale.com.br\\\/portal\\\/?p=121628\"},\"author\":{\"name\":\"Aconteceu no Vale\",\"@id\":\"https:\\\/\\\/aconteceunovale.com.br\\\/portal\\\/#\\\/schema\\\/person\\\/633529146f2c94272bef50ac2953d589\"},\"headline\":\"Governo de Minas atrasa pagamento de parte dos funcion\u00e1rios\",\"datePublished\":\"2017-09-22T00:09:07+00:00\",\"mainEntityOfPage\":{\"@id\":\"https:\\\/\\\/aconteceunovale.com.br\\\/portal\\\/?p=121628\"},\"wordCount\":307,\"commentCount\":0,\"image\":{\"@id\":\"https:\\\/\\\/aconteceunovale.com.br\\\/portal\\\/?p=121628#primaryimage\"},\"thumbnailUrl\":\"https:\\\/\\\/aconteceunovale.com.br\\\/portal\\\/wp-content\\\/uploads\\\/2016\\\/01\\\/salario_atrasado.jpg\",\"keywords\":[\"Atraso de pagamento do Governo de Minas Gerais\",\"Atraso de sal\u00e1rios do Governo de Minas Gerais\",\"Atraso Governo de Minas Gerais\",\"Escalonamento sal\u00e1rios em Minas Gerais\",\"Governo de Minas atrasa pagamento de parte dos funcion\u00e1rios\",\"Governo de Minas Gerais\",\"Sal\u00e1rio do Governo de Minas Gerais\"],\"articleSection\":[\"Minas Gerais\"],\"inLanguage\":\"pt-BR\",\"potentialAction\":[{\"@type\":\"CommentAction\",\"name\":\"Comment\",\"target\":[\"https:\\\/\\\/aconteceunovale.com.br\\\/portal\\\/?p=121628#respond\"]}]},{\"@type\":\"WebPage\",\"@id\":\"https:\\\/\\\/aconteceunovale.com.br\\\/portal\\\/?p=121628\",\"url\":\"https:\\\/\\\/aconteceunovale.com.br\\\/portal\\\/?p=121628\",\"name\":\"Governo de Minas atrasa pagamento de parte dos funcion\u00e1rios - Aconteceu no Vale\",\"isPartOf\":{\"@id\":\"https:\\\/\\\/aconteceunovale.com.br\\\/portal\\\/#website\"},\"primaryImageOfPage\":{\"@id\":\"https:\\\/\\\/aconteceunovale.com.br\\\/portal\\\/?p=121628#primaryimage\"},\"image\":{\"@id\":\"https:\\\/\\\/aconteceunovale.com.br\\\/portal\\\/?p=121628#primaryimage\"},\"thumbnailUrl\":\"https:\\\/\\\/aconteceunovale.com.br\\\/portal\\\/wp-content\\\/uploads\\\/2016\\\/01\\\/salario_atrasado.jpg\",\"datePublished\":\"2017-09-22T00:09:07+00:00\",\"author\":{\"@id\":\"https:\\\/\\\/aconteceunovale.com.br\\\/portal\\\/#\\\/schema\\\/person\\\/633529146f2c94272bef50ac2953d589\"},\"breadcrumb\":{\"@id\":\"https:\\\/\\\/aconteceunovale.com.br\\\/portal\\\/?p=121628#breadcrumb\"},\"inLanguage\":\"pt-BR\",\"potentialAction\":[{\"@type\":\"ReadAction\",\"target\":[\"https:\\\/\\\/aconteceunovale.com.br\\\/portal\\\/?p=121628\"]}]},{\"@type\":\"ImageObject\",\"inLanguage\":\"pt-BR\",\"@id\":\"https:\\\/\\\/aconteceunovale.com.br\\\/portal\\\/?p=121628#primaryimage\",\"url\":\"https:\\\/\\\/aconteceunovale.com.br\\\/portal\\\/wp-content\\\/uploads\\\/2016\\\/01\\\/salario_atrasado.jpg\",\"contentUrl\":\"https:\\\/\\\/aconteceunovale.com.br\\\/portal\\\/wp-content\\\/uploads\\\/2016\\\/01\\\/salario_atrasado.jpg\",\"width\":500,\"height\":375},{\"@type\":\"BreadcrumbList\",\"@id\":\"https:\\\/\\\/aconteceunovale.com.br\\\/portal\\\/?p=121628#breadcrumb\",\"itemListElement\":[{\"@type\":\"ListItem\",\"position\":1,\"name\":\"In\u00edcio\",\"item\":\"https:\\\/\\\/aconteceunovale.com.br\\\/portal\\\/\"},{\"@type\":\"ListItem\",\"position\":2,\"name\":\"Governo de Minas atrasa pagamento de parte dos funcion\u00e1rios\"}]},{\"@type\":\"WebSite\",\"@id\":\"https:\\\/\\\/aconteceunovale.com.br\\\/portal\\\/#website\",\"url\":\"https:\\\/\\\/aconteceunovale.com.br\\\/portal\\\/\",\"name\":\"Aconteceu no Vale\",\"description\":\"Portal de Not\u00edcias\",\"potentialAction\":[{\"@type\":\"SearchAction\",\"target\":{\"@type\":\"EntryPoint\",\"urlTemplate\":\"https:\\\/\\\/aconteceunovale.com.br\\\/portal\\\/?s={search_term_string}\"},\"query-input\":{\"@type\":\"PropertyValueSpecification\",\"valueRequired\":true,\"valueName\":\"search_term_string\"}}],\"inLanguage\":\"pt-BR\"},{\"@type\":\"Person\",\"@id\":\"https:\\\/\\\/aconteceunovale.com.br\\\/portal\\\/#\\\/schema\\\/person\\\/633529146f2c94272bef50ac2953d589\",\"name\":\"Aconteceu no Vale\",\"description\":\"Equipe de reportagem do Aconteceu no Vale, portal de not\u00edcias do Vale do Jequitinhonha, em Minas Gerais. Cobrimos as 51 cidades do Vale desde 2013. Sugest\u00f5es de pauta e pedidos de corre\u00e7\u00e3o: contato@aconteceunovale.com.br\",\"sameAs\":[\"http:\\\/\\\/www.aconteceunovale.com.br\"],\"url\":\"https:\\\/\\\/aconteceunovale.com.br\\\/portal\\\/?author=1\"}]}<\/script>\n<!-- \/ Yoast SEO plugin. -->","yoast_head_json":{"title":"Governo de Minas atrasa pagamento de parte dos funcion\u00e1rios - Aconteceu no Vale","robots":{"index":"index","follow":"follow","max-snippet":"max-snippet:-1","max-image-preview":"max-image-preview:large","max-video-preview":"max-video-preview:-1"},"canonical":"https:\/\/aconteceunovale.com.br\/portal\/?p=121628","og_locale":"pt_BR","og_type":"article","og_title":"Governo de Minas atrasa pagamento de parte dos funcion\u00e1rios - Aconteceu no Vale","og_description":"Pelo segundo m\u00eas consecutivo, o Governo de Minas Gerais atrasou o pagamento dos servidores p\u00fablicos. De acordo com o cronograma divulgado pelo Estado, o funcionalismo deveria receber a segunda parcela do sal\u00e1rio nesta quinta-feira (21\/09\/2017), por\u00e9m apenas uma parte do funcionalismo recebeu. No m\u00eas passado, a parcela teria que ser depositada no dia 24, mas [&hellip;]","og_url":"https:\/\/aconteceunovale.com.br\/portal\/?p=121628","og_site_name":"Aconteceu no Vale","article_publisher":"https:\/\/www.facebook.com\/aconteceunovale\/","article_published_time":"2017-09-22T00:09:07+00:00","og_image":[{"width":500,"height":375,"url":"https:\/\/aconteceunovale.com.br\/portal\/wp-content\/uploads\/2016\/01\/salario_atrasado.jpg","type":"image\/jpeg"}],"author":"Aconteceu no Vale","twitter_card":"summary_large_image","twitter_creator":"@noticiadosvales","twitter_site":"@noticiadosvales","twitter_misc":{"Escrito por":"Aconteceu no Vale","Est. tempo de leitura":"1 minuto"},"schema":{"@context":"https:\/\/schema.org","@graph":[{"@type":"Article","@id":"https:\/\/aconteceunovale.com.br\/portal\/?p=121628#article","isPartOf":{"@id":"https:\/\/aconteceunovale.com.br\/portal\/?p=121628"},"author":{"name":"Aconteceu no Vale","@id":"https:\/\/aconteceunovale.com.br\/portal\/#\/schema\/person\/633529146f2c94272bef50ac2953d589"},"headline":"Governo de Minas atrasa pagamento de parte dos funcion\u00e1rios","datePublished":"2017-09-22T00:09:07+00:00","mainEntityOfPage":{"@id":"https:\/\/aconteceunovale.com.br\/portal\/?p=121628"},"wordCount":307,"commentCount":0,"image":{"@id":"https:\/\/aconteceunovale.com.br\/portal\/?p=121628#primaryimage"},"thumbnailUrl":"https:\/\/aconteceunovale.com.br\/portal\/wp-content\/uploads\/2016\/01\/salario_atrasado.jpg","keywords":["Atraso de pagamento do Governo de Minas Gerais","Atraso de sal\u00e1rios do Governo de Minas Gerais","Atraso Governo de Minas Gerais","Escalonamento sal\u00e1rios em Minas Gerais","Governo de Minas atrasa pagamento de parte dos funcion\u00e1rios","Governo de Minas Gerais","Sal\u00e1rio do Governo de Minas Gerais"],"articleSection":["Minas Gerais"],"inLanguage":"pt-BR","potentialAction":[{"@type":"CommentAction","name":"Comment","target":["https:\/\/aconteceunovale.com.br\/portal\/?p=121628#respond"]}]},{"@type":"WebPage","@id":"https:\/\/aconteceunovale.com.br\/portal\/?p=121628","url":"https:\/\/aconteceunovale.com.br\/portal\/?p=121628","name":"Governo de Minas atrasa pagamento de parte dos funcion\u00e1rios - Aconteceu no Vale","isPartOf":{"@id":"https:\/\/aconteceunovale.com.br\/portal\/#website"},"primaryImageOfPage":{"@id":"https:\/\/aconteceunovale.com.br\/portal\/?p=121628#primaryimage"},"image":{"@id":"https:\/\/aconteceunovale.com.br\/portal\/?p=121628#primaryimage"},"thumbnailUrl":"https:\/\/aconteceunovale.com.br\/portal\/wp-content\/uploads\/2016\/01\/salario_atrasado.jpg","datePublished":"2017-09-22T00:09:07+00:00","author":{"@id":"https:\/\/aconteceunovale.com.br\/portal\/#\/schema\/person\/633529146f2c94272bef50ac2953d589"},"breadcrumb":{"@id":"https:\/\/aconteceunovale.com.br\/portal\/?p=121628#breadcrumb"},"inLanguage":"pt-BR","potentialAction":[{"@type":"ReadAction","target":["https:\/\/aconteceunovale.com.br\/portal\/?p=121628"]}]},{"@type":"ImageObject","inLanguage":"pt-BR","@id":"https:\/\/aconteceunovale.com.br\/portal\/?p=121628#primaryimage","url":"https:\/\/aconteceunovale.com.br\/portal\/wp-content\/uploads\/2016\/01\/salario_atrasado.jpg","contentUrl":"https:\/\/aconteceunovale.com.br\/portal\/wp-content\/uploads\/2016\/01\/salario_atrasado.jpg","width":500,"height":375},{"@type":"BreadcrumbList","@id":"https:\/\/aconteceunovale.com.br\/portal\/?p=121628#breadcrumb","itemListElement":[{"@type":"ListItem","position":1,"name":"In\u00edcio","item":"https:\/\/aconteceunovale.com.br\/portal\/"},{"@type":"ListItem","position":2,"name":"Governo de Minas atrasa pagamento de parte dos funcion\u00e1rios"}]},{"@type":"WebSite","@id":"https:\/\/aconteceunovale.com.br\/portal\/#website","url":"https:\/\/aconteceunovale.com.br\/portal\/","name":"Aconteceu no Vale","description":"Portal de Not\u00edcias","potentialAction":[{"@type":"SearchAction","target":{"@type":"EntryPoint","urlTemplate":"https:\/\/aconteceunovale.com.br\/portal\/?s={search_term_string}"},"query-input":{"@type":"PropertyValueSpecification","valueRequired":true,"valueName":"search_term_string"}}],"inLanguage":"pt-BR"},{"@type":"Person","@id":"https:\/\/aconteceunovale.com.br\/portal\/#\/schema\/person\/633529146f2c94272bef50ac2953d589","name":"Aconteceu no Vale","description":"Equipe de reportagem do Aconteceu no Vale, portal de not\u00edcias do Vale do Jequitinhonha, em Minas Gerais. Cobrimos as 51 cidades do Vale desde 2013. Sugest\u00f5es de pauta e pedidos de corre\u00e7\u00e3o: contato@aconteceunovale.com.br","sameAs":["http:\/\/www.aconteceunovale.com.br"],"url":"https:\/\/aconteceunovale.com.br\/portal\/?author=1"}]}},"_links":{"self":[{"href":"https:\/\/aconteceunovale.com.br\/portal\/index.php?rest_route=\/wp\/v2\/posts\/121628","targetHints":{"allow":["GET"]}}],"collection":[{"href":"https:\/\/aconteceunovale.com.br\/portal\/index.php?rest_route=\/wp\/v2\/posts"}],"about":[{"href":"https:\/\/aconteceunovale.com.br\/portal\/index.php?rest_route=\/wp\/v2\/types\/post"}],"author":[{"embeddable":true,"href":"https:\/\/aconteceunovale.com.br\/portal\/index.php?rest_route=\/wp\/v2\/users\/1"}],"replies":[{"embeddable":true,"href":"https:\/\/aconteceunovale.com.br\/portal\/index.php?rest_route=%2Fwp%2Fv2%2Fcomments&post=121628"}],"version-history":[{"count":0,"href":"https:\/\/aconteceunovale.com.br\/portal\/index.php?rest_route=\/wp\/v2\/posts\/121628\/revisions"}],"wp:featuredmedia":[{"embeddable":true,"href":"https:\/\/aconteceunovale.com.br\/portal\/index.php?rest_route=\/wp\/v2\/media\/76025"}],"wp:attachment":[{"href":"https:\/\/aconteceunovale.com.br\/portal\/index.php?rest_route=%2Fwp%2Fv2%2Fmedia&parent=121628"}],"wp:term":[{"taxonomy":"category","embeddable":true,"href":"https:\/\/aconteceunovale.com.br\/portal\/index.php?rest_route=%2Fwp%2Fv2%2Fcategories&post=121628"},{"taxonomy":"post_tag","embeddable":true,"href":"https:\/\/aconteceunovale.com.br\/portal\/index.php?rest_route=%2Fwp%2Fv2%2Ftags&post=121628"}],"curies":[{"name":"wp","href":"https:\/\/api.w.org\/{rel}","templated":true}]}}