{"id":121618,"date":"2017-09-21T19:53:26","date_gmt":"2017-09-21T21:53:26","guid":{"rendered":"http:\/\/aconteceunovale.com.br\/portal\/?p=121618"},"modified":"2017-09-21T19:53:26","modified_gmt":"2017-09-21T21:53:26","slug":"papa-francisco-anuncia-fim-da-possibilidade-de-recurso-para-padres-que-cometem-abusos","status":"publish","type":"post","link":"https:\/\/aconteceunovale.com.br\/portal\/?p=121618","title":{"rendered":"Papa Francisco anuncia fim da possibilidade de recurso para padres que cometem abusos"},"content":{"rendered":"<p>O papa Francisco anunciou hoje (21\/9\/2017) que um religioso efetivamente condenado por abuso sexual contra um menor de idade n\u00e3o poder\u00e1 apresentar recurso e jamais ter\u00e1 a gra\u00e7a concedida. O pont\u00edfice fez este an\u00fancio ao receber os membros da Pontif\u00edcia Comiss\u00e3o para a Tutela dos Menores, organismo criado por ele h\u00e1 quatro anos para trabalhar pela educa\u00e7\u00e3o e preven\u00e7\u00e3o de abusos dentro Igreja Cat\u00f3lica.<\/p>\n<p>Francisco, que tinha um discurso escrito, deixou o protocolo de lado para falar de improviso sobre algumas das preocupa\u00e7\u00f5es e acusa\u00e7\u00f5es de atraso que surgiram sobre como a Igreja est\u00e1 enfrentando o problema e reconheceu que existe lentid\u00e3o na hora de analisar os muitos casos que chegam.<\/p>\n<p>Segundo o papa, os atrasos se devem a dois fatores: falta de pessoal e os v\u00e1rios pedidos de recurso. &#8220;Os advogados trabalham para tentar diminuir a pena, porque \u00e9 disso que os advogados vivem&#8221;, explicou o pont\u00edfice, lembrando que ent\u00e3o todos os aspectos legais s\u00e3o analisados novamente, provocando mais atraso.<\/p>\n<p>Diante disso, Francisco anunciou que est\u00e1 trabalhando para que quando um abuso for provado, isso ser\u00e1 suficiente para n\u00e3o admitir recurso.&#8221;Se h\u00e1 provas, ponto. (A senten\u00e7a) \u00e9 definitiva&#8221;, declarou.<\/p>\n<p>Para Francisco, uma pessoa que comete um abuso \u00e9 &#8220;doente&#8221; e n\u00e3o pode ser perdoada porque pode voltar a cometer o mesmo crime dentro de pouco tempo. &#8220;Temos que botar na cabe\u00e7a que \u00e9 uma doen\u00e7a&#8221;, afirmou ele, reiterando a &#8220;toler\u00e2ncia zero contra os abusos&#8221;.<\/p>\n<p>Durante o seu discurso, o papa citou o \u00e1rduo trabalho da Comiss\u00e3o e disse que a Igreja demorou a &#8220;tomar consci\u00eancia&#8221; sobre este problema. Entre as pessoas que ouviram as palavras de Francisco estavam o ingl\u00eas Peter Saunders e a irlandesa Marie Collins, que sofreram abusos sexuais de padres durante a inf\u00e2ncia.<\/p>\n<p><strong>VER PRIMEIRO<\/strong><\/p>\n<p>Receba as not\u00edcias do Aconteceu no Vale em primeira m\u00e3o. Clique em curtir no endere\u00e7o <a href=\"https:\/\/www.facebook.com\/aconteceunovale\" target=\"_blank\"><font color=\"red\">www.facebook.com\/aconteceunovale<\/font><\/a> ou no box abaixo:<\/p>\n<div class=\"fb-like\" data-href=\"https:\/\/www.facebook.com\/aconteceunovale\" data-width=\"120\" data-layout=\"standard\" data-action=\"like\" data-size=\"small\" data-show-faces=\"true\" data-share=\"true\"><\/div>\n<p><\/br><\/p>\n<p><em>(Fonte: EFE, via Ag\u00eancia Brasil)<\/em><\/p>\n","protected":false},"excerpt":{"rendered":"<p>O papa Francisco anunciou hoje (21\/9\/2017) que um religioso efetivamente condenado por abuso sexual contra um menor de idade n\u00e3o poder\u00e1 apresentar recurso e jamais ter\u00e1 a gra\u00e7a concedida. O pont\u00edfice fez este an\u00fancio ao receber os membros da Pontif\u00edcia Comiss\u00e3o para a Tutela dos Menores, organismo criado por ele h\u00e1 quatro anos para trabalhar [&hellip;]<\/p>\n","protected":false},"author":1,"featured_media":79513,"comment_status":"open","ping_status":"closed","sticky":false,"template":"","format":"standard","meta":{"amp_status":"","footnotes":""},"categories":[28848],"tags":[97647,160300,160298,160295,946,160301,160297,103373,160296,160299],"class_list":["post-121618","post","type-post","status-publish","format-standard","has-post-thumbnail","hentry","category-mundo","tag-abusos-sexuais","tag-padres","tag-padres-que-cometem-abusos","tag-papa-anuncia-fim-da-possibilidade-de-recurso-para-padres-que-cometem-abusos","tag-papa-francisco","tag-papa-francisco-anuncia-fim-da-possibilidade-de-recurso-para-padres-que-cometem-abusos","tag-possibilidade-de-recurso-para-padres-que-cometem-abusos","tag-recurso","tag-recurso-para-padres-que-cometem-abusos","tag-religioso-efetivamente-condenado-por-abuso-sexual-contra-um-menor-de-idade-nao-podera-apresentar-recurso-e-jamais-tera-a-graca-concedida"],"yoast_head":"<!-- This site is optimized with the Yoast SEO plugin v28.3 - https:\/\/yoast.com\/product\/yoast-seo-wordpress\/ -->\n<title>Papa Francisco anuncia fim da possibilidade de recurso para padres que cometem abusos - Aconteceu no Vale<\/title>\n<meta name=\"robots\" content=\"index, follow, max-snippet:-1, max-image-preview:large, max-video-preview:-1\" \/>\n<link rel=\"canonical\" href=\"https:\/\/aconteceunovale.com.br\/portal\/?p=121618\" \/>\n<meta property=\"og:locale\" content=\"pt_BR\" \/>\n<meta property=\"og:type\" content=\"article\" \/>\n<meta property=\"og:title\" content=\"Papa Francisco anuncia fim da possibilidade de recurso para padres que cometem abusos - Aconteceu no Vale\" \/>\n<meta property=\"og:description\" content=\"O papa Francisco anunciou hoje (21\/9\/2017) que um religioso efetivamente condenado por abuso sexual contra um menor de idade n\u00e3o poder\u00e1 apresentar recurso e jamais ter\u00e1 a gra\u00e7a concedida. O pont\u00edfice fez este an\u00fancio ao receber os membros da Pontif\u00edcia Comiss\u00e3o para a Tutela dos Menores, organismo criado por ele h\u00e1 quatro anos para trabalhar [&hellip;]\" \/>\n<meta property=\"og:url\" content=\"https:\/\/aconteceunovale.com.br\/portal\/?p=121618\" \/>\n<meta property=\"og:site_name\" content=\"Aconteceu no Vale\" \/>\n<meta property=\"article:publisher\" content=\"https:\/\/www.facebook.com\/aconteceunovale\/\" \/>\n<meta property=\"article:published_time\" content=\"2017-09-21T21:53:26+00:00\" \/>\n<meta property=\"og:image\" content=\"https:\/\/aconteceunovale.com.br\/portal\/wp-content\/uploads\/2016\/02\/papa_pena_de_morte.jpg\" \/>\n\t<meta property=\"og:image:width\" content=\"629\" \/>\n\t<meta property=\"og:image:height\" content=\"353\" \/>\n\t<meta property=\"og:image:type\" content=\"image\/jpeg\" \/>\n<meta name=\"author\" content=\"Aconteceu no Vale\" \/>\n<meta name=\"twitter:card\" content=\"summary_large_image\" \/>\n<meta name=\"twitter:creator\" content=\"@noticiadosvales\" \/>\n<meta name=\"twitter:site\" content=\"@noticiadosvales\" \/>\n<meta name=\"twitter:label1\" content=\"Escrito por\" \/>\n\t<meta name=\"twitter:data1\" content=\"Aconteceu no Vale\" \/>\n\t<meta name=\"twitter:label2\" content=\"Est. tempo de leitura\" \/>\n\t<meta name=\"twitter:data2\" content=\"2 minutos\" \/>\n<script type=\"application\/ld+json\" class=\"yoast-schema-graph\">{\"@context\":\"https:\\\/\\\/schema.org\",\"@graph\":[{\"@type\":\"Article\",\"@id\":\"https:\\\/\\\/aconteceunovale.com.br\\\/portal\\\/?p=121618#article\",\"isPartOf\":{\"@id\":\"https:\\\/\\\/aconteceunovale.com.br\\\/portal\\\/?p=121618\"},\"author\":{\"name\":\"Aconteceu no Vale\",\"@id\":\"https:\\\/\\\/aconteceunovale.com.br\\\/portal\\\/#\\\/schema\\\/person\\\/633529146f2c94272bef50ac2953d589\"},\"headline\":\"Papa Francisco anuncia fim da possibilidade de recurso para padres que cometem abusos\",\"datePublished\":\"2017-09-21T21:53:26+00:00\",\"mainEntityOfPage\":{\"@id\":\"https:\\\/\\\/aconteceunovale.com.br\\\/portal\\\/?p=121618\"},\"wordCount\":356,\"commentCount\":0,\"image\":{\"@id\":\"https:\\\/\\\/aconteceunovale.com.br\\\/portal\\\/?p=121618#primaryimage\"},\"thumbnailUrl\":\"https:\\\/\\\/aconteceunovale.com.br\\\/portal\\\/wp-content\\\/uploads\\\/2016\\\/02\\\/papa_pena_de_morte.jpg\",\"keywords\":[\"abusos sexuais\",\"padres\",\"Padres que cometem abusos\",\"Papa anuncia fim da possibilidade de recurso para padres que cometem abusos\",\"papa francisco\",\"Papa Francisco anuncia fim da possibilidade de recurso para padres que cometem abusos\",\"Possibilidade de recurso para padres que cometem abusos\",\"recurso\",\"Recurso para padres que cometem abusos\",\"religioso efetivamente condenado por abuso sexual contra um menor de idade n\u00e3o poder\u00e1 apresentar recurso e jamais ter\u00e1 a gra\u00e7a concedida\"],\"articleSection\":[\"Mundo\"],\"inLanguage\":\"pt-BR\",\"potentialAction\":[{\"@type\":\"CommentAction\",\"name\":\"Comment\",\"target\":[\"https:\\\/\\\/aconteceunovale.com.br\\\/portal\\\/?p=121618#respond\"]}]},{\"@type\":\"WebPage\",\"@id\":\"https:\\\/\\\/aconteceunovale.com.br\\\/portal\\\/?p=121618\",\"url\":\"https:\\\/\\\/aconteceunovale.com.br\\\/portal\\\/?p=121618\",\"name\":\"Papa Francisco anuncia fim da possibilidade de recurso para padres que cometem abusos - Aconteceu no Vale\",\"isPartOf\":{\"@id\":\"https:\\\/\\\/aconteceunovale.com.br\\\/portal\\\/#website\"},\"primaryImageOfPage\":{\"@id\":\"https:\\\/\\\/aconteceunovale.com.br\\\/portal\\\/?p=121618#primaryimage\"},\"image\":{\"@id\":\"https:\\\/\\\/aconteceunovale.com.br\\\/portal\\\/?p=121618#primaryimage\"},\"thumbnailUrl\":\"https:\\\/\\\/aconteceunovale.com.br\\\/portal\\\/wp-content\\\/uploads\\\/2016\\\/02\\\/papa_pena_de_morte.jpg\",\"datePublished\":\"2017-09-21T21:53:26+00:00\",\"author\":{\"@id\":\"https:\\\/\\\/aconteceunovale.com.br\\\/portal\\\/#\\\/schema\\\/person\\\/633529146f2c94272bef50ac2953d589\"},\"breadcrumb\":{\"@id\":\"https:\\\/\\\/aconteceunovale.com.br\\\/portal\\\/?p=121618#breadcrumb\"},\"inLanguage\":\"pt-BR\",\"potentialAction\":[{\"@type\":\"ReadAction\",\"target\":[\"https:\\\/\\\/aconteceunovale.com.br\\\/portal\\\/?p=121618\"]}]},{\"@type\":\"ImageObject\",\"inLanguage\":\"pt-BR\",\"@id\":\"https:\\\/\\\/aconteceunovale.com.br\\\/portal\\\/?p=121618#primaryimage\",\"url\":\"https:\\\/\\\/aconteceunovale.com.br\\\/portal\\\/wp-content\\\/uploads\\\/2016\\\/02\\\/papa_pena_de_morte.jpg\",\"contentUrl\":\"https:\\\/\\\/aconteceunovale.com.br\\\/portal\\\/wp-content\\\/uploads\\\/2016\\\/02\\\/papa_pena_de_morte.jpg\",\"width\":629,\"height\":353},{\"@type\":\"BreadcrumbList\",\"@id\":\"https:\\\/\\\/aconteceunovale.com.br\\\/portal\\\/?p=121618#breadcrumb\",\"itemListElement\":[{\"@type\":\"ListItem\",\"position\":1,\"name\":\"In\u00edcio\",\"item\":\"https:\\\/\\\/aconteceunovale.com.br\\\/portal\\\/\"},{\"@type\":\"ListItem\",\"position\":2,\"name\":\"Papa Francisco anuncia fim da possibilidade de recurso para padres que cometem abusos\"}]},{\"@type\":\"WebSite\",\"@id\":\"https:\\\/\\\/aconteceunovale.com.br\\\/portal\\\/#website\",\"url\":\"https:\\\/\\\/aconteceunovale.com.br\\\/portal\\\/\",\"name\":\"Aconteceu no Vale\",\"description\":\"Portal de Not\u00edcias\",\"potentialAction\":[{\"@type\":\"SearchAction\",\"target\":{\"@type\":\"EntryPoint\",\"urlTemplate\":\"https:\\\/\\\/aconteceunovale.com.br\\\/portal\\\/?s={search_term_string}\"},\"query-input\":{\"@type\":\"PropertyValueSpecification\",\"valueRequired\":true,\"valueName\":\"search_term_string\"}}],\"inLanguage\":\"pt-BR\"},{\"@type\":\"Person\",\"@id\":\"https:\\\/\\\/aconteceunovale.com.br\\\/portal\\\/#\\\/schema\\\/person\\\/633529146f2c94272bef50ac2953d589\",\"name\":\"Aconteceu no Vale\",\"description\":\"Equipe de reportagem do Aconteceu no Vale, portal de not\u00edcias do Vale do Jequitinhonha, em Minas Gerais. Cobrimos as 51 cidades do Vale desde 2013. Sugest\u00f5es de pauta e pedidos de corre\u00e7\u00e3o: contato@aconteceunovale.com.br\",\"sameAs\":[\"http:\\\/\\\/www.aconteceunovale.com.br\"],\"url\":\"https:\\\/\\\/aconteceunovale.com.br\\\/portal\\\/?author=1\"}]}<\/script>\n<!-- \/ Yoast SEO plugin. -->","yoast_head_json":{"title":"Papa Francisco anuncia fim da possibilidade de recurso para padres que cometem abusos - Aconteceu no Vale","robots":{"index":"index","follow":"follow","max-snippet":"max-snippet:-1","max-image-preview":"max-image-preview:large","max-video-preview":"max-video-preview:-1"},"canonical":"https:\/\/aconteceunovale.com.br\/portal\/?p=121618","og_locale":"pt_BR","og_type":"article","og_title":"Papa Francisco anuncia fim da possibilidade de recurso para padres que cometem abusos - Aconteceu no Vale","og_description":"O papa Francisco anunciou hoje (21\/9\/2017) que um religioso efetivamente condenado por abuso sexual contra um menor de idade n\u00e3o poder\u00e1 apresentar recurso e jamais ter\u00e1 a gra\u00e7a concedida. O pont\u00edfice fez este an\u00fancio ao receber os membros da Pontif\u00edcia Comiss\u00e3o para a Tutela dos Menores, organismo criado por ele h\u00e1 quatro anos para trabalhar [&hellip;]","og_url":"https:\/\/aconteceunovale.com.br\/portal\/?p=121618","og_site_name":"Aconteceu no Vale","article_publisher":"https:\/\/www.facebook.com\/aconteceunovale\/","article_published_time":"2017-09-21T21:53:26+00:00","og_image":[{"width":629,"height":353,"url":"https:\/\/aconteceunovale.com.br\/portal\/wp-content\/uploads\/2016\/02\/papa_pena_de_morte.jpg","type":"image\/jpeg"}],"author":"Aconteceu no Vale","twitter_card":"summary_large_image","twitter_creator":"@noticiadosvales","twitter_site":"@noticiadosvales","twitter_misc":{"Escrito por":"Aconteceu no Vale","Est. tempo de leitura":"2 minutos"},"schema":{"@context":"https:\/\/schema.org","@graph":[{"@type":"Article","@id":"https:\/\/aconteceunovale.com.br\/portal\/?p=121618#article","isPartOf":{"@id":"https:\/\/aconteceunovale.com.br\/portal\/?p=121618"},"author":{"name":"Aconteceu no Vale","@id":"https:\/\/aconteceunovale.com.br\/portal\/#\/schema\/person\/633529146f2c94272bef50ac2953d589"},"headline":"Papa Francisco anuncia fim da possibilidade de recurso para padres que cometem abusos","datePublished":"2017-09-21T21:53:26+00:00","mainEntityOfPage":{"@id":"https:\/\/aconteceunovale.com.br\/portal\/?p=121618"},"wordCount":356,"commentCount":0,"image":{"@id":"https:\/\/aconteceunovale.com.br\/portal\/?p=121618#primaryimage"},"thumbnailUrl":"https:\/\/aconteceunovale.com.br\/portal\/wp-content\/uploads\/2016\/02\/papa_pena_de_morte.jpg","keywords":["abusos sexuais","padres","Padres que cometem abusos","Papa anuncia fim da possibilidade de recurso para padres que cometem abusos","papa francisco","Papa Francisco anuncia fim da possibilidade de recurso para padres que cometem abusos","Possibilidade de recurso para padres que cometem abusos","recurso","Recurso para padres que cometem abusos","religioso efetivamente condenado por abuso sexual contra um menor de idade n\u00e3o poder\u00e1 apresentar recurso e jamais ter\u00e1 a gra\u00e7a concedida"],"articleSection":["Mundo"],"inLanguage":"pt-BR","potentialAction":[{"@type":"CommentAction","name":"Comment","target":["https:\/\/aconteceunovale.com.br\/portal\/?p=121618#respond"]}]},{"@type":"WebPage","@id":"https:\/\/aconteceunovale.com.br\/portal\/?p=121618","url":"https:\/\/aconteceunovale.com.br\/portal\/?p=121618","name":"Papa Francisco anuncia fim da possibilidade de recurso para padres que cometem abusos - Aconteceu no Vale","isPartOf":{"@id":"https:\/\/aconteceunovale.com.br\/portal\/#website"},"primaryImageOfPage":{"@id":"https:\/\/aconteceunovale.com.br\/portal\/?p=121618#primaryimage"},"image":{"@id":"https:\/\/aconteceunovale.com.br\/portal\/?p=121618#primaryimage"},"thumbnailUrl":"https:\/\/aconteceunovale.com.br\/portal\/wp-content\/uploads\/2016\/02\/papa_pena_de_morte.jpg","datePublished":"2017-09-21T21:53:26+00:00","author":{"@id":"https:\/\/aconteceunovale.com.br\/portal\/#\/schema\/person\/633529146f2c94272bef50ac2953d589"},"breadcrumb":{"@id":"https:\/\/aconteceunovale.com.br\/portal\/?p=121618#breadcrumb"},"inLanguage":"pt-BR","potentialAction":[{"@type":"ReadAction","target":["https:\/\/aconteceunovale.com.br\/portal\/?p=121618"]}]},{"@type":"ImageObject","inLanguage":"pt-BR","@id":"https:\/\/aconteceunovale.com.br\/portal\/?p=121618#primaryimage","url":"https:\/\/aconteceunovale.com.br\/portal\/wp-content\/uploads\/2016\/02\/papa_pena_de_morte.jpg","contentUrl":"https:\/\/aconteceunovale.com.br\/portal\/wp-content\/uploads\/2016\/02\/papa_pena_de_morte.jpg","width":629,"height":353},{"@type":"BreadcrumbList","@id":"https:\/\/aconteceunovale.com.br\/portal\/?p=121618#breadcrumb","itemListElement":[{"@type":"ListItem","position":1,"name":"In\u00edcio","item":"https:\/\/aconteceunovale.com.br\/portal\/"},{"@type":"ListItem","position":2,"name":"Papa Francisco anuncia fim da possibilidade de recurso para padres que cometem abusos"}]},{"@type":"WebSite","@id":"https:\/\/aconteceunovale.com.br\/portal\/#website","url":"https:\/\/aconteceunovale.com.br\/portal\/","name":"Aconteceu no Vale","description":"Portal de Not\u00edcias","potentialAction":[{"@type":"SearchAction","target":{"@type":"EntryPoint","urlTemplate":"https:\/\/aconteceunovale.com.br\/portal\/?s={search_term_string}"},"query-input":{"@type":"PropertyValueSpecification","valueRequired":true,"valueName":"search_term_string"}}],"inLanguage":"pt-BR"},{"@type":"Person","@id":"https:\/\/aconteceunovale.com.br\/portal\/#\/schema\/person\/633529146f2c94272bef50ac2953d589","name":"Aconteceu no Vale","description":"Equipe de reportagem do Aconteceu no Vale, portal de not\u00edcias do Vale do Jequitinhonha, em Minas Gerais. Cobrimos as 51 cidades do Vale desde 2013. Sugest\u00f5es de pauta e pedidos de corre\u00e7\u00e3o: contato@aconteceunovale.com.br","sameAs":["http:\/\/www.aconteceunovale.com.br"],"url":"https:\/\/aconteceunovale.com.br\/portal\/?author=1"}]}},"_links":{"self":[{"href":"https:\/\/aconteceunovale.com.br\/portal\/index.php?rest_route=\/wp\/v2\/posts\/121618","targetHints":{"allow":["GET"]}}],"collection":[{"href":"https:\/\/aconteceunovale.com.br\/portal\/index.php?rest_route=\/wp\/v2\/posts"}],"about":[{"href":"https:\/\/aconteceunovale.com.br\/portal\/index.php?rest_route=\/wp\/v2\/types\/post"}],"author":[{"embeddable":true,"href":"https:\/\/aconteceunovale.com.br\/portal\/index.php?rest_route=\/wp\/v2\/users\/1"}],"replies":[{"embeddable":true,"href":"https:\/\/aconteceunovale.com.br\/portal\/index.php?rest_route=%2Fwp%2Fv2%2Fcomments&post=121618"}],"version-history":[{"count":0,"href":"https:\/\/aconteceunovale.com.br\/portal\/index.php?rest_route=\/wp\/v2\/posts\/121618\/revisions"}],"wp:featuredmedia":[{"embeddable":true,"href":"https:\/\/aconteceunovale.com.br\/portal\/index.php?rest_route=\/wp\/v2\/media\/79513"}],"wp:attachment":[{"href":"https:\/\/aconteceunovale.com.br\/portal\/index.php?rest_route=%2Fwp%2Fv2%2Fmedia&parent=121618"}],"wp:term":[{"taxonomy":"category","embeddable":true,"href":"https:\/\/aconteceunovale.com.br\/portal\/index.php?rest_route=%2Fwp%2Fv2%2Fcategories&post=121618"},{"taxonomy":"post_tag","embeddable":true,"href":"https:\/\/aconteceunovale.com.br\/portal\/index.php?rest_route=%2Fwp%2Fv2%2Ftags&post=121618"}],"curies":[{"name":"wp","href":"https:\/\/api.w.org\/{rel}","templated":true}]}}