{"id":121592,"date":"2017-09-20T21:33:43","date_gmt":"2017-09-20T23:33:43","guid":{"rendered":"http:\/\/aconteceunovale.com.br\/portal\/?p=121592"},"modified":"2017-09-20T21:33:43","modified_gmt":"2017-09-20T23:33:43","slug":"justica-proibe-serasa-de-adotar-praticas-lesivas-ao-consumidor","status":"publish","type":"post","link":"https:\/\/aconteceunovale.com.br\/portal\/?p=121592","title":{"rendered":"Justi\u00e7a pro\u00edbe Serasa de adotar pr\u00e1ticas lesivas ao consumidor"},"content":{"rendered":"<p>O Minist\u00e9rio P\u00fablico de Minas Gerais (MPMG) obteve decis\u00e3o liminar favor\u00e1vel da Justi\u00e7a proibindo a Serasa de negativar nomes de consumidores quando houver determina\u00e7\u00e3o legal ou recomenda\u00e7\u00e3o de \u00f3rg\u00e3o de defesa do consumidor. Al\u00e9m disso, a Serasa n\u00e3o poder\u00e1 cobrar por servi\u00e7os n\u00e3o prestados em rela\u00e7\u00e3o \u00e0s consultas n\u00e3o realizadas pelos lojistas. A Justi\u00e7a estabeleceu pena de R$1 mil por cobran\u00e7a ou negativa\u00e7\u00e3o indevida.<\/p>\n<p>Na a\u00e7\u00e3o ajuizada contra o \u00f3rg\u00e3o, a 3\u00aa Promotoria de Justi\u00e7a de Uberl\u00e2ndia, no Tri\u00e2ngulo Mineiro, aponta diversas irregularidades em rela\u00e7\u00e3o \u00e0 inclus\u00e3o e exclus\u00e3o de nomes dos consumidores aos bancos de dados de restri\u00e7\u00e3o ao cr\u00e9dito. Foi apurado, por exemplo, que a Serasa n\u00e3o det\u00e9m a informa\u00e7\u00e3o a respeito de quem inseriu a restri\u00e7\u00e3o credit\u00edcia no nome do devedor, o que implica em s\u00e9rio problema de irresponsabilidade do banco de dados.<\/p>\n<p>\u201cDesse modo, a Serasa n\u00e3o tem sequer como respeitar decis\u00f5es judiciais determinando a exclus\u00e3o da restri\u00e7\u00e3o em rela\u00e7\u00e3o \u00e0 inscri\u00e7\u00e3o do nome do consumidor da lista de emitentes de cheques sem fundos\u201d, aponta o promotor de Justi\u00e7a Fernando Rodrigues Martins.<\/p>\n<p>O integrante do MPMG entende que a acumula\u00e7\u00e3o de dados sobre o consumidor, por mais singela e  sutil  que  seja, representa uma invas\u00e3o de sua privacidade. \u201cO perigo aumenta quando se sabe que, com frequ\u00eancia, o anotado n\u00e3o \u00e9 acurado, n\u00e3o est\u00e1 atualizado ou \u00e9, pura e simplesmente, falso\u201d, acrescenta. <\/p>\n<p>Para o promotor de Justi\u00e7a, a inscri\u00e7\u00e3o irregular ultrapassa o limite da legalidade de atua\u00e7\u00e3o dos bancos de dados, descaracteriza o exerc\u00edcio regular do direito e ofende a privacidade e a honra do titular dos dados.<\/p>\n<p>Al\u00e9m disso, segundo Fernando Martins, n\u00e3o se pode admitir a manuten\u00e7\u00e3o de informa\u00e7\u00e3o que n\u00e3o pode ser alterada diretamente pelo banco de dados. \u201cEstar registrado em bancos de dados de prote\u00e7\u00e3o ao cr\u00e9dito traz imediatamente o estigma de pessoa que n\u00e3o merece confian\u00e7a nem cr\u00e9dito\u201d, afirma.<\/p>\n<p><strong>Danos morais coletivos<\/strong><\/p>\n<p>Ao julgamento final da a\u00e7\u00e3o, o MPMG requer que a Serasa seja condenada a indenizar consumidores que tiveram os nomes registrados no banco de dados da empresa de forma irregular, al\u00e9m de pagar danos morais coletivos pela conduta lesiva aos interesses da sociedade.<\/p>\n<p><strong>VER PRIMEIRO<\/strong><\/p>\n<p>Receba as not\u00edcias do Aconteceu no Vale em primeira m\u00e3o. Clique em curtir no endere\u00e7o <a href=\"https:\/\/www.facebook.com\/aconteceunovale\" target=\"_blank\"><font color=\"red\">www.facebook.com\/aconteceunovale<\/font><\/a> ou no box abaixo:<\/p>\n<div class=\"fb-like\" data-href=\"https:\/\/www.facebook.com\/aconteceunovale\" data-width=\"120\" data-layout=\"standard\" data-action=\"like\" data-size=\"small\" data-show-faces=\"true\" data-share=\"true\"><\/div>\n<p><\/br><\/p>\n<p><em>(Fonte: MPMG)<\/em><\/p>\n","protected":false},"excerpt":{"rendered":"<p>O Minist\u00e9rio P\u00fablico de Minas Gerais (MPMG) obteve decis\u00e3o liminar favor\u00e1vel da Justi\u00e7a proibindo a Serasa de negativar nomes de consumidores quando houver determina\u00e7\u00e3o legal ou recomenda\u00e7\u00e3o de \u00f3rg\u00e3o de defesa do consumidor. Al\u00e9m disso, a Serasa n\u00e3o poder\u00e1 cobrar por servi\u00e7os n\u00e3o prestados em rela\u00e7\u00e3o \u00e0s consultas n\u00e3o realizadas pelos lojistas. A Justi\u00e7a estabeleceu [&hellip;]<\/p>\n","protected":false},"author":1,"featured_media":121593,"comment_status":"open","ping_status":"closed","sticky":false,"template":"","format":"standard","meta":{"amp_status":"","footnotes":""},"categories":[123],"tags":[148493,160259,19674,19675,160260,160261,6428,221],"class_list":["post-121592","post","type-post","status-publish","format-standard","has-post-thumbnail","hentry","category-gerais","tag-fernando-rodrigues-martins","tag-justica-proibe-serasa-de-adotar-praticas-lesivas-ao-consumidor","tag-ministerio-publico-de-minas-gerais","tag-mpmg","tag-praticas-lesivas-ao-consumidor","tag-promotoria-de-justica-de-uberlandia","tag-serasa","tag-uberlandia"],"yoast_head":"<!-- This site is optimized with the Yoast SEO plugin v28.3 - https:\/\/yoast.com\/product\/yoast-seo-wordpress\/ -->\n<title>Justi\u00e7a pro\u00edbe Serasa de adotar pr\u00e1ticas lesivas ao consumidor - Aconteceu no Vale<\/title>\n<meta name=\"robots\" content=\"index, follow, max-snippet:-1, max-image-preview:large, max-video-preview:-1\" \/>\n<link rel=\"canonical\" href=\"https:\/\/aconteceunovale.com.br\/portal\/?p=121592\" \/>\n<meta property=\"og:locale\" content=\"pt_BR\" \/>\n<meta property=\"og:type\" content=\"article\" \/>\n<meta property=\"og:title\" content=\"Justi\u00e7a pro\u00edbe Serasa de adotar pr\u00e1ticas lesivas ao consumidor - Aconteceu no Vale\" \/>\n<meta property=\"og:description\" content=\"O Minist\u00e9rio P\u00fablico de Minas Gerais (MPMG) obteve decis\u00e3o liminar favor\u00e1vel da Justi\u00e7a proibindo a Serasa de negativar nomes de consumidores quando houver determina\u00e7\u00e3o legal ou recomenda\u00e7\u00e3o de \u00f3rg\u00e3o de defesa do consumidor. Al\u00e9m disso, a Serasa n\u00e3o poder\u00e1 cobrar por servi\u00e7os n\u00e3o prestados em rela\u00e7\u00e3o \u00e0s consultas n\u00e3o realizadas pelos lojistas. A Justi\u00e7a estabeleceu [&hellip;]\" \/>\n<meta property=\"og:url\" content=\"https:\/\/aconteceunovale.com.br\/portal\/?p=121592\" \/>\n<meta property=\"og:site_name\" content=\"Aconteceu no Vale\" \/>\n<meta property=\"article:publisher\" content=\"https:\/\/www.facebook.com\/aconteceunovale\/\" \/>\n<meta property=\"article:published_time\" content=\"2017-09-20T23:33:43+00:00\" \/>\n<meta property=\"og:image\" content=\"https:\/\/aconteceunovale.com.br\/portal\/wp-content\/uploads\/2017\/09\/cpf.jpg\" \/>\n\t<meta property=\"og:image:width\" content=\"678\" \/>\n\t<meta property=\"og:image:height\" content=\"354\" \/>\n\t<meta property=\"og:image:type\" content=\"image\/jpeg\" \/>\n<meta name=\"author\" content=\"Aconteceu no Vale\" \/>\n<meta name=\"twitter:card\" content=\"summary_large_image\" \/>\n<meta name=\"twitter:creator\" content=\"@noticiadosvales\" \/>\n<meta name=\"twitter:site\" content=\"@noticiadosvales\" \/>\n<meta name=\"twitter:label1\" content=\"Escrito por\" \/>\n\t<meta name=\"twitter:data1\" content=\"Aconteceu no Vale\" \/>\n\t<meta name=\"twitter:label2\" content=\"Est. tempo de leitura\" \/>\n\t<meta name=\"twitter:data2\" content=\"2 minutos\" \/>\n<script type=\"application\/ld+json\" class=\"yoast-schema-graph\">{\"@context\":\"https:\\\/\\\/schema.org\",\"@graph\":[{\"@type\":\"Article\",\"@id\":\"https:\\\/\\\/aconteceunovale.com.br\\\/portal\\\/?p=121592#article\",\"isPartOf\":{\"@id\":\"https:\\\/\\\/aconteceunovale.com.br\\\/portal\\\/?p=121592\"},\"author\":{\"name\":\"Aconteceu no Vale\",\"@id\":\"https:\\\/\\\/aconteceunovale.com.br\\\/portal\\\/#\\\/schema\\\/person\\\/633529146f2c94272bef50ac2953d589\"},\"headline\":\"Justi\u00e7a pro\u00edbe Serasa de adotar pr\u00e1ticas lesivas ao consumidor\",\"datePublished\":\"2017-09-20T23:33:43+00:00\",\"mainEntityOfPage\":{\"@id\":\"https:\\\/\\\/aconteceunovale.com.br\\\/portal\\\/?p=121592\"},\"wordCount\":452,\"commentCount\":0,\"image\":{\"@id\":\"https:\\\/\\\/aconteceunovale.com.br\\\/portal\\\/?p=121592#primaryimage\"},\"thumbnailUrl\":\"https:\\\/\\\/aconteceunovale.com.br\\\/portal\\\/wp-content\\\/uploads\\\/2017\\\/09\\\/cpf.jpg\",\"keywords\":[\"Fernando Rodrigues Martins\",\"Justi\u00e7a pro\u00edbe Serasa de adotar pr\u00e1ticas lesivas ao consumidor\",\"Minist\u00e9rio P\u00fablico de Minas Gerais\",\"MPMG\",\"Pr\u00e1ticas lesivas ao consumidor\",\"Promotoria de Justi\u00e7a de Uberl\u00e2ndia\",\"Serasa\",\"Uberl\u00e2ndia\"],\"articleSection\":[\"Minas Gerais\"],\"inLanguage\":\"pt-BR\",\"potentialAction\":[{\"@type\":\"CommentAction\",\"name\":\"Comment\",\"target\":[\"https:\\\/\\\/aconteceunovale.com.br\\\/portal\\\/?p=121592#respond\"]}]},{\"@type\":\"WebPage\",\"@id\":\"https:\\\/\\\/aconteceunovale.com.br\\\/portal\\\/?p=121592\",\"url\":\"https:\\\/\\\/aconteceunovale.com.br\\\/portal\\\/?p=121592\",\"name\":\"Justi\u00e7a pro\u00edbe Serasa de adotar pr\u00e1ticas lesivas ao consumidor - Aconteceu no Vale\",\"isPartOf\":{\"@id\":\"https:\\\/\\\/aconteceunovale.com.br\\\/portal\\\/#website\"},\"primaryImageOfPage\":{\"@id\":\"https:\\\/\\\/aconteceunovale.com.br\\\/portal\\\/?p=121592#primaryimage\"},\"image\":{\"@id\":\"https:\\\/\\\/aconteceunovale.com.br\\\/portal\\\/?p=121592#primaryimage\"},\"thumbnailUrl\":\"https:\\\/\\\/aconteceunovale.com.br\\\/portal\\\/wp-content\\\/uploads\\\/2017\\\/09\\\/cpf.jpg\",\"datePublished\":\"2017-09-20T23:33:43+00:00\",\"author\":{\"@id\":\"https:\\\/\\\/aconteceunovale.com.br\\\/portal\\\/#\\\/schema\\\/person\\\/633529146f2c94272bef50ac2953d589\"},\"breadcrumb\":{\"@id\":\"https:\\\/\\\/aconteceunovale.com.br\\\/portal\\\/?p=121592#breadcrumb\"},\"inLanguage\":\"pt-BR\",\"potentialAction\":[{\"@type\":\"ReadAction\",\"target\":[\"https:\\\/\\\/aconteceunovale.com.br\\\/portal\\\/?p=121592\"]}]},{\"@type\":\"ImageObject\",\"inLanguage\":\"pt-BR\",\"@id\":\"https:\\\/\\\/aconteceunovale.com.br\\\/portal\\\/?p=121592#primaryimage\",\"url\":\"https:\\\/\\\/aconteceunovale.com.br\\\/portal\\\/wp-content\\\/uploads\\\/2017\\\/09\\\/cpf.jpg\",\"contentUrl\":\"https:\\\/\\\/aconteceunovale.com.br\\\/portal\\\/wp-content\\\/uploads\\\/2017\\\/09\\\/cpf.jpg\",\"width\":678,\"height\":354},{\"@type\":\"BreadcrumbList\",\"@id\":\"https:\\\/\\\/aconteceunovale.com.br\\\/portal\\\/?p=121592#breadcrumb\",\"itemListElement\":[{\"@type\":\"ListItem\",\"position\":1,\"name\":\"In\u00edcio\",\"item\":\"https:\\\/\\\/aconteceunovale.com.br\\\/portal\\\/\"},{\"@type\":\"ListItem\",\"position\":2,\"name\":\"Justi\u00e7a pro\u00edbe Serasa de adotar pr\u00e1ticas lesivas ao consumidor\"}]},{\"@type\":\"WebSite\",\"@id\":\"https:\\\/\\\/aconteceunovale.com.br\\\/portal\\\/#website\",\"url\":\"https:\\\/\\\/aconteceunovale.com.br\\\/portal\\\/\",\"name\":\"Aconteceu no Vale\",\"description\":\"Portal de Not\u00edcias\",\"potentialAction\":[{\"@type\":\"SearchAction\",\"target\":{\"@type\":\"EntryPoint\",\"urlTemplate\":\"https:\\\/\\\/aconteceunovale.com.br\\\/portal\\\/?s={search_term_string}\"},\"query-input\":{\"@type\":\"PropertyValueSpecification\",\"valueRequired\":true,\"valueName\":\"search_term_string\"}}],\"inLanguage\":\"pt-BR\"},{\"@type\":\"Person\",\"@id\":\"https:\\\/\\\/aconteceunovale.com.br\\\/portal\\\/#\\\/schema\\\/person\\\/633529146f2c94272bef50ac2953d589\",\"name\":\"Aconteceu no Vale\",\"description\":\"Equipe de reportagem do Aconteceu no Vale, portal de not\u00edcias do Vale do Jequitinhonha, em Minas Gerais. Cobrimos as 51 cidades do Vale desde 2013. Sugest\u00f5es de pauta e pedidos de corre\u00e7\u00e3o: contato@aconteceunovale.com.br\",\"sameAs\":[\"http:\\\/\\\/www.aconteceunovale.com.br\"],\"url\":\"https:\\\/\\\/aconteceunovale.com.br\\\/portal\\\/?author=1\"}]}<\/script>\n<!-- \/ Yoast SEO plugin. -->","yoast_head_json":{"title":"Justi\u00e7a pro\u00edbe Serasa de adotar pr\u00e1ticas lesivas ao consumidor - Aconteceu no Vale","robots":{"index":"index","follow":"follow","max-snippet":"max-snippet:-1","max-image-preview":"max-image-preview:large","max-video-preview":"max-video-preview:-1"},"canonical":"https:\/\/aconteceunovale.com.br\/portal\/?p=121592","og_locale":"pt_BR","og_type":"article","og_title":"Justi\u00e7a pro\u00edbe Serasa de adotar pr\u00e1ticas lesivas ao consumidor - Aconteceu no Vale","og_description":"O Minist\u00e9rio P\u00fablico de Minas Gerais (MPMG) obteve decis\u00e3o liminar favor\u00e1vel da Justi\u00e7a proibindo a Serasa de negativar nomes de consumidores quando houver determina\u00e7\u00e3o legal ou recomenda\u00e7\u00e3o de \u00f3rg\u00e3o de defesa do consumidor. Al\u00e9m disso, a Serasa n\u00e3o poder\u00e1 cobrar por servi\u00e7os n\u00e3o prestados em rela\u00e7\u00e3o \u00e0s consultas n\u00e3o realizadas pelos lojistas. A Justi\u00e7a estabeleceu [&hellip;]","og_url":"https:\/\/aconteceunovale.com.br\/portal\/?p=121592","og_site_name":"Aconteceu no Vale","article_publisher":"https:\/\/www.facebook.com\/aconteceunovale\/","article_published_time":"2017-09-20T23:33:43+00:00","og_image":[{"width":678,"height":354,"url":"https:\/\/aconteceunovale.com.br\/portal\/wp-content\/uploads\/2017\/09\/cpf.jpg","type":"image\/jpeg"}],"author":"Aconteceu no Vale","twitter_card":"summary_large_image","twitter_creator":"@noticiadosvales","twitter_site":"@noticiadosvales","twitter_misc":{"Escrito por":"Aconteceu no Vale","Est. tempo de leitura":"2 minutos"},"schema":{"@context":"https:\/\/schema.org","@graph":[{"@type":"Article","@id":"https:\/\/aconteceunovale.com.br\/portal\/?p=121592#article","isPartOf":{"@id":"https:\/\/aconteceunovale.com.br\/portal\/?p=121592"},"author":{"name":"Aconteceu no Vale","@id":"https:\/\/aconteceunovale.com.br\/portal\/#\/schema\/person\/633529146f2c94272bef50ac2953d589"},"headline":"Justi\u00e7a pro\u00edbe Serasa de adotar pr\u00e1ticas lesivas ao consumidor","datePublished":"2017-09-20T23:33:43+00:00","mainEntityOfPage":{"@id":"https:\/\/aconteceunovale.com.br\/portal\/?p=121592"},"wordCount":452,"commentCount":0,"image":{"@id":"https:\/\/aconteceunovale.com.br\/portal\/?p=121592#primaryimage"},"thumbnailUrl":"https:\/\/aconteceunovale.com.br\/portal\/wp-content\/uploads\/2017\/09\/cpf.jpg","keywords":["Fernando Rodrigues Martins","Justi\u00e7a pro\u00edbe Serasa de adotar pr\u00e1ticas lesivas ao consumidor","Minist\u00e9rio P\u00fablico de Minas Gerais","MPMG","Pr\u00e1ticas lesivas ao consumidor","Promotoria de Justi\u00e7a de Uberl\u00e2ndia","Serasa","Uberl\u00e2ndia"],"articleSection":["Minas Gerais"],"inLanguage":"pt-BR","potentialAction":[{"@type":"CommentAction","name":"Comment","target":["https:\/\/aconteceunovale.com.br\/portal\/?p=121592#respond"]}]},{"@type":"WebPage","@id":"https:\/\/aconteceunovale.com.br\/portal\/?p=121592","url":"https:\/\/aconteceunovale.com.br\/portal\/?p=121592","name":"Justi\u00e7a pro\u00edbe Serasa de adotar pr\u00e1ticas lesivas ao consumidor - Aconteceu no Vale","isPartOf":{"@id":"https:\/\/aconteceunovale.com.br\/portal\/#website"},"primaryImageOfPage":{"@id":"https:\/\/aconteceunovale.com.br\/portal\/?p=121592#primaryimage"},"image":{"@id":"https:\/\/aconteceunovale.com.br\/portal\/?p=121592#primaryimage"},"thumbnailUrl":"https:\/\/aconteceunovale.com.br\/portal\/wp-content\/uploads\/2017\/09\/cpf.jpg","datePublished":"2017-09-20T23:33:43+00:00","author":{"@id":"https:\/\/aconteceunovale.com.br\/portal\/#\/schema\/person\/633529146f2c94272bef50ac2953d589"},"breadcrumb":{"@id":"https:\/\/aconteceunovale.com.br\/portal\/?p=121592#breadcrumb"},"inLanguage":"pt-BR","potentialAction":[{"@type":"ReadAction","target":["https:\/\/aconteceunovale.com.br\/portal\/?p=121592"]}]},{"@type":"ImageObject","inLanguage":"pt-BR","@id":"https:\/\/aconteceunovale.com.br\/portal\/?p=121592#primaryimage","url":"https:\/\/aconteceunovale.com.br\/portal\/wp-content\/uploads\/2017\/09\/cpf.jpg","contentUrl":"https:\/\/aconteceunovale.com.br\/portal\/wp-content\/uploads\/2017\/09\/cpf.jpg","width":678,"height":354},{"@type":"BreadcrumbList","@id":"https:\/\/aconteceunovale.com.br\/portal\/?p=121592#breadcrumb","itemListElement":[{"@type":"ListItem","position":1,"name":"In\u00edcio","item":"https:\/\/aconteceunovale.com.br\/portal\/"},{"@type":"ListItem","position":2,"name":"Justi\u00e7a pro\u00edbe Serasa de adotar pr\u00e1ticas lesivas ao consumidor"}]},{"@type":"WebSite","@id":"https:\/\/aconteceunovale.com.br\/portal\/#website","url":"https:\/\/aconteceunovale.com.br\/portal\/","name":"Aconteceu no Vale","description":"Portal de Not\u00edcias","potentialAction":[{"@type":"SearchAction","target":{"@type":"EntryPoint","urlTemplate":"https:\/\/aconteceunovale.com.br\/portal\/?s={search_term_string}"},"query-input":{"@type":"PropertyValueSpecification","valueRequired":true,"valueName":"search_term_string"}}],"inLanguage":"pt-BR"},{"@type":"Person","@id":"https:\/\/aconteceunovale.com.br\/portal\/#\/schema\/person\/633529146f2c94272bef50ac2953d589","name":"Aconteceu no Vale","description":"Equipe de reportagem do Aconteceu no Vale, portal de not\u00edcias do Vale do Jequitinhonha, em Minas Gerais. Cobrimos as 51 cidades do Vale desde 2013. Sugest\u00f5es de pauta e pedidos de corre\u00e7\u00e3o: contato@aconteceunovale.com.br","sameAs":["http:\/\/www.aconteceunovale.com.br"],"url":"https:\/\/aconteceunovale.com.br\/portal\/?author=1"}]}},"_links":{"self":[{"href":"https:\/\/aconteceunovale.com.br\/portal\/index.php?rest_route=\/wp\/v2\/posts\/121592","targetHints":{"allow":["GET"]}}],"collection":[{"href":"https:\/\/aconteceunovale.com.br\/portal\/index.php?rest_route=\/wp\/v2\/posts"}],"about":[{"href":"https:\/\/aconteceunovale.com.br\/portal\/index.php?rest_route=\/wp\/v2\/types\/post"}],"author":[{"embeddable":true,"href":"https:\/\/aconteceunovale.com.br\/portal\/index.php?rest_route=\/wp\/v2\/users\/1"}],"replies":[{"embeddable":true,"href":"https:\/\/aconteceunovale.com.br\/portal\/index.php?rest_route=%2Fwp%2Fv2%2Fcomments&post=121592"}],"version-history":[{"count":0,"href":"https:\/\/aconteceunovale.com.br\/portal\/index.php?rest_route=\/wp\/v2\/posts\/121592\/revisions"}],"wp:featuredmedia":[{"embeddable":true,"href":"https:\/\/aconteceunovale.com.br\/portal\/index.php?rest_route=\/wp\/v2\/media\/121593"}],"wp:attachment":[{"href":"https:\/\/aconteceunovale.com.br\/portal\/index.php?rest_route=%2Fwp%2Fv2%2Fmedia&parent=121592"}],"wp:term":[{"taxonomy":"category","embeddable":true,"href":"https:\/\/aconteceunovale.com.br\/portal\/index.php?rest_route=%2Fwp%2Fv2%2Fcategories&post=121592"},{"taxonomy":"post_tag","embeddable":true,"href":"https:\/\/aconteceunovale.com.br\/portal\/index.php?rest_route=%2Fwp%2Fv2%2Ftags&post=121592"}],"curies":[{"name":"wp","href":"https:\/\/api.w.org\/{rel}","templated":true}]}}