{"id":121588,"date":"2017-09-20T21:00:20","date_gmt":"2017-09-20T23:00:20","guid":{"rendered":"http:\/\/aconteceunovale.com.br\/portal\/?p=121588"},"modified":"2017-09-20T21:00:20","modified_gmt":"2017-09-20T23:00:20","slug":"governo-de-minas-vai-investir-r-21-milhoes-em-cursos-de-capacitacao-para-jovens","status":"publish","type":"post","link":"https:\/\/aconteceunovale.com.br\/portal\/?p=121588","title":{"rendered":"Governo de Minas vai investir R$ 21 milh\u00f5es em cursos de capacita\u00e7\u00e3o para jovens"},"content":{"rendered":"<p>O\u00a0Governo de Minas Gerais, por meio da\u00a0Secretaria de Estado de Trabalho e Desenvolvimento Social (Sedese), vai investir R$ 21 milh\u00f5es em diversos cursos de qualifica\u00e7\u00e3o em outras dez cidades mineiras. O an\u00fancio foi feito durante a entrega a 231 jovens de certificados dos cursos do Projeto Trampos, uma das linhas de a\u00e7\u00e3o do Programa Juventudes, da Sedese.<\/p>\n<p>\u201cCom esse recurso podemos fazer muito pelos jovens em situa\u00e7\u00e3o de vulnerabilidade social de outras cidades que est\u00e3o exclu\u00eddos do mercado de trabalho\u201d, afirmou a secret\u00e1ria de Estado de Trabalho e Desenvolvimento Social, Rosilene Rocha. Ela anunciou os recursos junto com o secret\u00e1rio de Estado adjunto da Educa\u00e7\u00e3o, Wieland Silberschneider.<\/p>\n<p>Ser\u00e3o atendidas as cidades de Uberl\u00e2ndia, Governador Valadares, Montes Claros, Juiz de Fora, Divin\u00f3polis, Te\u00f3filo Otoni, Paracatu, S\u00e3o Jo\u00e3o del-Rei, Curvelo e Diamantina.<\/p>\n<p><strong>Certifica\u00e7\u00e3o<\/strong><\/p>\n<p>Os 231 jovens de dez comunidades de Belo Horizonte come\u00e7am a sonhar com a entrada no mercado de trabalho depois de dois meses frequentando os cursos do Projeto Trampos. Os cursos foram de analista de redes sociais, editor de projetos visual gr\u00e1fico, assistente de produ\u00e7\u00e3o cultural, organiza\u00e7\u00e3o de eventos, confeitaria, desenvolvedor de aplicativo para dispositivos m\u00f3veis, al\u00e9m da capacita\u00e7\u00e3o em mec\u00e2nica de motos.<\/p>\n<p>\u201cCom a qualifica\u00e7\u00e3o, o mercado de eventos abriu as portas para o meu trabalho. Aprendi a fazer contatos e vender minha m\u00fasica. Hoje recebo em m\u00e9dia 500 reais por semana nas festas da cidade\u201d. A afirma\u00e7\u00e3o \u00e9 do DJ Felipe Santana, morador do bairro Bom Destino, de Santa Luzia, que recebeu a certifica\u00e7\u00e3o.<\/p>\n<p>A moradora do Alto Vera Cruz, Amanda da Silva, que cursou mec\u00e2nica de motocicleta, estava comemorando um novo momento da sua vida. \u201cMinha expectativa agora \u00e9 montar uma oficina e uma loja de autope\u00e7as com pre\u00e7os mais acess\u00edveis\u201d, comemora Amanda, ao lado do seu namorado Vladimir Izidoro de Lima, do Taquaril, que estava formando no mesmo curso.<\/p>\n<p>\u201cNesses dois meses foi poss\u00edvel vislumbrar um novo projeto de vida. Junto com Amanda, vamos fazer bons investimentos, j\u00e1 que na regi\u00e3o a maioria das pessoas possui uma moto\u201d, afirmou Vladimir, lembrando que os cursos oferecem oportunidades para muitos jovens da regi\u00e3o.<\/p>\n<p>Os jovens beneficiados nesta segunda etapa de qualifica\u00e7\u00e3o s\u00e3o moradores das comunidades do Alto Vera Cruz, Taquaril, Granja de Freitas, Morro das Pedras, Jardim Felicidade, Santa L\u00facia, Santa Rita de C\u00e1ssia, Papagaio e Estrela, bem como do aglomerado da Serra.<\/p>\n<p>Os cursos da Sedese, em parceria com a\u00a0Secretaria de Estado da Educa\u00e7\u00e3o (SEE), foram realizados pelo Instituto Yara Tupynamb\u00e1, de Belo Horizonte, e pela empresa Foco Opini\u00e3o e Mercado, de Santa Catarina.<\/p>\n<p><img decoding=\"async\" src=\"http:\/\/aconteceunovale.com.br\/portal\/wp-content\/uploads\/2017\/09\/cursos_mg.jpg\" alt=\"\" \/><em>A secret\u00e1ria de Estado Rosilene Rocha anunciou os investimentos (Omar Freire\/Imprensa MG)<\/em><br \/>\n<\/br><\/p>\n<p><strong>VER PRIMEIRO<\/strong><\/p>\n<p>Receba as not\u00edcias do Aconteceu no Vale em primeira m\u00e3o. Clique em curtir no endere\u00e7o <a href=\"https:\/\/www.facebook.com\/aconteceunovale\" target=\"_blank\"><font color=\"red\">www.facebook.com\/aconteceunovale<\/font><\/a> ou no box abaixo:<\/p>\n<div class=\"fb-like\" data-href=\"https:\/\/www.facebook.com\/aconteceunovale\" data-width=\"120\" data-layout=\"standard\" data-action=\"like\" data-size=\"small\" data-show-faces=\"true\" data-share=\"true\"><\/div>\n<p><\/br><\/p>\n<p><em>(Fonte: Ag\u00eancia Minas)<\/em><\/p>\n","protected":false},"excerpt":{"rendered":"<p>O\u00a0Governo de Minas Gerais, por meio da\u00a0Secretaria de Estado de Trabalho e Desenvolvimento Social (Sedese), vai investir R$ 21 milh\u00f5es em diversos cursos de qualifica\u00e7\u00e3o em outras dez cidades mineiras. O an\u00fancio foi feito durante a entrega a 231 jovens de certificados dos cursos do Projeto Trampos, uma das linhas de a\u00e7\u00e3o do Programa Juventudes, [&hellip;]<\/p>\n","protected":false},"author":1,"featured_media":121590,"comment_status":"open","ping_status":"closed","sticky":false,"template":"","format":"standard","meta":{"amp_status":"","footnotes":""},"categories":[40238,121,123,1236,120,122],"tags":[160248,160249,197,198,199,160247,15629,160257,247,51191,160258,160251,160256,160253,206,210,160252,160255,212,160245,148160,160254,69730,218,28391,160246,27579,160250,164,221,38893],"class_list":["post-121588","post","type-post","status-publish","format-standard","has-post-thumbnail","hentry","category-educacao-2","category-leste","category-gerais","category-norte_de_minas","category-jequi","category-mucuri","tag-alto-vera-cruz","tag-amanda-da-silva","tag-curvelo","tag-diamantina","tag-divinopolis","tag-dj-felipe-santana","tag-estrela","tag-foco-opiniao-e-mercado","tag-governador-valadares","tag-governo-de-minas-gerais","tag-governo-de-minas-vai-investir-r-21-milhoes-em-cursos-de-capacitacao-para-jovens","tag-granja-de-freitas","tag-instituto-yara-tupynamba","tag-jardim-felicidade","tag-juiz-de-fora","tag-montes-claros","tag-morro-das-pedras","tag-papagaio","tag-paracatu","tag-programa-juventudes","tag-rosilene-rocha","tag-santa-lucia","tag-santa-rita-de-cassia","tag-sao-joao-del-rei","tag-secretaria-de-estado-de-trabalho-e-desenvolvimento-social","tag-secretario-de-estado-adjunto-da-educacao","tag-sedese","tag-taquaril","tag-teofilo-otoni","tag-uberlandia","tag-wieland-silberschneider"],"_links":{"self":[{"href":"https:\/\/aconteceunovale.com.br\/portal\/index.php?rest_route=\/wp\/v2\/posts\/121588","targetHints":{"allow":["GET"]}}],"collection":[{"href":"https:\/\/aconteceunovale.com.br\/portal\/index.php?rest_route=\/wp\/v2\/posts"}],"about":[{"href":"https:\/\/aconteceunovale.com.br\/portal\/index.php?rest_route=\/wp\/v2\/types\/post"}],"author":[{"embeddable":true,"href":"https:\/\/aconteceunovale.com.br\/portal\/index.php?rest_route=\/wp\/v2\/users\/1"}],"replies":[{"embeddable":true,"href":"https:\/\/aconteceunovale.com.br\/portal\/index.php?rest_route=%2Fwp%2Fv2%2Fcomments&post=121588"}],"version-history":[{"count":0,"href":"https:\/\/aconteceunovale.com.br\/portal\/index.php?rest_route=\/wp\/v2\/posts\/121588\/revisions"}],"wp:featuredmedia":[{"embeddable":true,"href":"https:\/\/aconteceunovale.com.br\/portal\/index.php?rest_route=\/wp\/v2\/media\/121590"}],"wp:attachment":[{"href":"https:\/\/aconteceunovale.com.br\/portal\/index.php?rest_route=%2Fwp%2Fv2%2Fmedia&parent=121588"}],"wp:term":[{"taxonomy":"category","embeddable":true,"href":"https:\/\/aconteceunovale.com.br\/portal\/index.php?rest_route=%2Fwp%2Fv2%2Fcategories&post=121588"},{"taxonomy":"post_tag","embeddable":true,"href":"https:\/\/aconteceunovale.com.br\/portal\/index.php?rest_route=%2Fwp%2Fv2%2Ftags&post=121588"}],"curies":[{"name":"wp","href":"https:\/\/api.w.org\/{rel}","templated":true}]}}