{"id":121546,"date":"2017-09-19T22:26:43","date_gmt":"2017-09-20T00:26:43","guid":{"rendered":"http:\/\/aconteceunovale.com.br\/portal\/?p=121546"},"modified":"2017-09-19T22:26:43","modified_gmt":"2017-09-20T00:26:43","slug":"governo-de-minas-autoriza-construcao-da-ponte-entre-sao-francisco-e-pintopolis","status":"publish","type":"post","link":"https:\/\/aconteceunovale.com.br\/portal\/?p=121546","title":{"rendered":"Governo de Minas autoriza constru\u00e7\u00e3o da ponte entre S\u00e3o Francisco e Pint\u00f3polis"},"content":{"rendered":"<p>O governador Fernando Pimentel assinou nesta ter\u00e7a-feira (19\/9) despacho que determina que o Departamento de Edifica\u00e7\u00f5es e Estradas de Rodagem de Minas Gerais (DEER) d\u00ea prioridade \u00e0 constru\u00e7\u00e3o de ponte sobre o Rio S\u00e3o Francisco na rodovia MG-402, que liga os munic\u00edpios de S\u00e3o Francisco e Pint\u00f3polis.<\/p>\n<p>Com previs\u00e3o de investimentos da ordem de R$ 105 milh\u00f5es, a obra ir\u00e1 facilitar a log\u00edstica de transporte e escoamento da produ\u00e7\u00e3o das cidades dos Territ\u00f3rios Norte e Noroeste do Estado, al\u00e9m de permitir a navega\u00e7\u00e3o de embarca\u00e7\u00f5es pequenas e m\u00e9dias. Hoje, a travessia entre os dois munic\u00edpios \u00e9 feita por meio de balsas e leva cerca de uma hora, tempo que, de acordo com o DEER, quando a obra estiver pronta, ser\u00e1 reduzido para dez minutos. <\/p>\n<p>\u201cN\u00f3s fizemos um projeto bonito e moderno e, agora que j\u00e1 temos projeto e or\u00e7amento, podemos licitar a obra. Acredito que em tr\u00eas meses a licita\u00e7\u00e3o esteja conclu\u00edda, para que possamos contratar e dar a ordem de servi\u00e7o. Nosso compromisso est\u00e1 sendo cumprido e est\u00e1 firmada nossa disposi\u00e7\u00e3o de come\u00e7ar essa obra ainda neste ano ou no in\u00edcio do ano que vem\u201d afirmou Fernando Pimentel em entrevista coletiva.<\/p>\n<p>A ponte que liga S\u00e3o Francisco a Pint\u00f3polis \u00e9 uma demanda antiga dos moradores n\u00e3o s\u00f3 dois munic\u00edpios, mas de toda a regi\u00e3o. Para o prefeito de Urucuia, Rut\u00edlio Eug\u00eanio Cavalcante Filho, a obra vai \u201cengrandecer muito o Norte de Minas, bem como todo o estado. Desde a \u00e9poca de Juscelino Kubitschek houve a promessa da ponte. N\u00f3s agradecemos ao senhor, porque prometeu, mandou fazer o projeto e est\u00e1 autorizando a ponte\u201d, disse.<\/p>\n<p>O deputado estadual Paulo Guedes lembrou que a execu\u00e7\u00e3o da ponte \u00e9 uma promessa de campanha de Fernando Pimentel. \u201cO senhor est\u00e1 realizando um sonho que todos ouviam dizer, mas poucos acreditavam: a obra da ponte sobre o Rio S\u00e3o Francisco. O senhor est\u00e1 unindo todos n\u00f3s, e a presen\u00e7a dos prefeitos aqui simboliza que n\u00e3o h\u00e1 diferen\u00e7a partid\u00e1ria, existe o partido da ponte\u201d, frisou.<\/p>\n<p><img decoding=\"async\" src=\"http:\/\/aconteceunovale.com.br\/portal\/wp-content\/uploads\/2017\/09\/pimentel_sf_pintopolis.jpg\" alt=\"\" \/><em>Governador ressaltou que, para governar, \u00e9 preciso criar mecanismos para ouvir as demandas da popula\u00e7\u00e3o e elencar as prioridades (Foto: Manoel Marques\/Imprensa MG)<\/em><br \/>\n<\/br><\/p>\n<h3>Ouvir para governar<\/h3>\n<p>Fernando Pimentel ressaltou que, para governar, \u00e9 preciso criar mecanismos para ouvir as demandas da popula\u00e7\u00e3o e elencar as prioridades. \u201cTem muita coisa para ser feita, mas \u00e9 o povo que escolhe o que \u00e9 mais importante. Tem que fazer hospital, escola, estrada, ponte. Agora, n\u00e3o tem dinheiro para fazer tudo. Ent\u00e3o, o povo escolhe o que \u00e9 mais importante. Aqui \u00e9 a ponte, ent\u00e3o, vamos fazer a ponte. As outras coisas n\u00f3s vamos fazer aos poucos, e ouvindo as pessoas com paci\u00eancia, com humildade, com dedica\u00e7\u00e3o, com compromisso com aqueles que a gente representa\u201d, disse, citando a cria\u00e7\u00e3o dos F\u00f3runs Regionais de Governo como ferramenta para ouvir cr\u00edticas e sugest\u00f5es e escutar a popula\u00e7\u00e3o.<\/p>\n<p>A cerim\u00f4nia em S\u00e3o Francisco marcou ainda o encerramento do programa Energia Cidad\u00e3, da Companhia Energ\u00e9tica de Minas Gerais (Cemig), que entregou 202 geladeiras eficientes e econ\u00f4micas a fam\u00edlias que vivem no munic\u00edpio, al\u00e9m da troca de mais de 25 mil l\u00e2mpadas incandescentes pelas de LED, com o objetivo de reduzir o consumo e a demanda por energia el\u00e9trica. O investimento da Cemig na cidade foi de R$ 1 milh\u00e3o.   <\/p>\n<p>O diretor de Distribui\u00e7\u00e3o e Comercializa\u00e7\u00e3o da Cemig, Ronaldo Gomes de Abreu, listou as a\u00e7\u00f5es da empresa no munic\u00edpio, como os investimentos de R$ 3,5 milh\u00f5es somente para a expans\u00e3o da rede de energia el\u00e9trica em 40 quil\u00f4metros, a realiza\u00e7\u00e3o de 22 obras para atender po\u00e7os artesianos, o investimento de R$ 500 mil na substitui\u00e7\u00e3o de autoclaves e sistema de aquecimento de \u00e1gua do Hospital Doutor Br\u00edcio de Castro.<\/p>\n<p>\u201cCom isso, os indicadores de qualidade do fornecimento de energia el\u00e9trica da Ag\u00eancia Nacional de Energia El\u00e9trica (Aneel) foram cumpridos em 2016, e estamos cumprindo esses indicadores tamb\u00e9m em 2017. A Cemig tem muita satisfa\u00e7\u00e3o em investir recursos na regi\u00e3o e em participar, desse projeto de substitui\u00e7\u00e3o das geladeiras e das l\u00e2mpadas em parceria com o Governo do Estado\u201d, completou.<\/p>\n<p>O prefeito de S\u00e3o Francisco, Evanilson Aparecido Carneiro, elogiou o projeto, que atende \u00e0s necessidades da popula\u00e7\u00e3o de baixa renda da cidade. \u201cEsse projeto \u00e9 de uma grandeza imensur\u00e1vel, tem uma dimens\u00e3o social e humanit\u00e1ria muito grande. A sua decis\u00e3o (do governador) de vir a S\u00e3o Francisco para participar do encerramento desse projeto \u00e9 muito importante, porque representa o esfor\u00e7o do Governo e da Cemig em uma parceria que deu certo. Muitos gostariam de proporcionar a realiza\u00e7\u00e3o desse sonho, mas a dificuldade do dia a dia, muitas vezes, impossibilita a aquisi\u00e7\u00e3o de um eletrodom\u00e9stico como esse. Tentarei imitar o seu jeito de governar, olhando para os mais pobres\u201d, afirmou.<\/p>\n<p>Tamb\u00e9m compareceram ao evento os secret\u00e1rios de Estado de Transportes e Obras P\u00fablicas, Murilo Valadares, e de Governo, Odair Cunha, o secret\u00e1rio adjunto de Estado de Desenvolvimento e Integra\u00e7\u00e3o do Norte e Nordeste de Minas Gerais, Jean Alves Coelho; o diretor-geral do Idene, Gustavo Xavier; e o reitor da Unimontes, Jo\u00e3o dos Reis Canela. Tamb\u00e9m estiveram presentes os deputados federais Ademir Camilo e Raquel Muniz e o l\u00edder do governo na Assembleia, Durval \u00c2ngelo.<\/p>\n<p><strong>VER PRIMEIRO<\/strong><\/p>\n<p>Receba as not\u00edcias do Aconteceu no Vale em primeira m\u00e3o. Clique em curtir no endere\u00e7o <a href=\"https:\/\/www.facebook.com\/aconteceunovale\" target=\"_blank\"><font color=\"red\">www.facebook.com\/aconteceunovale<\/font><\/a> ou no box abaixo:<\/p>\n<div class=\"fb-like\" data-href=\"https:\/\/www.facebook.com\/aconteceunovale\" data-width=\"120\" data-layout=\"standard\" data-action=\"like\" data-size=\"small\" data-show-faces=\"true\" data-share=\"true\"><\/div>\n<p><\/br><\/p>\n<p><em>(Fonte: Ag\u00eancia Minas)<\/em><\/p>\n","protected":false},"excerpt":{"rendered":"<p>O governador Fernando Pimentel assinou nesta ter\u00e7a-feira (19\/9) despacho que determina que o Departamento de Edifica\u00e7\u00f5es e Estradas de Rodagem de Minas Gerais (DEER) d\u00ea prioridade \u00e0 constru\u00e7\u00e3o de ponte sobre o Rio S\u00e3o Francisco na rodovia MG-402, que liga os munic\u00edpios de S\u00e3o Francisco e Pint\u00f3polis. Com previs\u00e3o de investimentos da ordem de R$ [&hellip;]<\/p>\n","protected":false},"author":1,"featured_media":121547,"comment_status":"open","ping_status":"closed","sticky":false,"template":"","format":"standard","meta":{"amp_status":"","footnotes":""},"categories":[1236],"tags":[26917,26918,347,160121,160122,126769,129283,121429,38432,160126,160129,12826,29798,160120,160128,15493,65918,1710,65916,160123,97990,160124,154377,6330,160127,160125,1522],"class_list":["post-121546","post","type-post","status-publish","format-standard","has-post-thumbnail","hentry","category-norte_de_minas","tag-agencia-nacional-de-energia-eletrica","tag-aneel","tag-cemig","tag-construcao-da-ponte-entre-sao-francisco-e-pintopolis","tag-construcao-de-ponte-sobre-o-rio-sao-francisco-na-rodovia-mg-402","tag-deer","tag-deer-mg","tag-departamento-de-edificacoes-e-estradas-de-rodagem-de-minas-gerais","tag-deputado-estadual-paulo-guedes","tag-diretor-de-distribuicao-e-comercializacao-da-cemig","tag-evanilson-aparecido-carneiro","tag-fernando-pimentel","tag-governador-fernando-pimentel","tag-governo-de-minas-autoriza-construcao-da-ponte-entre-sao-francisco-e-pintopolis","tag-hospital-doutor-bricio-de-castro","tag-juscelino-kubitschek","tag-mg-402","tag-pintopolis","tag-ponte-entre-sao-francisco-e-pintopolis","tag-ponte-que-liga-os-municipios-de-sao-francisco-e-pintopolis","tag-prefeito-de-sao-francisco","tag-prefeito-de-urucuia","tag-programa-energia-cidada","tag-rio-sao-francisco","tag-ronaldo-gomes-de-abreu","tag-rutilio-eugenio-cavalcante-filho","tag-sao-francisco"],"_links":{"self":[{"href":"https:\/\/aconteceunovale.com.br\/portal\/index.php?rest_route=\/wp\/v2\/posts\/121546","targetHints":{"allow":["GET"]}}],"collection":[{"href":"https:\/\/aconteceunovale.com.br\/portal\/index.php?rest_route=\/wp\/v2\/posts"}],"about":[{"href":"https:\/\/aconteceunovale.com.br\/portal\/index.php?rest_route=\/wp\/v2\/types\/post"}],"author":[{"embeddable":true,"href":"https:\/\/aconteceunovale.com.br\/portal\/index.php?rest_route=\/wp\/v2\/users\/1"}],"replies":[{"embeddable":true,"href":"https:\/\/aconteceunovale.com.br\/portal\/index.php?rest_route=%2Fwp%2Fv2%2Fcomments&post=121546"}],"version-history":[{"count":0,"href":"https:\/\/aconteceunovale.com.br\/portal\/index.php?rest_route=\/wp\/v2\/posts\/121546\/revisions"}],"wp:featuredmedia":[{"embeddable":true,"href":"https:\/\/aconteceunovale.com.br\/portal\/index.php?rest_route=\/wp\/v2\/media\/121547"}],"wp:attachment":[{"href":"https:\/\/aconteceunovale.com.br\/portal\/index.php?rest_route=%2Fwp%2Fv2%2Fmedia&parent=121546"}],"wp:term":[{"taxonomy":"category","embeddable":true,"href":"https:\/\/aconteceunovale.com.br\/portal\/index.php?rest_route=%2Fwp%2Fv2%2Fcategories&post=121546"},{"taxonomy":"post_tag","embeddable":true,"href":"https:\/\/aconteceunovale.com.br\/portal\/index.php?rest_route=%2Fwp%2Fv2%2Ftags&post=121546"}],"curies":[{"name":"wp","href":"https:\/\/api.w.org\/{rel}","templated":true}]}}