{"id":121531,"date":"2017-09-19T12:55:25","date_gmt":"2017-09-19T14:55:25","guid":{"rendered":"http:\/\/aconteceunovale.com.br\/portal\/?p=121531"},"modified":"2017-09-19T12:55:25","modified_gmt":"2017-09-19T14:55:25","slug":"policia-civil-recupera-carga-e-caminhao-roubados-na-br-251-em-salinas","status":"publish","type":"post","link":"https:\/\/aconteceunovale.com.br\/portal\/?p=121531","title":{"rendered":"Pol\u00edcia Civil recupera carga e caminh\u00e3o roubados na BR-251, em Salinas"},"content":{"rendered":"<p>A Pol\u00edcia Civil conseguiu recuperar na sexta-feira (15) parte da carga de um caminh\u00e3o que foi roubado na BR-251, pr\u00f3ximo a Salinas, na regi\u00e3o Norte de Minas Gerais. Investigadores da pol\u00edcia de Pedra Azul realizaram a a\u00e7\u00e3o, sendo acionados pela seguradora do caminh\u00e3o, que transportava produtos diversos, que somados chegam a cerca de R$ 900 mil.<\/p>\n<p>Segundo a delegada de Pedra Azul, Maria Aparecida Martins, os criminosos abordaram o motorista do caminh\u00e3o na noite da \u00faltima quinta-feira (14), quando o ve\u00edculo saiu de um posto de combust\u00edvel na BR. A v\u00edtima, que n\u00e3o teve a idade divulgada, afirmou aos policiais que foi abordada por quatro indiv\u00edduos em um carro; eles estavam armados e tomaram a dire\u00e7\u00e3o do ve\u00edculo.<\/p>\n<p>Ainda segundo a PC, o motorista foi feito ref\u00e9m e os criminosos seguiram pela via at\u00e9 uma estrada vicinal, em Cachoeira de Paje\u00fa. Os autores levaram parte da carga e deixaram a v\u00edtima dentro do caminh\u00e3o.<\/p>\n<p>A empresa seguradora acionou a pol\u00edcia ap\u00f3s notar que o ve\u00edculo estava sem sinal de rastreamento. Os investigadores chegaram a localidade e encontraram o motorista rendido e o caminh\u00e3o estacionado. A PC acredita que os autores iriam retornar para roubar o restante da carga; segundo a delegada, a a\u00e7\u00e3o dos policiais evitou que cerca de 80% da carga fosse levada.<\/p>\n<p>Nenhum suspeito do crime foi preso at\u00e9 a publica\u00e7\u00e3o desta mat\u00e9ria. Segundo a PC, as investiga\u00e7\u00f5es seguem com linha de apura\u00e7\u00e3o que aponta para um grupo criminoso reincidente na pr\u00e1tica de roubos a cargas de caminh\u00f5es.<\/p>\n<p><img decoding=\"async\" src=\"http:\/\/aconteceunovale.com.br\/portal\/wp-content\/uploads\/2017\/09\/carga_salinas1.jpeg\" alt=\"\" \/><em>Carga foi recuperada pela pol\u00edcia (Foto: Pol\u00edcia Civil\/Divulga\u00e7\u00e3o)<\/em><br \/>\n<\/br><\/p>\n<p><strong>VER PRIMEIRO<\/strong><\/p>\n<p>Receba as not\u00edcias do Aconteceu no Vale em primeira m\u00e3o. Clique em curtir no endere\u00e7o <a href=\"https:\/\/www.facebook.com\/aconteceunovale\" target=\"_blank\"><font color=\"red\">www.facebook.com\/aconteceunovale<\/font><\/a> ou no box abaixo:<\/p>\n<div class=\"fb-like\" data-href=\"https:\/\/www.facebook.com\/aconteceunovale\" data-width=\"120\" data-layout=\"standard\" data-action=\"like\" data-size=\"small\" data-show-faces=\"true\" data-share=\"true\"><\/div>\n<p><\/br><\/p>\n<p><em>(Fonte: G1 Grande Minas)<\/em><\/p>\n","protected":false},"excerpt":{"rendered":"<p>A Pol\u00edcia Civil conseguiu recuperar na sexta-feira (15) parte da carga de um caminh\u00e3o que foi roubado na BR-251, pr\u00f3ximo a Salinas, na regi\u00e3o Norte de Minas Gerais. Investigadores da pol\u00edcia de Pedra Azul realizaram a a\u00e7\u00e3o, sendo acionados pela seguradora do caminh\u00e3o, que transportava produtos diversos, que somados chegam a cerca de R$ 900 [&hellip;]<\/p>\n","protected":false},"author":1,"featured_media":121533,"comment_status":"open","ping_status":"closed","sticky":false,"template":"","format":"standard","meta":{"amp_status":"","footnotes":""},"categories":[1236,120],"tags":[94350,921,5258,142089,156533,160095,455,160096,160093,160094,43747,145653,160092,190],"class_list":["post-121531","post","type-post","status-publish","format-standard","has-post-thumbnail","hentry","category-norte_de_minas","category-jequi","tag-assalto-salinas","tag-br-251","tag-cachoeira-de-pajeu","tag-delegada-de-pedra-azul","tag-em-salinas","tag-maria-aparecida-martins","tag-pedra-azul","tag-policia-civil-recupera-carga-e-caminhao-roubados-na-br-251","tag-roubo-de-carga-em-salinas","tag-roubo-de-carga-na-br-251-em-salinas","tag-roubo-em-salinas","tag-roubo-na-br-251","tag-roubo-na-br-251-em-salinas","tag-salinas"],"_links":{"self":[{"href":"https:\/\/aconteceunovale.com.br\/portal\/index.php?rest_route=\/wp\/v2\/posts\/121531","targetHints":{"allow":["GET"]}}],"collection":[{"href":"https:\/\/aconteceunovale.com.br\/portal\/index.php?rest_route=\/wp\/v2\/posts"}],"about":[{"href":"https:\/\/aconteceunovale.com.br\/portal\/index.php?rest_route=\/wp\/v2\/types\/post"}],"author":[{"embeddable":true,"href":"https:\/\/aconteceunovale.com.br\/portal\/index.php?rest_route=\/wp\/v2\/users\/1"}],"replies":[{"embeddable":true,"href":"https:\/\/aconteceunovale.com.br\/portal\/index.php?rest_route=%2Fwp%2Fv2%2Fcomments&post=121531"}],"version-history":[{"count":0,"href":"https:\/\/aconteceunovale.com.br\/portal\/index.php?rest_route=\/wp\/v2\/posts\/121531\/revisions"}],"wp:featuredmedia":[{"embeddable":true,"href":"https:\/\/aconteceunovale.com.br\/portal\/index.php?rest_route=\/wp\/v2\/media\/121533"}],"wp:attachment":[{"href":"https:\/\/aconteceunovale.com.br\/portal\/index.php?rest_route=%2Fwp%2Fv2%2Fmedia&parent=121531"}],"wp:term":[{"taxonomy":"category","embeddable":true,"href":"https:\/\/aconteceunovale.com.br\/portal\/index.php?rest_route=%2Fwp%2Fv2%2Fcategories&post=121531"},{"taxonomy":"post_tag","embeddable":true,"href":"https:\/\/aconteceunovale.com.br\/portal\/index.php?rest_route=%2Fwp%2Fv2%2Ftags&post=121531"}],"curies":[{"name":"wp","href":"https:\/\/api.w.org\/{rel}","templated":true}]}}