{"id":121477,"date":"2017-09-18T22:10:50","date_gmt":"2017-09-19T00:10:50","guid":{"rendered":"http:\/\/aconteceunovale.com.br\/portal\/?p=121477"},"modified":"2017-09-18T22:10:50","modified_gmt":"2017-09-19T00:10:50","slug":"policia-prende-dupla-suspeita-de-matar-homem-durante-festa-em-guanhaes","status":"publish","type":"post","link":"https:\/\/aconteceunovale.com.br\/portal\/?p=121477","title":{"rendered":"Pol\u00edcia prende dupla suspeita de matar homem durante festa em Guanh\u00e3es"},"content":{"rendered":"<p>Dois rapazes foram presos na madrugada desta segunda-feira (18\/09\/2017) suspeitos de matar um homem a facadas na tarde de domingo (17) durante uma festa em Guanh\u00e3es, no Vale do Rio Doce. Segundo a Pol\u00edcia Militar (PM), o crime aconteceu ap\u00f3s uma confus\u00e3o generalizada em que a v\u00edtima teria tentado defender a filha. <\/p>\n<p>Ainda segundo a PM, a m\u00e3e da v\u00edtima tamb\u00e9m foi atingida, por\u00e9m, sem gravidade. Os suspeitos fugiram ap\u00f3s o crime e se embrenharam em um matagal. Ap\u00f3s um cerco com o aux\u00edlio de policiais de outras cidades, os suspeitos foram localizados e presos.<\/p>\n<p>A PM tamb\u00e9m informou que um dos suspeitos estava escondido embaixo de uma cama e o outro foi localizado em cima de um telhado.  A arma usada na pr\u00e1tica do crime foi encaminhada para a Delegacia juntamente com os dois indiv\u00edduos.<\/p>\n<p><img decoding=\"async\" src=\"http:\/\/aconteceunovale.com.br\/portal\/wp-content\/uploads\/2017\/09\/presos_guanhaes.jpg\" alt=\"\" \/><em>Dupla foi presa pela Pol\u00edcia Militar (Foto: Reprodu\u00e7\u00e3o\/R\u00e1dio Vida Nova)<\/em><br \/>\n<\/br><\/p>\n<p><strong>VER PRIMEIRO<\/strong><\/p>\n<p>Receba as not\u00edcias do Aconteceu no Vale em primeira m\u00e3o. Clique em curtir no endere\u00e7o <a href=\"https:\/\/www.facebook.com\/aconteceunovale\" target=\"_blank\"><font color=\"red\">www.facebook.com\/aconteceunovale<\/font><\/a> ou no box abaixo:<\/p>\n<div class=\"fb-like\" data-href=\"https:\/\/www.facebook.com\/aconteceunovale\" data-width=\"120\" data-layout=\"standard\" data-action=\"like\" data-size=\"small\" data-show-faces=\"true\" data-share=\"true\"><\/div>\n<p><\/br><\/p>\n<p><em>(Com informa\u00e7\u00f5es da R\u00e1dio Vida Nova)<\/em><\/p>\n","protected":false},"excerpt":{"rendered":"<p>Dois rapazes foram presos na madrugada desta segunda-feira (18\/09\/2017) suspeitos de matar um homem a facadas na tarde de domingo (17) durante uma festa em Guanh\u00e3es, no Vale do Rio Doce. Segundo a Pol\u00edcia Militar (PM), o crime aconteceu ap\u00f3s uma confus\u00e3o generalizada em que a v\u00edtima teria tentado defender a filha. Ainda segundo a [&hellip;]<\/p>\n","protected":false},"author":1,"featured_media":121478,"comment_status":"open","ping_status":"closed","sticky":false,"template":"","format":"standard","meta":{"amp_status":"","footnotes":""},"categories":[121],"tags":[146120,155,146119,108660,104484,160025,23434],"class_list":["post-121477","post","type-post","status-publish","format-standard","has-post-thumbnail","hentry","category-leste","tag-assassinato-em-guanhaes","tag-guanhaes","tag-homicidio-em-guanhaes","tag-morte-em-guanhaes","tag-morto-em-guanhaes","tag-policia-prende-dupla-suspeita-de-matar-homem-durante-festa-em-guanhaes","tag-presos-em-guanhaes"],"_links":{"self":[{"href":"https:\/\/aconteceunovale.com.br\/portal\/index.php?rest_route=\/wp\/v2\/posts\/121477","targetHints":{"allow":["GET"]}}],"collection":[{"href":"https:\/\/aconteceunovale.com.br\/portal\/index.php?rest_route=\/wp\/v2\/posts"}],"about":[{"href":"https:\/\/aconteceunovale.com.br\/portal\/index.php?rest_route=\/wp\/v2\/types\/post"}],"author":[{"embeddable":true,"href":"https:\/\/aconteceunovale.com.br\/portal\/index.php?rest_route=\/wp\/v2\/users\/1"}],"replies":[{"embeddable":true,"href":"https:\/\/aconteceunovale.com.br\/portal\/index.php?rest_route=%2Fwp%2Fv2%2Fcomments&post=121477"}],"version-history":[{"count":0,"href":"https:\/\/aconteceunovale.com.br\/portal\/index.php?rest_route=\/wp\/v2\/posts\/121477\/revisions"}],"wp:featuredmedia":[{"embeddable":true,"href":"https:\/\/aconteceunovale.com.br\/portal\/index.php?rest_route=\/wp\/v2\/media\/121478"}],"wp:attachment":[{"href":"https:\/\/aconteceunovale.com.br\/portal\/index.php?rest_route=%2Fwp%2Fv2%2Fmedia&parent=121477"}],"wp:term":[{"taxonomy":"category","embeddable":true,"href":"https:\/\/aconteceunovale.com.br\/portal\/index.php?rest_route=%2Fwp%2Fv2%2Fcategories&post=121477"},{"taxonomy":"post_tag","embeddable":true,"href":"https:\/\/aconteceunovale.com.br\/portal\/index.php?rest_route=%2Fwp%2Fv2%2Ftags&post=121477"}],"curies":[{"name":"wp","href":"https:\/\/api.w.org\/{rel}","templated":true}]}}