{"id":121474,"date":"2017-09-18T19:34:56","date_gmt":"2017-09-18T21:34:56","guid":{"rendered":"http:\/\/aconteceunovale.com.br\/portal\/?p=121474"},"modified":"2017-09-18T19:34:56","modified_gmt":"2017-09-18T21:34:56","slug":"ima-inicia-recadastramento-obrigatorio-de-produtores-rurais-em-minas-gerais","status":"publish","type":"post","link":"https:\/\/aconteceunovale.com.br\/portal\/?p=121474","title":{"rendered":"IMA inicia recadastramento obrigat\u00f3rio de produtores rurais em Minas Gerais"},"content":{"rendered":"<p>O\u00a0Instituto Mineiro de Agropecu\u00e1ria (IMA)\u00a0inicia nesta segunda-feira (18\/9\/2017) campanha de recadastramento dos criadores de bovinos, bubalinos, caprinos, ovinos e equ\u00eddeos. O recadastramento \u00e9 obrigat\u00f3rio e dever\u00e1 ser feito at\u00e9 29 de dezembro.<\/p>\n<p>Para se recadastrar o criador dever\u00e1 comparecer a uma unidade do IMA e apresentar original e c\u00f3pia dos documentos pessoais e de comprovante de endere\u00e7o. O criador que n\u00e3o o fizer estar\u00e1 impedido de transitar com seus animais dentro e fora do estado. o que o impedir\u00e1 de vender animais do seu plantel ou participar de eventos agropecu\u00e1rios.<\/p>\n<p>O recadastramento est\u00e1 regulamentado em portaria publicada no\u00a0Di\u00e1rio Oficial Minas Gerais\u00a0em 16 de setembro. O criador ir\u00e1 confirmar que permanece na atividade e a localiza\u00e7\u00e3o da sua propriedade, entre outros dados.<\/p>\n<p>A medida tem o objetivo de regularizar os dados dos criadores junto ao IMA, tendo em vista que muitos produtores deixaram a atividade ou venderam seu rebanho e n\u00e3o comunicaram ao Instituto.<\/p>\n<p>Da mesma forma, muitos j\u00e1 faleceram e os familiares n\u00e3o comunicaram esse fato ao IMA. As duas situa\u00e7\u00f5es contribuem para que o banco de dados do \u00f3rg\u00e3o n\u00e3o esteja fiel \u00e0 realidade.<\/p>\n<p>O banco de dados do IMA possui atualmente cerca de 400 mil criadores cadastrados em todo o estado, 80% dos quais de bovinos.<\/p>\n<p><img decoding=\"async\" src=\"http:\/\/aconteceunovale.com.br\/portal\/wp-content\/uploads\/2017\/09\/banco_ima.jpg\" alt=\"\" \/><em>O banco de dados do IMA possui atualmente cerca de 400 mil criadores (Divulga\u00e7\u00e3o\/IMA)<\/em><br \/>\n<\/br><\/p>\n<p><strong>Fraudes<\/strong><\/p>\n<p>O diretor-geral do IMA, Marc\u00edlio de Sousa Magalh\u00e3es, argumenta que o descompasso entre os dados registrados no IMA e aqueles que constituem a realidade onera financeiramente o instituto que, muitas vezes, tem custos com deslocamentos para ir pessoalmente \u00e0s propriedades desses produtores. H\u00e1 tamb\u00e9m custos com o alto \u00edndice de notifica\u00e7\u00f5es de autua\u00e7\u00f5es devolvidas ao Instituto.<\/p>\n<p>\u201cEssa situa\u00e7\u00e3o abre brechas para fraudes de todas as ordens, inclusive econ\u00f4micas, uma vez que pessoas inid\u00f4neas de posse dos dados dos produtores podem utiliz\u00e1-los para transa\u00e7\u00f5es fraudulentas. Al\u00e9m disso, essa situa\u00e7\u00e3o restringe a atua\u00e7\u00e3o do IMA frente \u00e0s constantes demandas de ordem sanit\u00e1ria\u201d, pondera.<\/p>\n<p>Neste sentido, o diretor-geral do IMA lembra que o recadastramento est\u00e1 alinhado \u00e0s a\u00e7\u00f5es que antecedem a retirada da vacina\u00e7\u00e3o do gado contra a febre aftosa no pa\u00eds at\u00e9 2021, conforme previsto pelo Minist\u00e9rio da Agricultura, Pecu\u00e1ria e Abastecimento (Mapa).<\/p>\n<p>O fim da vacina\u00e7\u00e3o vai exigir, entre outros, o aperfei\u00e7oamento das informa\u00e7\u00f5es dos rebanhos de forma a tornar mais eficaz o estado de alerta previsto nos atendimentos \u00e0s ocorr\u00eancias zoosanit\u00e1rias.<\/p>\n<p>Por outro lado, o dirigente pondera que ao regularizar os dados dos criadores o IMA poder\u00e1 direcionar melhor a\u00e7\u00f5es de apoio a esses produtores, com programas governamentais de investimentos em melhorias na presta\u00e7\u00e3o dos servi\u00e7os de defesa sanit\u00e1ria e inspe\u00e7\u00e3o de produtos.<\/p>\n<p><strong>Portal do Produtor<\/strong><\/p>\n<p>Al\u00e9m de regularizar sua situa\u00e7\u00e3o perante o IMA o criador receber\u00e1, no recadastramento, uma senha para acesso gratuito ao Portal de Servi\u00e7os do Produtor Rural, dispon\u00edvel no site do IMA \u2013\u00a0<span style=\"text-decoration: underline;\"><span style=\"color: #ff0000;\"><a href=\"http:\/\/www.ima.mg.gov.br\/\" target=\"_blank\"><span style=\"color: #ff0000; text-decoration: underline;\">www.ima.mg.gov.br<\/span><\/a><\/span><\/span>.<\/p>\n<p>Por meio do portal o produtor tem acesso a v\u00e1rios servi\u00e7os do instituto como a emiss\u00e3o de guias e documentos oficiais, sem precisar ir pessoalmente a uma unidade.<\/p>\n<p><strong>VER PRIMEIRO<\/strong><\/p>\n<p>Receba as not\u00edcias do Aconteceu no Vale em primeira m\u00e3o. Clique em curtir no endere\u00e7o <a href=\"https:\/\/www.facebook.com\/aconteceunovale\" target=\"_blank\"><font color=\"red\">www.facebook.com\/aconteceunovale<\/font><\/a> ou no box abaixo:<\/p>\n<div class=\"fb-like\" data-href=\"https:\/\/www.facebook.com\/aconteceunovale\" data-width=\"120\" data-layout=\"standard\" data-action=\"like\" data-size=\"small\" data-show-faces=\"true\" data-share=\"true\"><\/div>\n<p><\/br><\/p>\n<p><em>(Fonte: Ag\u00eancia Minas)<\/em><\/p>\n","protected":false},"excerpt":{"rendered":"<p>O\u00a0Instituto Mineiro de Agropecu\u00e1ria (IMA)\u00a0inicia nesta segunda-feira (18\/9\/2017) campanha de recadastramento dos criadores de bovinos, bubalinos, caprinos, ovinos e equ\u00eddeos. O recadastramento \u00e9 obrigat\u00f3rio e dever\u00e1 ser feito at\u00e9 29 de dezembro. Para se recadastrar o criador dever\u00e1 comparecer a uma unidade do IMA e apresentar original e c\u00f3pia dos documentos pessoais e de comprovante [&hellip;]<\/p>\n","protected":false},"author":1,"featured_media":121475,"comment_status":"open","ping_status":"closed","sticky":false,"template":"","format":"standard","meta":{"amp_status":"","footnotes":""},"categories":[123],"tags":[1018,43202,20955,160023,20954,104982,160024],"class_list":["post-121474","post","type-post","status-publish","format-standard","has-post-thumbnail","hentry","category-gerais","tag-destaque","tag-diretor-geral-do-ima","tag-ima","tag-ima-inicia-recadastramento-obrigatorio-de-produtores-rurais-em-minas-gerais","tag-instituto-mineiro-de-agropecuaria","tag-marcilio-de-sousa-magalhaes","tag-recadastramento-obrigatorio-de-produtores-rurais-em-minas-gerais"],"_links":{"self":[{"href":"https:\/\/aconteceunovale.com.br\/portal\/index.php?rest_route=\/wp\/v2\/posts\/121474","targetHints":{"allow":["GET"]}}],"collection":[{"href":"https:\/\/aconteceunovale.com.br\/portal\/index.php?rest_route=\/wp\/v2\/posts"}],"about":[{"href":"https:\/\/aconteceunovale.com.br\/portal\/index.php?rest_route=\/wp\/v2\/types\/post"}],"author":[{"embeddable":true,"href":"https:\/\/aconteceunovale.com.br\/portal\/index.php?rest_route=\/wp\/v2\/users\/1"}],"replies":[{"embeddable":true,"href":"https:\/\/aconteceunovale.com.br\/portal\/index.php?rest_route=%2Fwp%2Fv2%2Fcomments&post=121474"}],"version-history":[{"count":0,"href":"https:\/\/aconteceunovale.com.br\/portal\/index.php?rest_route=\/wp\/v2\/posts\/121474\/revisions"}],"wp:featuredmedia":[{"embeddable":true,"href":"https:\/\/aconteceunovale.com.br\/portal\/index.php?rest_route=\/wp\/v2\/media\/121475"}],"wp:attachment":[{"href":"https:\/\/aconteceunovale.com.br\/portal\/index.php?rest_route=%2Fwp%2Fv2%2Fmedia&parent=121474"}],"wp:term":[{"taxonomy":"category","embeddable":true,"href":"https:\/\/aconteceunovale.com.br\/portal\/index.php?rest_route=%2Fwp%2Fv2%2Fcategories&post=121474"},{"taxonomy":"post_tag","embeddable":true,"href":"https:\/\/aconteceunovale.com.br\/portal\/index.php?rest_route=%2Fwp%2Fv2%2Ftags&post=121474"}],"curies":[{"name":"wp","href":"https:\/\/api.w.org\/{rel}","templated":true}]}}