{"id":121468,"date":"2017-09-18T19:24:44","date_gmt":"2017-09-18T21:24:44","guid":{"rendered":"http:\/\/aconteceunovale.com.br\/portal\/?p=121468"},"modified":"2017-09-18T19:24:44","modified_gmt":"2017-09-18T21:24:44","slug":"semana-nacional-de-transito-comeca-nesta-segunda-feira","status":"publish","type":"post","link":"https:\/\/aconteceunovale.com.br\/portal\/?p=121468","title":{"rendered":"Semana Nacional de Tr\u00e2nsito come\u00e7a nesta segunda-feira"},"content":{"rendered":"<p>A Semana Nacional de Tr\u00e2nsito come\u00e7a nesta segunda-feira (18\/9) e se estende at\u00e9 o dia 25 de setembro com o objetivo de chamar a aten\u00e7\u00e3o da popula\u00e7\u00e3o sobre os \u00edndices de acidentes de tr\u00e2nsito e as in\u00fameras mortes causadas por displic\u00eancia ou desaten\u00e7\u00e3o de motoristas e pedestres. Este ano a campanha nacional tem como mote \u201cMinha escolha faz a diferen\u00e7a no tr\u00e2nsito\u201d e em Minas Gerais as a\u00e7\u00f5es preventivas j\u00e1 come\u00e7aram.<\/p>\n<p>Est\u00e3o sendo realizadas blitze di\u00e1rias da campanha \u201cSou pela Vida. Dirijo sem Bebida\u201d em todas as 19 Regi\u00f5es Integradas de Seguran\u00e7a P\u00fablica (Risp\u2019s) do estado e em v\u00e1rios pontos da capital. Al\u00e9m disso, uma programa\u00e7\u00e3o extensa de atividades foi preparada pela Secretaria de Estado de Seguran\u00e7a P\u00fablica (Sesp) e demais \u00f3rg\u00e3os parceiros para levar \u00e0 popula\u00e7\u00e3o mais conhecimento sobre as leis de tr\u00e2nsito e mais conscientiza\u00e7\u00e3o sobre a import\u00e2ncia da dire\u00e7\u00e3o segura e defensiva.<\/p>\n<p>Em Minas Gerais, de janeiro a julho deste ano foram registrados 45.759 acidentes de tr\u00e2nsito com v\u00edtima. No mesmo per\u00edodo do ano passado, foram 49.794. Apesar da queda de 8% nos \u00edndices, a Sesp, respons\u00e1vel pela coordena\u00e7\u00e3o da campanha Lei Seca, prev\u00ea ainda mais a\u00e7\u00f5es integradas para que este n\u00famero seja cada vez menor.<\/p>\n<p>Para a coordenadora de Tr\u00e2nsito da Sesp, Christiane Aguiar, o foco principal do aumento das fiscaliza\u00e7\u00f5es \u00e9 o combate \u00e0 alcoolemia, al\u00e9m da inspe\u00e7\u00e3o dos ve\u00edculos e seus documentos de licenciamento, multas pendentes e a documenta\u00e7\u00e3o de motoristas. \u201cO objetivo de todas as a\u00e7\u00f5es e do aumento do n\u00famero de blitz \u00e9 proporcionar ganhos nas a\u00e7\u00f5es e garantia \u00e0 popula\u00e7\u00e3o de que o poder p\u00fablico est\u00e1 sendo dirigido de forma otimizada com vistas \u00e0 obten\u00e7\u00e3o de um tr\u00e2nsito mais seguro para pedestres, motoristas e passageiros\u201d, disse.<\/p>\n<p>Os n\u00fameros tamb\u00e9m est\u00e3o em queda quando o assunto \u00e9 atropelamento de pessoa. No Estado foram registradas 3.913 ocorr\u00eancias de janeiro a junho de 2016 e, no mesmo per\u00edodo deste ano, 3.734 (-4,6%). Em Belo Horizonte os n\u00fameros tamb\u00e9m tiveram uma ligeira queda. Foram 806 atropelamentos em igual per\u00edodo de 2016 e este ano foram 801.<\/p>\n<p>Com rela\u00e7\u00e3o aos acidentes de tr\u00e2nsito que n\u00e3o tiveram v\u00edtimas com les\u00e3o leve ou grave, os dados, dispon\u00edveis no site da secretaria, mostram um aumento de 6% nos n\u00fameros, equivalente a pouco mais de seis mil acidentes registrados no mesmo per\u00edodo. Para reverter os n\u00fameros, o delegado da Delegacia Especializada em Acidentes de Ve\u00edculos do Detran, Rodrigo Fagundes, acredita que a conscientiza\u00e7\u00e3o dos motoristas e as a\u00e7\u00f5es preventivas e repressivas s\u00e3o fundamentais. \u201cO tr\u00e2nsito na sociedade deve ser levado a s\u00e9rio, caso contr\u00e1rio muitas vidas ainda ser\u00e3o perdidas. A bebida associada \u00e0 dire\u00e7\u00e3o ainda \u00e9 uma quest\u00e3o que merece toda a aten\u00e7\u00e3o. Alguns motoristas ainda insistem em desrespeitar as normas de tr\u00e2nsito\u201d, ressaltou o coordenador.<\/p>\n<p><img decoding=\"async\" src=\"http:\/\/aconteceunovale.com.br\/portal\/wp-content\/uploads\/2017\/09\/semana_transito_mg.jpg\" alt=\"\" \/><br \/>\n<\/br><\/p>\n<h3>A\u00e7\u00f5es preventivas<\/h3>\n<p>Nesta ter\u00e7a-feira (19\/9), uma blitz educativa coordenada pela Sesp abordar\u00e1 motoristas que passam pela BR-356, pr\u00f3ximo ao BH Shopping. Durante a a\u00e7\u00e3o, t\u00e9cnicos, educadores e esportistas estar\u00e3o distribuindo folhetos e conversando com os condutores e passageiros de ve\u00edculos automotores, sobre preven\u00e7\u00e3o de acidentes e conscientiza\u00e7\u00e3o sobre o uso de bebida alco\u00f3lica, utiliza\u00e7\u00e3o do cinto de seguran\u00e7a no banco da frente e de tr\u00e1s e excesso de velocidade. Atletas que sofreram acidentes de tr\u00e2nsito tamb\u00e9m refor\u00e7am o time da a\u00e7\u00e3o educativa.<\/p>\n<p>Na quarta-feira (20\/9), o Detran realizar\u00e1 o  57\u00ba Pr\u00eamio Motorista e Motociclista Padr\u00e3o de Minas Gerais. A premia\u00e7\u00e3o tem como objetivo homenagear condutores que tenham se destacado por boas pr\u00e1ticas e bons exemplos na dire\u00e7\u00e3o dos ve\u00edculos e, assim, valorizar e incentivar o condutor que demonstra atitudes cidad\u00e3s no dia a dia no tr\u00e2nsito, de forma respons\u00e1vel, solid\u00e1ria e comprometida com a seguran\u00e7a vi\u00e1ria. A premia\u00e7\u00e3o ser\u00e1 realizada \u00e0s 15h, no audit\u00f3rio da C\u00e2mara de Dirigentes Lojistas de Belo Horizonte.<\/p>\n<p>No domingo (24\/9), um passeio cicl\u00edstico em Belo Horizonte alertar\u00e1 ciclistas e motoristas sobre a import\u00e2ncia de se respeitar as leis de tr\u00e2nsito quando o assunto \u00e9 a condu\u00e7\u00e3o de bicicletas nas vias da capital. O passeio ser\u00e1 realizado no per\u00edodo da manh\u00e3, de 9h \u00e0s 13h, na Savassi, saindo da Avenida Crist\u00f3v\u00e3o Colombo at\u00e9 a Pra\u00e7a da Liberdade. A a\u00e7\u00e3o educativa \u00e9 gratuita e aberta para adultos e crian\u00e7as e, tamb\u00e9m, coordenada pela Sesp.<\/p>\n<p><strong>VER PRIMEIRO<\/strong><\/p>\n<p>Receba as not\u00edcias do Aconteceu no Vale em primeira m\u00e3o. Clique em curtir no endere\u00e7o <a href=\"https:\/\/www.facebook.com\/aconteceunovale\" target=\"_blank\"><font color=\"red\">www.facebook.com\/aconteceunovale<\/font><\/a> ou no box abaixo:<\/p>\n<div class=\"fb-like\" data-href=\"https:\/\/www.facebook.com\/aconteceunovale\" data-width=\"120\" data-layout=\"standard\" data-action=\"like\" data-size=\"small\" data-show-faces=\"true\" data-share=\"true\"><\/div>\n<p><\/br><\/p>\n<p><em>(Fonte: Ag\u00eancia Minas)<\/em><\/p>\n","protected":false},"excerpt":{"rendered":"<p>A Semana Nacional de Tr\u00e2nsito come\u00e7a nesta segunda-feira (18\/9) e se estende at\u00e9 o dia 25 de setembro com o objetivo de chamar a aten\u00e7\u00e3o da popula\u00e7\u00e3o sobre os \u00edndices de acidentes de tr\u00e2nsito e as in\u00fameras mortes causadas por displic\u00eancia ou desaten\u00e7\u00e3o de motoristas e pedestres. Este ano a campanha nacional tem como mote [&hellip;]<\/p>\n","protected":false},"author":1,"featured_media":121469,"comment_status":"open","ping_status":"closed","sticky":false,"template":"","format":"standard","meta":{"amp_status":"","footnotes":""},"categories":[6,123],"tags":[160021,160020,160019,160017,107738,160016,160015,160018],"class_list":["post-121468","post","type-post","status-publish","format-standard","has-post-thumbnail","hentry","category-br","category-gerais","tag-57o-premio-motorista-e-motociclista-padrao-de-minas-gerais","tag-christiane-aguiar","tag-coordenadora-de-transito-da-sesp","tag-minha-escolha-faz-a-diferenca-no-transito","tag-premio-motorista-e-motociclista-padrao-de-minas-gerais","tag-semana-nacional-de-transito","tag-semana-nacional-de-transito-comeca-nesta-segunda-feira","tag-sou-pela-vida-dirijo-sem-bebida"],"_links":{"self":[{"href":"https:\/\/aconteceunovale.com.br\/portal\/index.php?rest_route=\/wp\/v2\/posts\/121468","targetHints":{"allow":["GET"]}}],"collection":[{"href":"https:\/\/aconteceunovale.com.br\/portal\/index.php?rest_route=\/wp\/v2\/posts"}],"about":[{"href":"https:\/\/aconteceunovale.com.br\/portal\/index.php?rest_route=\/wp\/v2\/types\/post"}],"author":[{"embeddable":true,"href":"https:\/\/aconteceunovale.com.br\/portal\/index.php?rest_route=\/wp\/v2\/users\/1"}],"replies":[{"embeddable":true,"href":"https:\/\/aconteceunovale.com.br\/portal\/index.php?rest_route=%2Fwp%2Fv2%2Fcomments&post=121468"}],"version-history":[{"count":0,"href":"https:\/\/aconteceunovale.com.br\/portal\/index.php?rest_route=\/wp\/v2\/posts\/121468\/revisions"}],"wp:featuredmedia":[{"embeddable":true,"href":"https:\/\/aconteceunovale.com.br\/portal\/index.php?rest_route=\/wp\/v2\/media\/121469"}],"wp:attachment":[{"href":"https:\/\/aconteceunovale.com.br\/portal\/index.php?rest_route=%2Fwp%2Fv2%2Fmedia&parent=121468"}],"wp:term":[{"taxonomy":"category","embeddable":true,"href":"https:\/\/aconteceunovale.com.br\/portal\/index.php?rest_route=%2Fwp%2Fv2%2Fcategories&post=121468"},{"taxonomy":"post_tag","embeddable":true,"href":"https:\/\/aconteceunovale.com.br\/portal\/index.php?rest_route=%2Fwp%2Fv2%2Ftags&post=121468"}],"curies":[{"name":"wp","href":"https:\/\/api.w.org\/{rel}","templated":true}]}}