{"id":121464,"date":"2017-09-18T19:15:28","date_gmt":"2017-09-18T21:15:28","guid":{"rendered":"http:\/\/aconteceunovale.com.br\/portal\/?p=121464"},"modified":"2017-09-18T19:15:28","modified_gmt":"2017-09-18T21:15:28","slug":"ladroes-furtam-estoque-de-loja-na-regiao-central-de-capelinha","status":"publish","type":"post","link":"https:\/\/aconteceunovale.com.br\/portal\/?p=121464","title":{"rendered":"Ladr\u00f5es furtam estoque de loja na regi\u00e3o central de Capelinha"},"content":{"rendered":"<p>Ladr\u00f5es invadiram a loja Roots Moda Masculina, na regi\u00e3o Central de Capelinha, e furtaram cerca de 70% da mercadoria. A a\u00e7\u00e3o criminosa foi descoberta na noite desse domingo (17\/09\/2017). Os autores entraram pelo telhado, arrombaram o forro e, ap\u00f3s recolher os produtos, fugiram pelo buraco de uma das janelas. A Pol\u00edcia Militar registrou a ocorr\u00eancia.<\/p>\n<p>Em nota divulgada nas redes sociais, o propriet\u00e1rio da loja Allan Hendrik confirmou o furto e pediu a compreens\u00e3o de seus clientes. <em>\u201c\u00c9 com imensa tristeza que venho comunicar o rouba na Roots Moda Masculina, ocorrido na noite de ontem (domingo 17\/09). E em fun\u00e7\u00e3o do acontecido pe\u00e7o um pouco de compreens\u00e3o aos nossos cliente e amigos pois abrir meu pr\u00f3prio com\u00e9rcio com muito sacrif\u00edcio, e suor do meu trabalho, e foram levados mais de 70% da mercadoria, infelizmente n\u00e3o tenho condi\u00e7\u00f5es de repor no momento o que foi roubado. Ent\u00e3o pe\u00e7o desculpas desde j\u00e1, pois n\u00e3o sei quando teremos condi\u00e7\u00f5es de atender voc\u00ea cliente e amigo como merecem, mas continuaremos de portas abertas. E pe\u00e7o tamb\u00e9m se tiverem alguma pista sobre o ocorrido que nos comunique. Obrigado!\u201d<\/em><\/p>\n<p><img decoding=\"async\" src=\"http:\/\/aconteceunovale.com.br\/portal\/wp-content\/uploads\/2017\/09\/furto_roots_cap_2.jpg\" alt=\"\" \/><em>Ladr\u00f5es furtam 70% do estoque (Foto: Reprodu\u00e7\u00e3o\/Facebook)<\/em><br \/>\n<\/br><\/p>\n<p><img decoding=\"async\" src=\"http:\/\/aconteceunovale.com.br\/portal\/wp-content\/uploads\/2017\/09\/furto_roots_cap_1.jpg\" alt=\"\" \/><em>Ladr\u00f5es furtam 70% do estoque (Foto: Reprodu\u00e7\u00e3o\/Facebook)<\/em><br \/>\n<\/br><\/p>\n<p><strong>VER PRIMEIRO<\/strong><\/p>\n<p>Receba as not\u00edcias do Aconteceu no Vale em primeira m\u00e3o. Clique em curtir no endere\u00e7o <a href=\"https:\/\/www.facebook.com\/aconteceunovale\" target=\"_blank\"><font color=\"red\">www.facebook.com\/aconteceunovale<\/font><\/a> ou no box abaixo:<\/p>\n<div class=\"fb-like\" data-href=\"https:\/\/www.facebook.com\/aconteceunovale\" data-width=\"120\" data-layout=\"standard\" data-action=\"like\" data-size=\"small\" data-show-faces=\"true\" data-share=\"true\"><\/div>\n<p><\/br><\/p>\n","protected":false},"excerpt":{"rendered":"<p>Ladr\u00f5es invadiram a loja Roots Moda Masculina, na regi\u00e3o Central de Capelinha, e furtaram cerca de 70% da mercadoria. A a\u00e7\u00e3o criminosa foi descoberta na noite desse domingo (17\/09\/2017). Os autores entraram pelo telhado, arrombaram o forro e, ap\u00f3s recolher os produtos, fugiram pelo buraco de uma das janelas. A Pol\u00edcia Militar registrou a ocorr\u00eancia. [&hellip;]<\/p>\n","protected":false},"author":1,"featured_media":121466,"comment_status":"open","ping_status":"closed","sticky":false,"template":"","format":"standard","meta":{"amp_status":"","footnotes":""},"categories":[120],"tags":[160010,119855,160013,132,160009,160012,160008,160011,119854,160014],"class_list":["post-121464","post","type-post","status-publish","format-standard","has-post-thumbnail","hentry","category-jequi","tag-allan-hendrik","tag-assalto-capelinha","tag-assalto-roots-moda-masculina","tag-capelinha","tag-furto-capelinha","tag-furto-roots-moda-masculina","tag-ladroes-furtam-estoque-de-loja-na-regiao-central-de-capelinha","tag-roots-moda-masculina","tag-roubo-capelinha","tag-roubo-roots-moda-masculina"],"_links":{"self":[{"href":"https:\/\/aconteceunovale.com.br\/portal\/index.php?rest_route=\/wp\/v2\/posts\/121464","targetHints":{"allow":["GET"]}}],"collection":[{"href":"https:\/\/aconteceunovale.com.br\/portal\/index.php?rest_route=\/wp\/v2\/posts"}],"about":[{"href":"https:\/\/aconteceunovale.com.br\/portal\/index.php?rest_route=\/wp\/v2\/types\/post"}],"author":[{"embeddable":true,"href":"https:\/\/aconteceunovale.com.br\/portal\/index.php?rest_route=\/wp\/v2\/users\/1"}],"replies":[{"embeddable":true,"href":"https:\/\/aconteceunovale.com.br\/portal\/index.php?rest_route=%2Fwp%2Fv2%2Fcomments&post=121464"}],"version-history":[{"count":0,"href":"https:\/\/aconteceunovale.com.br\/portal\/index.php?rest_route=\/wp\/v2\/posts\/121464\/revisions"}],"wp:featuredmedia":[{"embeddable":true,"href":"https:\/\/aconteceunovale.com.br\/portal\/index.php?rest_route=\/wp\/v2\/media\/121466"}],"wp:attachment":[{"href":"https:\/\/aconteceunovale.com.br\/portal\/index.php?rest_route=%2Fwp%2Fv2%2Fmedia&parent=121464"}],"wp:term":[{"taxonomy":"category","embeddable":true,"href":"https:\/\/aconteceunovale.com.br\/portal\/index.php?rest_route=%2Fwp%2Fv2%2Fcategories&post=121464"},{"taxonomy":"post_tag","embeddable":true,"href":"https:\/\/aconteceunovale.com.br\/portal\/index.php?rest_route=%2Fwp%2Fv2%2Ftags&post=121464"}],"curies":[{"name":"wp","href":"https:\/\/api.w.org\/{rel}","templated":true}]}}