{"id":121461,"date":"2017-09-18T12:05:18","date_gmt":"2017-09-18T14:05:18","guid":{"rendered":"http:\/\/aconteceunovale.com.br\/portal\/?p=121461"},"modified":"2017-09-18T12:05:18","modified_gmt":"2017-09-18T14:05:18","slug":"raquel-dodge-assume-a-pgr-e-diz-que-ninguem-esta-acima-nem-abaixo-da-lei","status":"publish","type":"post","link":"https:\/\/aconteceunovale.com.br\/portal\/?p=121461","title":{"rendered":"Raquel Dodge assume a PGR e diz que ningu\u00e9m est\u00e1 acima nem abaixo da lei"},"content":{"rendered":"<p>Raquel Dodge acaba de assumir a Procuradoria-Geral da Rep\u00fablica e a presid\u00eancia do Conselho Nacional do Minist\u00e9rio P\u00fablico. O termo de posse foi assinado por ela e pelo presidente Michel Temer, em cerim\u00f4nia da PGR.<\/p>\n<p>Em seu discurso de posse, Dodge disse que o Minist\u00e9rio P\u00fablico tem \u201co dever de cobrar dos que gerenciam o gasto p\u00fablico que o fa\u00e7am de modo honesto, eficiente e probo, ao ponto de restabelecer a confian\u00e7a das pessoas nas institui\u00e7\u00f5es de governan\u00e7a\u201d.<\/p>\n<p>Sobre este assunto, ela citou uma fala do papa Francisco, na qual o pont\u00edfice ensina que \u201ca corrup\u00e7\u00e3o n\u00e3o \u00e9 um ato, mas uma condi\u00e7\u00e3o, um estado pessoal e social, no qual a pessoa se habitua a viver\u201d, disse.<\/p>\n<p>\u201cO corrupto est\u00e1 t\u00e3o fechado e satisfeito em alimentar a sua autossufici\u00eancia que n\u00e3o se deixa questionar por nada nem por ningu\u00e9m. Constituiu uma autoestima que se baseia em atitudes fraudulentas. Passa a vida buscando os atalhos do oportunismo, ao pre\u00e7o de sua pr\u00f3pria dignidade e da dignidade dos outros. A corrup\u00e7\u00e3o faz perder o pudor que protege a verdade, a bondade e a beleza\u201d, acrescentou.<\/p>\n<p><strong>Ningu\u00e9m acima da lei<\/strong><\/p>\n<p>A nova procuradora-geral tamb\u00e9m indicou que o Minist\u00e9rio P\u00fablico deve trabalhar para todos igualmente. &#8220;O Minist\u00e9rio P\u00fablico deve promover justi\u00e7a e promover democracia, zelar pelo bem comum e pelo meio ambiente, assegurar voz a quem n\u00e3o a tem e garantir que ningu\u00e9m esteja acima e ningu\u00e9m esteja abaixo da lei&#8221;, afirmou.<\/p>\n<p>Ela destacou que o MP tem o dever desempenhar bem todas suas fun\u00e7\u00f5es, uma vez que elas s\u00e3o necess\u00e1rias para muitos brasileiros. \u201cA situa\u00e7\u00e3o continua dif\u00edcil pois [os brasileiros] est\u00e3o expostos \u00e0 viol\u00eancia e \u00e0 inseguran\u00e7a p\u00fablica, recebem servi\u00e7os p\u00fablicos prec\u00e1rios, pagam impostos elevados, encontram obst\u00e1culos no acesso \u00e0 Justi\u00e7a, sofrem os efeitos da corrup\u00e7\u00e3o, t\u00eam dificuldade de se auto-organizar, mas ainda almejam um futuro de prosperidade e paz social\u201d.<\/p>\n<p>Segundo Dodge, n\u00e3o t\u00eam faltado meios or\u00e7ament\u00e1rios nem instrumentos jur\u00eddicos para que o MP cumpra seu papel constitucional. \u201cEstou certa de que o MP continuar\u00e1 a receber do Poder Executivo e do Congresso Nacional o apoio indispens\u00e1vel ao aprimoramento das leis e das institui\u00e7\u00f5es republicanas e para o exerc\u00edcio de nossas atribui\u00e7\u00f5es\u201d.<\/p>\n<p>Membro do Minist\u00e9rio P\u00fablico Federal desde 1987, Raquel Dodge \u00e9 primeira mulher a exercer o cargo de procuradora-geral da Rep\u00fablica. Para vice-procurador-geral da Rep\u00fablica, ela escolheu o subprocurador-geral da Rep\u00fablica Luciano Maris Maia. Ela foi indicada na lista tr\u00edplice enviada ao presidente da Rep\u00fablica ap\u00f3s elei\u00e7\u00e3o da Associa\u00e7\u00e3o Nacional dos Procuradores da Rep\u00fablica (ANPR). Raquel Dodge foi a segunda mais votada, ficando atr\u00e1s de Nicolao Dino. Em julho, ela foi aprovada pelo plen\u00e1rio do Senado por 74 votos a 1 e uma absten\u00e7\u00e3o.<\/p>\n<p>Rodrigo Janot, que deixa o cargo, n\u00e3o compareceu \u00e0 posse.\u00a0 De acordo com dados referentes ao segundo per\u00edodo de Janot na Procuradoria, que comandou de 2013 a 2017, na \u00e1rea criminal, que envolve a Opera\u00e7\u00e3o Lava Jato, foram feitos 242 pedidos de abertura de inqu\u00e9rito, 98 pedidos de busca e apreens\u00e3o, de intercepta\u00e7\u00f5es telef\u00f4nicas e quebras de sigilo banc\u00e1rio e 66 den\u00fancias foram enviadas \u00e0 Justi\u00e7a (inclusive duas contra o presidente Temer).<\/p>\n<p><img decoding=\"async\" src=\"http:\/\/aconteceunovale.com.br\/portal\/wp-content\/uploads\/2017\/09\/raquel_dodge.jpg\" alt=\"\" \/><em>Raquel Dodge \u00e9 a nova procuradora-geral da Rep\u00fablica (Marcelo Camargo\/Ag\u00eancia Brasil)<\/em><br \/>\n<\/br><\/p>\n<p><strong>VER PRIMEIRO<\/strong><\/p>\n<p>Receba as not\u00edcias do Aconteceu no Vale em primeira m\u00e3o. Clique em curtir no endere\u00e7o <a href=\"https:\/\/www.facebook.com\/aconteceunovale\" target=\"_blank\"><font color=\"red\">www.facebook.com\/aconteceunovale<\/font><\/a> ou no box abaixo:<\/p>\n<div class=\"fb-like\" data-href=\"https:\/\/www.facebook.com\/aconteceunovale\" data-width=\"120\" data-layout=\"standard\" data-action=\"like\" data-size=\"small\" data-show-faces=\"true\" data-share=\"true\"><\/div>\n<p><\/br><\/p>\n<p><em>(Fonte: Ag\u00eancia Brasil)<\/em><\/p>\n","protected":false},"excerpt":{"rendered":"<p>Raquel Dodge acaba de assumir a Procuradoria-Geral da Rep\u00fablica e a presid\u00eancia do Conselho Nacional do Minist\u00e9rio P\u00fablico. O termo de posse foi assinado por ela e pelo presidente Michel Temer, em cerim\u00f4nia da PGR. Em seu discurso de posse, Dodge disse que o Minist\u00e9rio P\u00fablico tem \u201co dever de cobrar dos que gerenciam o [&hellip;]<\/p>\n","protected":false},"author":1,"featured_media":121462,"comment_status":"open","ping_status":"closed","sticky":false,"template":"","format":"standard","meta":{"amp_status":"","footnotes":""},"categories":[6,40240],"tags":[160005,160004,20181,27655,160006,160007,946,160003,94729,78304,154778,160002,20096],"class_list":["post-121461","post","type-post","status-publish","format-standard","has-post-thumbnail","hentry","category-br","category-politica-2","tag-conselho-nacional-do-ministerio-publico","tag-ex-procurador-geral","tag-michel-temer","tag-ministerio-publico","tag-ninguem-acima-da-lei","tag-nova-procuradora-geral","tag-papa-francisco","tag-posse-raquel-dodge","tag-presidente-michel-temer","tag-procuradoria-geral-da-republica","tag-raquel-dodge","tag-raquel-dodge-assume-a-pgr-e-diz-que-ninguem-esta-acima-nem-abaixo-da-lei","tag-rodrigo-janot"],"_links":{"self":[{"href":"https:\/\/aconteceunovale.com.br\/portal\/index.php?rest_route=\/wp\/v2\/posts\/121461","targetHints":{"allow":["GET"]}}],"collection":[{"href":"https:\/\/aconteceunovale.com.br\/portal\/index.php?rest_route=\/wp\/v2\/posts"}],"about":[{"href":"https:\/\/aconteceunovale.com.br\/portal\/index.php?rest_route=\/wp\/v2\/types\/post"}],"author":[{"embeddable":true,"href":"https:\/\/aconteceunovale.com.br\/portal\/index.php?rest_route=\/wp\/v2\/users\/1"}],"replies":[{"embeddable":true,"href":"https:\/\/aconteceunovale.com.br\/portal\/index.php?rest_route=%2Fwp%2Fv2%2Fcomments&post=121461"}],"version-history":[{"count":0,"href":"https:\/\/aconteceunovale.com.br\/portal\/index.php?rest_route=\/wp\/v2\/posts\/121461\/revisions"}],"wp:featuredmedia":[{"embeddable":true,"href":"https:\/\/aconteceunovale.com.br\/portal\/index.php?rest_route=\/wp\/v2\/media\/121462"}],"wp:attachment":[{"href":"https:\/\/aconteceunovale.com.br\/portal\/index.php?rest_route=%2Fwp%2Fv2%2Fmedia&parent=121461"}],"wp:term":[{"taxonomy":"category","embeddable":true,"href":"https:\/\/aconteceunovale.com.br\/portal\/index.php?rest_route=%2Fwp%2Fv2%2Fcategories&post=121461"},{"taxonomy":"post_tag","embeddable":true,"href":"https:\/\/aconteceunovale.com.br\/portal\/index.php?rest_route=%2Fwp%2Fv2%2Ftags&post=121461"}],"curies":[{"name":"wp","href":"https:\/\/api.w.org\/{rel}","templated":true}]}}