{"id":121455,"date":"2017-09-17T23:50:43","date_gmt":"2017-09-18T01:50:43","guid":{"rendered":"http:\/\/aconteceunovale.com.br\/portal\/?p=121455"},"modified":"2017-09-17T23:59:49","modified_gmt":"2017-09-18T01:59:49","slug":"filho-mata-a-mae-em-governador-valadares-por-causa-de-cosmeticos","status":"publish","type":"post","link":"https:\/\/aconteceunovale.com.br\/portal\/?p=121455","title":{"rendered":"Filho mata a m\u00e3e em Governador Valadares por causa de cosm\u00e9ticos"},"content":{"rendered":"<p>Um jovem de 24 anos foi preso suspeito de matar a pr\u00f3pria m\u00e3e, de 48, na madrugada deste domingo (17\/09\/2017) em Governador Valadares, no Vale do Rio Doce. Segundo a pol\u00edcia, o crime ocorreu por um motivo f\u00fatil: uma briga por conta de produtos de beleza. A v\u00edtima foi assassinada com pelo menos 10 facadas. <\/p>\n<p>A mulher e o filho moravam no Bairro JK 3. Por volta das 3h, de acordo com a Pol\u00edcia Militar (PM), vizinhos ouviram os pedidos de socorro de Jucineide Lopes de Souza e, logo em seguida, viram Felipe Lopes de Souza Mifarreg fugir da casa. Ao entrar no im\u00f3vel, eles encontraram a mulher ca\u00edda no ch\u00e3o, ensanguentada.<\/p>\n<p>A PM e o Servi\u00e7o de Atendimento M\u00f3vel de Urg\u00eancia (Samu) foram chamados. A equipe m\u00e9dica ainda tentou reanimar Jucineide, mas ela morreu no local. Ela foi atingida por duas facadas no rosto, uma em um dos bra\u00e7os e sete nas costas. <\/p>\n<p>Felipe acabou detido nas proximidades do im\u00f3vel. Consta no boletim de ocorr\u00eancia que ele tentou tomar o carro de um casal. O propriet\u00e1rio do ve\u00edculo disse \u00e0 pol\u00edcia que ele atirou uma pedra no carro, exigiu que os dois desembarcassem, e atirou uma segunda pedra no para-brisa dianteiro. Felipe teria chegado a entrar no ve\u00edculo, mas fugiu da v\u00edtima, que reagiu com um peda\u00e7o de pau. <\/p>\n<p>Ainda segundo a pol\u00edcia, uma pessoa da fam\u00edlia de Lucineide disse que, ap\u00f3s atacar a m\u00e3e, Felipe foi at\u00e9 a casa dele e danificou os vidros de portas e janelas. Ao ser preso, o jovem disse \u00e0 pol\u00edcia que agrediu a m\u00e3e porque ela n\u00e3o permitiu que ele usasse seus produtos de beleza de determinada marca. Ap\u00f3s ser atendido no Hospital Municipal de Governador Valadares, ele foi encaminhado a uma delegacia da regi\u00e3o. <\/p>\n<p>A assessoria de imprensa da Pol\u00edcia Civil informou, na noite deste domingo, que Felipe foi preso em flagrante e que o delegado Mateus Oliveira Andrade j\u00e1 pediu \u00e0 Justi\u00e7a a convers\u00e3o para pris\u00e3o preventiva, conforme os termos da lei. Ainda segundo a Pol\u00edcia Civil, o delegado tamb\u00e9m solicitou a verifica\u00e7\u00e3o da sanidade mental de Felipe. Assim, ele poder\u00e1 ficar preso ou ser internado caso o laudo comprove insanidade.<\/p>\n<p><img decoding=\"async\" src=\"http:\/\/aconteceunovale.com.br\/portal\/wp-content\/uploads\/2017\/09\/jucineide.jpg\" alt=\"\" \/><em>Jucineide Lopes de Souza tinha 48 anos (Foto: Reprodu\u00e7\u00e3o\/Facebook)<\/em><br \/>\n<\/br><\/p>\n<h4>Mulher \u00e9 atingida por tr\u00eas tiros em Governador Valadares<\/h4>\n<p>Uma mulher de 28 anos sofreu uma tentativa de homic\u00eddio na noite desse s\u00e1bado (16) em Governador Valadares. Segundo a Pol\u00edcia Militar, o crime ocorreu no bairro Jardim Vera Cruz, quando dois suspeitos foram at\u00e9 a casa da v\u00edtima \u00e0 procura do esposo dela.<\/p>\n<p>O pai da v\u00edtima foi quem atendeu os criminosos, mas informou que o companheiro da filha n\u00e3o estava no local. Ao ouvir a movimenta\u00e7\u00e3o, a filha dele foi at\u00e9 \u00e0 porta e um dos suspeitos a agarrou pelos cabelos quando a viu.<\/p>\n<p>O homem disparou contra a v\u00edtima tr\u00eas vezes e depois a dupla fugiu. O Samu foi acionado e socorreu a v\u00edtima, levando-a para um hospital, mas a institui\u00e7\u00e3o n\u00e3o divulgou estado de sa\u00fade. O pai da v\u00edtima reconheceu um dos suspeitos, que seria um adolescente de 17 anos. A PM fez buscas, mas at\u00e9 a publica\u00e7\u00e3o desta not\u00edcia ningu\u00e9m foi preso.<\/p>\n<p><strong>VER PRIMEIRO<\/strong><\/p>\n<p>Receba as not\u00edcias do Aconteceu no Vale em primeira m\u00e3o. Clique em curtir no endere\u00e7o <a href=\"https:\/\/www.facebook.com\/aconteceunovale\" target=\"_blank\"><font color=\"red\">www.facebook.com\/aconteceunovale<\/font><\/a> ou no box abaixo:<\/p>\n<div class=\"fb-like\" data-href=\"https:\/\/www.facebook.com\/aconteceunovale\" data-width=\"120\" data-layout=\"standard\" data-action=\"like\" data-size=\"small\" data-show-faces=\"true\" data-share=\"true\"><\/div>\n<p><\/br><\/p>\n<p><em>(Fonte: Estado de Minas e G1 Vales)<\/em><\/p>\n","protected":false},"excerpt":{"rendered":"<p>Um jovem de 24 anos foi preso suspeito de matar a pr\u00f3pria m\u00e3e, de 48, na madrugada deste domingo (17\/09\/2017) em Governador Valadares, no Vale do Rio Doce. Segundo a pol\u00edcia, o crime ocorreu por um motivo f\u00fatil: uma briga por conta de produtos de beleza. A v\u00edtima foi assassinada com pelo menos 10 facadas. [&hellip;]<\/p>\n","protected":false},"author":1,"featured_media":121456,"comment_status":"open","ping_status":"closed","sticky":false,"template":"","format":"standard","meta":{"amp_status":"","footnotes":""},"categories":[121],"tags":[159997,159998,159999,160000,247,8180,159993,159996,159995,160001,159994],"class_list":["post-121455","post","type-post","status-publish","format-standard","has-post-thumbnail","hentry","category-leste","tag-assassinada-em-governador-valadares","tag-felipe-lopes-de-souza-mifarreg","tag-filho-mata-a-mae-a-facadas-em-governador-valadares-por-causa-de-cosmeticos","tag-filho-mata-a-mae-em-governador-valadares-por-causa-de-cosmeticos","tag-governador-valadares","tag-homicidio-em-governador-valadares","tag-jucineide-lopes-de-souza","tag-morta-em-governador-valadares","tag-mulher-assassinada-em-governador-valadares","tag-mulher-e-atingida-por-tres-tiros-em-governador-valadares","tag-mulher-morta-em-governador-valadares"],"_links":{"self":[{"href":"https:\/\/aconteceunovale.com.br\/portal\/index.php?rest_route=\/wp\/v2\/posts\/121455","targetHints":{"allow":["GET"]}}],"collection":[{"href":"https:\/\/aconteceunovale.com.br\/portal\/index.php?rest_route=\/wp\/v2\/posts"}],"about":[{"href":"https:\/\/aconteceunovale.com.br\/portal\/index.php?rest_route=\/wp\/v2\/types\/post"}],"author":[{"embeddable":true,"href":"https:\/\/aconteceunovale.com.br\/portal\/index.php?rest_route=\/wp\/v2\/users\/1"}],"replies":[{"embeddable":true,"href":"https:\/\/aconteceunovale.com.br\/portal\/index.php?rest_route=%2Fwp%2Fv2%2Fcomments&post=121455"}],"version-history":[{"count":0,"href":"https:\/\/aconteceunovale.com.br\/portal\/index.php?rest_route=\/wp\/v2\/posts\/121455\/revisions"}],"wp:featuredmedia":[{"embeddable":true,"href":"https:\/\/aconteceunovale.com.br\/portal\/index.php?rest_route=\/wp\/v2\/media\/121456"}],"wp:attachment":[{"href":"https:\/\/aconteceunovale.com.br\/portal\/index.php?rest_route=%2Fwp%2Fv2%2Fmedia&parent=121455"}],"wp:term":[{"taxonomy":"category","embeddable":true,"href":"https:\/\/aconteceunovale.com.br\/portal\/index.php?rest_route=%2Fwp%2Fv2%2Fcategories&post=121455"},{"taxonomy":"post_tag","embeddable":true,"href":"https:\/\/aconteceunovale.com.br\/portal\/index.php?rest_route=%2Fwp%2Fv2%2Ftags&post=121455"}],"curies":[{"name":"wp","href":"https:\/\/api.w.org\/{rel}","templated":true}]}}