{"id":121451,"date":"2017-09-17T23:38:50","date_gmt":"2017-09-18T01:38:50","guid":{"rendered":"http:\/\/aconteceunovale.com.br\/portal\/?p=121451"},"modified":"2017-09-17T23:38:50","modified_gmt":"2017-09-18T01:38:50","slug":"mediacao-poe-fim-a-acoes-envolvendo-posse-de-terras-na-regiao-de-grao-mogol","status":"publish","type":"post","link":"https:\/\/aconteceunovale.com.br\/portal\/?p=121451","title":{"rendered":"Media\u00e7\u00e3o p\u00f5e fim a a\u00e7\u00f5es envolvendo posse de terras na regi\u00e3o de Gr\u00e3o Mogol"},"content":{"rendered":"<p>Oito demandas judiciais envolvendo a posse de terras na regi\u00e3o de Gr\u00e3o Mogol \u2013 algumas com mais de dez anos de tramita\u00e7\u00e3o, gerando ang\u00fastia e inseguran\u00e7a para as fam\u00edlias envolvidas \u2013 foram encerradas por meio da media\u00e7\u00e3o, m\u00e9todo de solu\u00e7\u00e3o de conflitos que se sustenta no di\u00e1logo entre as partes, na escuta ativa por parte do mediador e no protagonismo dos litigantes. Em uma ponta, os grupos em disputa, com seus respectivos advogados; no outro, o juiz Rodrigo Martins Faria, que se disp\u00f4s a desvelar a hist\u00f3ria por tr\u00e1s dos processos para produzir a efetiva pacifica\u00e7\u00e3o entre as partes.<\/p>\n<p>O juiz da Comarca de Gr\u00e3o Mogol conta que foram ajuizadas simultaneamente tr\u00eas a\u00e7\u00f5es possess\u00f3rias. \u201cAp\u00f3s ouvir as partes, ainda na primeira das audi\u00eancias de justifica\u00e7\u00e3o \u2013 realizadas para as oitivas de testemunhas e a concess\u00e3o de eventual liminar \u2013, como \u00e9 praxe a tentativa de concilia\u00e7\u00e3o, foi-me esclarecido que as \u00e1reas em conflito estavam inseridas dentro de duas outras bem maiores. Em rela\u00e7\u00e3o a esses terrenos, havia outras a\u00e7\u00f5es ajuizadas: a primeira delas, uma a\u00e7\u00e3o de usucapi\u00e3o datada de 2005. No total, eram nove a\u00e7\u00f5es\u201d, afirma.<\/p>\n<p>De acordo com o juiz, embora somente as partes daquelas tr\u00eas a\u00e7\u00f5es possess\u00f3rias tivessem sido intimadas, todos os envolvidos compareceram espontaneamente \u00e0 audi\u00eancia. \u201cDiante desse cen\u00e1rio, empenhei-me ao m\u00e1ximo para a tentativa de concilia\u00e7\u00e3o quanto aos processos pautados e tamb\u00e9m aos mais antigos. Entretanto, todo o esfor\u00e7o era v\u00e3o, pois n\u00e3o era poss\u00edvel entender a dimens\u00e3o do conflito, visto que as \u00e1reas n\u00e3o eram divididas por cercas.\u201d<\/p>\n<p>Em raz\u00e3o desse contexto, relata o juiz, as partes n\u00e3o conseguiam dialogar. \u201cTampouco eu conseguia auxili\u00e1-las na tentativa de uma composi\u00e7\u00e3o amig\u00e1vel, pois eu tamb\u00e9m n\u00e3o era capaz de visualizar o problema somente com base na narrativa das partes.\u201d Como solu\u00e7\u00e3o, foi proposto ao magistrado, na audi\u00eancia, o comparecimento ao local do conflito, distante cerca de 120km. \u201cAcatei a ideia de pronto. Achei importante minha presen\u00e7a, pois um dos pilares da media\u00e7\u00e3o \u00e9 a escuta ativa, t\u00e9cnica em que o juiz deve ouvir atentamente as partes para a exata compreens\u00e3o da controv\u00e9rsia, a fim de que o aux\u00edlio na media\u00e7\u00e3o seja efetivo.\u201d<\/p>\n<p><img decoding=\"async\" src=\"http:\/\/aconteceunovale.com.br\/portal\/wp-content\/uploads\/2017\/09\/conflito_gm_1.jpg\" alt=\"\" \/><\/p>\n<p>Deixando a sala de audi\u00eancia para pisar nas terras em conflito, no Vale das Cancelas, conhecendo de perto o cen\u00e1rio, as demandas e as possibilidades de solu\u00e7\u00e3o, a iniciativa foi bem-sucedida, com a extin\u00e7\u00e3o pac\u00edfica de oito das nove a\u00e7\u00f5es, prosseguindo-se apenas a a\u00e7\u00e3o de usucapi\u00e3o. \u201cAo final, os familiares indiretamente envolvidos no conflito me agradeceram fervorosamente, pois aquele acordo significaria a paz na vida deles dali em diante. Embora seja o meu trabalho fazer o que for preciso para levar a paz \u00e0s pessoas, senti-me muito realizado, ao viabilizar que as partes protagonizassem a autossolu\u00e7\u00e3o dos seus problemas\u201d, relata o magistrado.<\/p>\n<p>Na foto abaixo, no dia da visita e da celebra\u00e7\u00e3o dos acordos, em 4 de setembro \u00faltimo, o retrato \u2013 falando literalmente \u2013 dos acordos com final feliz: o juiz (de azul), ladeado pelos advogados Claun\u00eddio Soares e G\u00e9sio Damasceno, representantes dos dois grupos conflitantes, seguidos das fam\u00edlias.<\/p>\n<p><img decoding=\"async\" src=\"http:\/\/aconteceunovale.com.br\/portal\/wp-content\/uploads\/2017\/09\/conflito_gm_2.jpg\" alt=\"\" \/><br \/>\n<\/br><\/p>\n<p><strong>VER PRIMEIRO<\/strong><\/p>\n<p>Receba as not\u00edcias do Aconteceu no Vale em primeira m\u00e3o. Clique em curtir no endere\u00e7o <a href=\"https:\/\/www.facebook.com\/aconteceunovale\" target=\"_blank\"><font color=\"red\">www.facebook.com\/aconteceunovale<\/font><\/a> ou no box abaixo:<\/p>\n<div class=\"fb-like\" data-href=\"https:\/\/www.facebook.com\/aconteceunovale\" data-width=\"120\" data-layout=\"standard\" data-action=\"like\" data-size=\"small\" data-show-faces=\"true\" data-share=\"true\"><\/div>\n<p><\/br><\/p>\n<p><em>(Fonte e fotos: TJMG)<\/em><\/p>\n","protected":false},"excerpt":{"rendered":"<p>Oito demandas judiciais envolvendo a posse de terras na regi\u00e3o de Gr\u00e3o Mogol \u2013 algumas com mais de dez anos de tramita\u00e7\u00e3o, gerando ang\u00fastia e inseguran\u00e7a para as fam\u00edlias envolvidas \u2013 foram encerradas por meio da media\u00e7\u00e3o, m\u00e9todo de solu\u00e7\u00e3o de conflitos que se sustenta no di\u00e1logo entre as partes, na escuta ativa por parte [&hellip;]<\/p>\n","protected":false},"author":1,"featured_media":121452,"comment_status":"open","ping_status":"closed","sticky":false,"template":"","format":"standard","meta":{"amp_status":"","footnotes":""},"categories":[1236],"tags":[159991,159988,159992,1153,159987,159989,159990,73056],"class_list":["post-121451","post","type-post","status-publish","format-standard","has-post-thumbnail","hentry","category-norte_de_minas","tag-claunidio-soares","tag-conflito-de-terra-grao-mogol","tag-gesio-damasceno","tag-grao-mogol","tag-mediacao-poe-fim-a-acoes-envolvendo-posse-de-terras-na-regiao-de-grao-mogol","tag-posse-de-terra-grao-mogol","tag-rodrigo-martins-faria","tag-vale-das-cancelas"],"_links":{"self":[{"href":"https:\/\/aconteceunovale.com.br\/portal\/index.php?rest_route=\/wp\/v2\/posts\/121451","targetHints":{"allow":["GET"]}}],"collection":[{"href":"https:\/\/aconteceunovale.com.br\/portal\/index.php?rest_route=\/wp\/v2\/posts"}],"about":[{"href":"https:\/\/aconteceunovale.com.br\/portal\/index.php?rest_route=\/wp\/v2\/types\/post"}],"author":[{"embeddable":true,"href":"https:\/\/aconteceunovale.com.br\/portal\/index.php?rest_route=\/wp\/v2\/users\/1"}],"replies":[{"embeddable":true,"href":"https:\/\/aconteceunovale.com.br\/portal\/index.php?rest_route=%2Fwp%2Fv2%2Fcomments&post=121451"}],"version-history":[{"count":0,"href":"https:\/\/aconteceunovale.com.br\/portal\/index.php?rest_route=\/wp\/v2\/posts\/121451\/revisions"}],"wp:featuredmedia":[{"embeddable":true,"href":"https:\/\/aconteceunovale.com.br\/portal\/index.php?rest_route=\/wp\/v2\/media\/121452"}],"wp:attachment":[{"href":"https:\/\/aconteceunovale.com.br\/portal\/index.php?rest_route=%2Fwp%2Fv2%2Fmedia&parent=121451"}],"wp:term":[{"taxonomy":"category","embeddable":true,"href":"https:\/\/aconteceunovale.com.br\/portal\/index.php?rest_route=%2Fwp%2Fv2%2Fcategories&post=121451"},{"taxonomy":"post_tag","embeddable":true,"href":"https:\/\/aconteceunovale.com.br\/portal\/index.php?rest_route=%2Fwp%2Fv2%2Ftags&post=121451"}],"curies":[{"name":"wp","href":"https:\/\/api.w.org\/{rel}","templated":true}]}}