{"id":121448,"date":"2017-09-17T23:24:51","date_gmt":"2017-09-18T01:24:51","guid":{"rendered":"http:\/\/aconteceunovale.com.br\/portal\/?p=121448"},"modified":"2017-09-17T23:24:51","modified_gmt":"2017-09-18T01:24:51","slug":"ifmg-campus-sao-joao-evangelista-promove-a-segunda-semana-da-informatica-2","status":"publish","type":"post","link":"https:\/\/aconteceunovale.com.br\/portal\/?p=121448","title":{"rendered":"IFMG campus S\u00e3o Jo\u00e3o Evangelista promove a Segunda Semana da Inform\u00e1tica"},"content":{"rendered":"<p>O Instituto Federal de Minas Gerais (IFMG) \u2013 <em>campus <\/em>S\u00e3o Jo\u00e3o Evangelista, atrav\u00e9s da coordena\u00e7\u00e3o do curso bacharelado em Sistemas de Informa\u00e7\u00e3o, promover\u00e1 a II Semana da Inform\u00e1tica, entre os dias 18 a 21 de setembro de 2017. O evento busca promover a discuss\u00e3o em torno de temas relevantes e atuais, al\u00e9m de incentivar a troca de experi\u00eancias na \u00e1rea da Inform\u00e1tica.<\/p>\n<p>Durante os quatro dias, discentes e profissionais da \u00e1rea ter\u00e3o a oportunidade de participar de uma gama de atividades como palestras, apresenta\u00e7\u00e3o de trabalhos, minicursos, Maratona de Programa\u00e7\u00e3o, Maratona de Excel e Maratona de Banco de Dados. Al\u00e9m disso, na abertura do evento haver\u00e1 musical com o cantor Tuka Maia e no encerramento, acontecer\u00e1 uma divertida gincana e premia\u00e7\u00f5es para os campe\u00f5es das maratonas e da gincana.<\/p>\n<p>Ap\u00f3s a premia\u00e7\u00e3o, haver\u00e1 uma confraterniza\u00e7\u00e3o entre os membros organizadores do evento juntamente com os alunos do curso de Sistemas de Informa\u00e7\u00e3o.<\/p>\n<p><span style=\"text-decoration: underline;\"><span style=\"color: #ff0000;\"><a href=\"http:\/\/semanainfo.sje.ifmg.edu.br\/index.php\/2017-04-04-12-42-37\/programacao-2017\" target=\"_blank\"><span style=\"color: #ff0000; text-decoration: underline;\">Confira a programa\u00e7\u00e3o aqui<\/span><\/a><\/span><\/span>. Mais informa\u00e7\u00f5es no site do evento: <span style=\"text-decoration: underline;\"><span style=\"color: #ff0000;\"><a href=\"http:\/\/semanainfo.sje.ifmg.edu.br\/\" target=\"_blank\"><span style=\"color: #ff0000; text-decoration: underline;\">http:\/\/semanainfo.sje.ifmg.edu.br\/<\/span><\/a><\/span><\/span><\/p>\n<p><img decoding=\"async\" src=\"http:\/\/aconteceunovale.com.br\/portal\/wp-content\/uploads\/2017\/09\/semana_info_1.jpg\" alt=\"\" \/><img decoding=\"async\" src=\"http:\/\/aconteceunovale.com.br\/portal\/wp-content\/uploads\/2017\/09\/semana_info_2.jpg\" alt=\"\" \/><img decoding=\"async\" src=\"http:\/\/aconteceunovale.com.br\/portal\/wp-content\/uploads\/2017\/09\/semana_info_3.jpg\" alt=\"\" \/><br \/>\n<\/br><\/p>\n<p><strong>VER PRIMEIRO<\/strong><\/p>\n<p>Receba as not\u00edcias do Aconteceu no Vale em primeira m\u00e3o. Clique em curtir no endere\u00e7o <a href=\"https:\/\/www.facebook.com\/aconteceunovale\" target=\"_blank\"><font color=\"red\">www.facebook.com\/aconteceunovale<\/font><\/a> ou no box abaixo:<\/p>\n<div class=\"fb-like\" data-href=\"https:\/\/www.facebook.com\/aconteceunovale\" data-width=\"120\" data-layout=\"standard\" data-action=\"like\" data-size=\"small\" data-show-faces=\"true\" data-share=\"true\"><\/div>\n<p><\/br><\/p>\n","protected":false},"excerpt":{"rendered":"<p>O Instituto Federal de Minas Gerais (IFMG) \u2013 campus S\u00e3o Jo\u00e3o Evangelista, atrav\u00e9s da coordena\u00e7\u00e3o do curso bacharelado em Sistemas de Informa\u00e7\u00e3o, promover\u00e1 a II Semana da Inform\u00e1tica, entre os dias 18 a 21 de setembro de 2017. O evento busca promover a discuss\u00e3o em torno de temas relevantes e atuais, al\u00e9m de incentivar a [&hellip;]<\/p>\n","protected":false},"author":1,"featured_media":121445,"comment_status":"open","ping_status":"closed","sticky":false,"template":"","format":"standard","meta":{"amp_status":"","footnotes":""},"categories":[125,121],"tags":[160,159986,54464,159983,159984,159985,37409,162,70269,159982],"class_list":["post-121448","post","type-post","status-publish","format-standard","has-post-thumbnail","hentry","category-noticias","category-leste","tag-ifmg","tag-ifmg-campus-sao-joao-evangelista-promove-a-segunda-semana-da-informatica","tag-ifmg-sao-joao-evangelista","tag-ii-semana-da-informatica","tag-ii-semana-da-informatica-do-ifmg","tag-ii-semana-da-informatica-sao-joao-evangelista","tag-instituto-federal-de-minas-gerais","tag-sao-joao-evangelista","tag-sistemas-de-informacao","tag-sistemas-de-informacao-do-ifmg"],"_links":{"self":[{"href":"https:\/\/aconteceunovale.com.br\/portal\/index.php?rest_route=\/wp\/v2\/posts\/121448","targetHints":{"allow":["GET"]}}],"collection":[{"href":"https:\/\/aconteceunovale.com.br\/portal\/index.php?rest_route=\/wp\/v2\/posts"}],"about":[{"href":"https:\/\/aconteceunovale.com.br\/portal\/index.php?rest_route=\/wp\/v2\/types\/post"}],"author":[{"embeddable":true,"href":"https:\/\/aconteceunovale.com.br\/portal\/index.php?rest_route=\/wp\/v2\/users\/1"}],"replies":[{"embeddable":true,"href":"https:\/\/aconteceunovale.com.br\/portal\/index.php?rest_route=%2Fwp%2Fv2%2Fcomments&post=121448"}],"version-history":[{"count":0,"href":"https:\/\/aconteceunovale.com.br\/portal\/index.php?rest_route=\/wp\/v2\/posts\/121448\/revisions"}],"wp:featuredmedia":[{"embeddable":true,"href":"https:\/\/aconteceunovale.com.br\/portal\/index.php?rest_route=\/wp\/v2\/media\/121445"}],"wp:attachment":[{"href":"https:\/\/aconteceunovale.com.br\/portal\/index.php?rest_route=%2Fwp%2Fv2%2Fmedia&parent=121448"}],"wp:term":[{"taxonomy":"category","embeddable":true,"href":"https:\/\/aconteceunovale.com.br\/portal\/index.php?rest_route=%2Fwp%2Fv2%2Fcategories&post=121448"},{"taxonomy":"post_tag","embeddable":true,"href":"https:\/\/aconteceunovale.com.br\/portal\/index.php?rest_route=%2Fwp%2Fv2%2Ftags&post=121448"}],"curies":[{"name":"wp","href":"https:\/\/api.w.org\/{rel}","templated":true}]}}