{"id":121328,"date":"2017-09-13T22:55:36","date_gmt":"2017-09-14T00:55:36","guid":{"rendered":"http:\/\/aconteceunovale.com.br\/portal\/?p=121328"},"modified":"2026-09-02T12:50:45","modified_gmt":"2026-09-02T15:50:45","slug":"projetos-sociais-na-regiao-de-diamantina-recebem-cerca-de-r-185-mil","status":"publish","type":"post","link":"https:\/\/aconteceunovale.com.br\/portal\/?p=121328","title":{"rendered":"Projetos sociais na regi\u00e3o de Diamantina recebem cerca de R$ 185 mil"},"content":{"rendered":"<p>Iniciativas que visam \u00e0 gera\u00e7\u00e3o de renda, \u00e0 prote\u00e7\u00e3o de crian\u00e7as, adolescentes e idosos, \u00e0 preserva\u00e7\u00e3o do meio ambiente e \u00e0 seguran\u00e7a na regi\u00e3o de Diamantina receber\u00e3o recursos decorrentes de presta\u00e7\u00f5es pecuni\u00e1rias. Os valores ser\u00e3o destinados aos projetos sociais pela 1\u00aa Vara C\u00edvel, Criminal e das Execu\u00e7\u00f5es Penais da comarca. Ao todo, 12 entidades e \u00f3rg\u00e3os com finalidade social ser\u00e3o beneficiados com um total de quase R$ 185 mil.<\/p>\n<p>As penas de presta\u00e7\u00f5es pecuni\u00e1rias s\u00e3o resultado das transa\u00e7\u00f5es penais dos autores dos crimes de pequeno potencial ofensivo \u2013 crimes leves \u2013 e senten\u00e7as condenat\u00f3rias. A destina\u00e7\u00e3o desses valores \u00e9 regulamentada pela\u00a0<span style=\"text-decoration: underline;\"><span style=\"color: #ff0000;\"><a href=\"http:\/\/www.cnj.jus.br\/busca-atos-adm?documento=2533\" target=\"_blank\"><span style=\"color: #ff0000; text-decoration: underline;\">Resolu\u00e7\u00e3o 154\/2012<\/span><\/a><\/span><\/span>\u00a0, do Conselho Nacional de Justi\u00e7a (CNJ), e pelo\u00a0<span style=\"text-decoration: underline;\"><span style=\"color: #ff0000;\"><a href=\"http:\/\/www8.tjmg.jus.br\/institucional\/at\/pdf\/vc00272013.pdf\" target=\"_blank\"><span style=\"color: #ff0000; text-decoration: underline;\">Provimento Conjunto 27\/2013<\/span><\/a><\/span><\/span>\u00a0, da Presid\u00eancia do TJMG e da Corregedoria-Geral de Justi\u00e7a.<\/p>\n<p>De acordo com o juiz Tiago Ferreira Barbosa, titular da 1\u00aa Vara C\u00edvel, Criminal e das Execu\u00e7\u00f5es Penais da comarca, com a publica\u00e7\u00e3o do edital para a sele\u00e7\u00e3o dos projetos, v\u00e1rias entidades se manifestaram. Ao todo, 32 projetos participaram da sele\u00e7\u00e3o, e 12 foram escolhidos. A elei\u00e7\u00e3o foi feita por meio de reuni\u00e3o p\u00fablica, da qual participaram, al\u00e9m do magistrado, o promotor de justi\u00e7a titular da vara, duas assistentes sociais e duas servidoras da comarca.<\/p>\n<p>Na escolha dos projetos foram avaliados, entre outros aspectos, o valor envolvido, o alcance, o n\u00famero de pessoas beneficiadas e a viabilidade da iniciativa. \u201cAp\u00f3s a escolha dos projetos, reuni os representantes das entidades e dos \u00f3rg\u00e3os beneficiados, com a finalidade de orientar e exigir a aplica\u00e7\u00e3o dos recursos apenas no projeto aprovado e a presta\u00e7\u00e3o de contas no prazo fixado e de forma correta\u201d, conta o juiz.<\/p>\n<p>Para o magistrado, essa \u00e9 \u201cuma atividade administrativa de import\u00e2ncia \u00edmpar, pois viabiliza a execu\u00e7\u00e3o de projetos com impactos sociais vis\u00edveis. A forma de escolha dos projetos \u00e9 democr\u00e1tica e transparente. \u00c9 relevante mostrar para a sociedade que o Poder Judici\u00e1rio promove a justi\u00e7a social de diferentes maneiras\u201d, destaca. O juiz afirma que, considerando a exist\u00eancia de saldo consider\u00e1vel em conta, um novo edital j\u00e1 foi publicado, para que as mesmas entidades ou outras possam apresentar novos projetos.<\/p>\n<p><strong>Entidades e projetos selecionados<\/strong><\/p>\n<p>Foram selecionados para receber recursos os seguintes projetos: \u201cA m\u00fasica como preven\u00e7\u00e3o e recurso terap\u00eautico no tratamento da depend\u00eancia qu\u00edmica\u201d (R$ 3.675) e \u201cOs jogos tratando e prevenindo o uso de drogas\u201d (R$ 3.140), ambos do Centro de Aten\u00e7\u00e3o Psicossocial (Caps) da Prefeitura Municipal de Diamantina; \u201cRessocializar\u201d (R$ 22.246,80), da Associa\u00e7\u00e3o de Pais e Amigos de Excepcionais (Apae) de Diamantina; \u201cAdequa\u00e7\u00e3o para libera\u00e7\u00e3o do alvar\u00e1 sanit\u00e1rio e de funcionamento\u201d (R$ 11.854,30), do Asilo de Idosos Casa Frederico Ozanam; \u201cVale ser e crescer unidos para a vida fazer sentido\u201d (R$ 25.624,80), da Sociedade Protetora da Inf\u00e2ncia (Epil).<\/p>\n<p>E ainda: \u201cBeneficiamento da produ\u00e7\u00e3o de bucha vegetal do povoado de Barreir\u00e3o\u201d (R$ 11.140), do Grupo de Produtores Rurais de Barreir\u00e3o; \u201cMonitoramento do DST PM de Couto de Magalh\u00e3es de Minas\u201d (R$ 6.734), da Pol\u00edcia Militar de Couto de Magalh\u00e3es de Minas, por meio da Associa\u00e7\u00e3o de Moradores da Olaria (Amo); \u201cFortalecimento da rede de economia popular solid\u00e1ria de Diamantina\u201d (R$ 11.751), da Caritas Arquidiocesana de Diamantina; \u201cCapta\u00e7\u00e3o de recurso para reforma de lavanderia\u201d (R$ 14.076,06), da Associa\u00e7\u00e3o Amigos da Casa Lar; \u201cEduca\u00e7\u00e3o ambiental para alunos de escolas p\u00fablicas e conserva\u00e7\u00e3o da Gruta do Salitre no Munic\u00edpio de Diamantina\u201d (R$ 35 mil), do Instituto Biotr\u00f3picos; \u201cFam\u00edlia do Guinda\u201d (R$ 21.103,50), da Associa\u00e7\u00e3o Esportiva Social e Cultural Guinda Futebol Clube; e \u201cCursos de primeiros socorros e forma\u00e7\u00e3o de brigadas\u201d (R$ 24.740), da 3\u00aa Companhia de Bombeiros Militar, por meio do Conselho de Seguran\u00e7a P\u00fablica.<\/p>\n<p><strong>VER PRIMEIRO<\/strong><\/p>\n<p>Receba as not\u00edcias do Aconteceu no Vale em primeira m\u00e3o. Clique em curtir no endere\u00e7o <a href=\"https:\/\/www.facebook.com\/aconteceunovale\" target=\"_blank\"><font color=\"red\">www.facebook.com\/aconteceunovale<\/font><\/a> ou no box abaixo:<\/p>\n<div class=\"fb-like\" data-href=\"https:\/\/www.facebook.com\/aconteceunovale\" data-width=\"120\" data-layout=\"standard\" data-action=\"like\" data-size=\"small\" data-show-faces=\"true\" data-share=\"true\"><\/div>\n<p><\/br><\/p>\n<p><em>(Fonte: TJMG)<\/em><\/p>\n","protected":false},"excerpt":{"rendered":"<p>Iniciativas que visam \u00e0 gera\u00e7\u00e3o de renda, \u00e0 prote\u00e7\u00e3o de crian\u00e7as, adolescentes e idosos, \u00e0 preserva\u00e7\u00e3o do meio ambiente e \u00e0 seguran\u00e7a na regi\u00e3o de Diamantina receber\u00e3o recursos decorrentes de presta\u00e7\u00f5es pecuni\u00e1rias. Os valores ser\u00e3o destinados aos projetos sociais pela 1\u00aa Vara C\u00edvel, Criminal e das Execu\u00e7\u00f5es Penais da comarca. Ao todo, 12 entidades e [&hellip;]<\/p>\n","protected":false},"author":1,"featured_media":121330,"comment_status":"open","ping_status":"closed","sticky":false,"template":"","format":"standard","meta":{"amp_status":"","footnotes":""},"categories":[272543,120],"tags":[97955,159758,159763,159761,159766,159759,45049,122421,4115,198,159764,159765,159762,159760,31299,143742,159755,159754,159767,159756,159757],"class_list":["post-121328","post","type-post","status-publish","format-standard","has-post-thumbnail","hentry","category-diamantina","category-jequi","tag-apae-de-diamantina","tag-asilo-de-idosos-casa-frederico-ozanam","tag-associacao-amigos-da-casa-lar","tag-associacao-de-moradores-da-olaria","tag-associacao-esportiva-social-e-cultural-guinda-futebol-clube","tag-beneficiamento-da-producao-de-bucha-vegetal-do-povoado-de-barreirao","tag-cnj","tag-conselho-nacional-de-justica","tag-couto-de-magalhaes-de-minas","tag-diamantina","tag-educacao-ambiental-para-alunos-de-escolas-publicas-e-conservacao-da-gruta-do-salitre-no-municipio-de-diamantina","tag-familia-do-guinda","tag-fortalecimento-da-rede-de-economia-popular-solidaria-de-diamantina","tag-grupo-de-produtores-rurais-de-barreirao","tag-prefeitura-de-diamantina","tag-prefeitura-municipal-de-diamantina","tag-projetos-sociais-em-diamantina","tag-projetos-sociais-em-diamantina-recebem-cerca-de-r-185-mil","tag-projetos-sociais-na-regiao-de-diamantina-recebem-cerca-de-r-185-mil","tag-resolucao-1542012","tag-tiago-ferreira-barbosa"],"yoast_head":"<!-- This site is optimized with the Yoast SEO plugin v28.3 - https:\/\/yoast.com\/product\/yoast-seo-wordpress\/ -->\n<title>Projetos sociais na regi\u00e3o de Diamantina recebem cerca de R$ 185 mil - Aconteceu no Vale<\/title>\n<meta name=\"robots\" content=\"index, follow, max-snippet:-1, max-image-preview:large, max-video-preview:-1\" \/>\n<link rel=\"canonical\" href=\"https:\/\/aconteceunovale.com.br\/portal\/?p=121328\" \/>\n<meta property=\"og:locale\" content=\"pt_BR\" \/>\n<meta property=\"og:type\" content=\"article\" \/>\n<meta property=\"og:title\" content=\"Projetos sociais na regi\u00e3o de Diamantina recebem cerca de R$ 185 mil - Aconteceu no Vale\" \/>\n<meta property=\"og:description\" content=\"Iniciativas que visam \u00e0 gera\u00e7\u00e3o de renda, \u00e0 prote\u00e7\u00e3o de crian\u00e7as, adolescentes e idosos, \u00e0 preserva\u00e7\u00e3o do meio ambiente e \u00e0 seguran\u00e7a na regi\u00e3o de Diamantina receber\u00e3o recursos decorrentes de presta\u00e7\u00f5es pecuni\u00e1rias. Os valores ser\u00e3o destinados aos projetos sociais pela 1\u00aa Vara C\u00edvel, Criminal e das Execu\u00e7\u00f5es Penais da comarca. Ao todo, 12 entidades e [&hellip;]\" \/>\n<meta property=\"og:url\" content=\"https:\/\/aconteceunovale.com.br\/portal\/?p=121328\" \/>\n<meta property=\"og:site_name\" content=\"Aconteceu no Vale\" \/>\n<meta property=\"article:publisher\" content=\"https:\/\/www.facebook.com\/aconteceunovale\/\" \/>\n<meta property=\"article:published_time\" content=\"2017-09-14T00:55:36+00:00\" \/>\n<meta property=\"article:modified_time\" content=\"2026-09-02T15:50:45+00:00\" \/>\n<meta property=\"og:image\" content=\"https:\/\/aconteceunovale.com.br\/portal\/wp-content\/uploads\/2017\/09\/diamantina_mg.jpg\" \/>\n\t<meta property=\"og:image:width\" content=\"674\" \/>\n\t<meta property=\"og:image:height\" content=\"450\" \/>\n\t<meta property=\"og:image:type\" content=\"image\/jpeg\" \/>\n<meta name=\"author\" content=\"Aconteceu no Vale\" \/>\n<meta name=\"twitter:card\" content=\"summary_large_image\" \/>\n<meta name=\"twitter:creator\" content=\"@noticiadosvales\" \/>\n<meta name=\"twitter:site\" content=\"@noticiadosvales\" \/>\n<meta name=\"twitter:label1\" content=\"Escrito por\" \/>\n\t<meta name=\"twitter:data1\" content=\"Aconteceu no Vale\" \/>\n\t<meta name=\"twitter:label2\" content=\"Est. tempo de leitura\" \/>\n\t<meta name=\"twitter:data2\" content=\"3 minutos\" \/>\n<script type=\"application\/ld+json\" class=\"yoast-schema-graph\">{\"@context\":\"https:\\\/\\\/schema.org\",\"@graph\":[{\"@type\":\"Article\",\"@id\":\"https:\\\/\\\/aconteceunovale.com.br\\\/portal\\\/?p=121328#article\",\"isPartOf\":{\"@id\":\"https:\\\/\\\/aconteceunovale.com.br\\\/portal\\\/?p=121328\"},\"author\":{\"name\":\"Aconteceu no Vale\",\"@id\":\"https:\\\/\\\/aconteceunovale.com.br\\\/portal\\\/#\\\/schema\\\/person\\\/633529146f2c94272bef50ac2953d589\"},\"headline\":\"Projetos sociais na regi\u00e3o de Diamantina recebem cerca de R$ 185 mil\",\"datePublished\":\"2017-09-14T00:55:36+00:00\",\"dateModified\":\"2026-09-02T15:50:45+00:00\",\"mainEntityOfPage\":{\"@id\":\"https:\\\/\\\/aconteceunovale.com.br\\\/portal\\\/?p=121328\"},\"wordCount\":678,\"commentCount\":0,\"image\":{\"@id\":\"https:\\\/\\\/aconteceunovale.com.br\\\/portal\\\/?p=121328#primaryimage\"},\"thumbnailUrl\":\"https:\\\/\\\/aconteceunovale.com.br\\\/portal\\\/wp-content\\\/uploads\\\/2017\\\/09\\\/diamantina_mg.jpg\",\"keywords\":[\"APAE de Diamantina\",\"Asilo de Idosos Casa Frederico Ozanam\",\"Associa\u00e7\u00e3o Amigos da Casa Lar\",\"Associa\u00e7\u00e3o de Moradores da Olaria\",\"Associa\u00e7\u00e3o Esportiva Social e Cultural Guinda Futebol Clube\",\"Beneficiamento da produ\u00e7\u00e3o de bucha vegetal do povoado de Barreir\u00e3o\",\"CNJ\",\"Conselho Nacional de Justi\u00e7a\",\"Couto de Magalh\u00e3es de Minas\",\"Diamantina\",\"Educa\u00e7\u00e3o ambiental para alunos de escolas p\u00fablicas e conserva\u00e7\u00e3o da Gruta do Salitre no Munic\u00edpio de Diamantina\",\"Fam\u00edlia do Guinda\",\"Fortalecimento da rede de economia popular solid\u00e1ria de Diamantina\",\"Grupo de Produtores Rurais de Barreir\u00e3o\",\"Prefeitura de Diamantina\",\"Prefeitura Municipal de Diamantina\",\"Projetos sociais em Diamantina\",\"Projetos sociais em Diamantina recebem cerca de R$ 185 mil\",\"Projetos sociais na regi\u00e3o de Diamantina recebem cerca de R$ 185 mil\",\"Resolu\u00e7\u00e3o 154\\\/2012\",\"Tiago Ferreira Barbosa\"],\"articleSection\":[\"Diamantina\",\"Vale do Jequitinhonha\"],\"inLanguage\":\"pt-BR\",\"potentialAction\":[{\"@type\":\"CommentAction\",\"name\":\"Comment\",\"target\":[\"https:\\\/\\\/aconteceunovale.com.br\\\/portal\\\/?p=121328#respond\"]}]},{\"@type\":\"WebPage\",\"@id\":\"https:\\\/\\\/aconteceunovale.com.br\\\/portal\\\/?p=121328\",\"url\":\"https:\\\/\\\/aconteceunovale.com.br\\\/portal\\\/?p=121328\",\"name\":\"Projetos sociais na regi\u00e3o de Diamantina recebem cerca de R$ 185 mil - Aconteceu no Vale\",\"isPartOf\":{\"@id\":\"https:\\\/\\\/aconteceunovale.com.br\\\/portal\\\/#website\"},\"primaryImageOfPage\":{\"@id\":\"https:\\\/\\\/aconteceunovale.com.br\\\/portal\\\/?p=121328#primaryimage\"},\"image\":{\"@id\":\"https:\\\/\\\/aconteceunovale.com.br\\\/portal\\\/?p=121328#primaryimage\"},\"thumbnailUrl\":\"https:\\\/\\\/aconteceunovale.com.br\\\/portal\\\/wp-content\\\/uploads\\\/2017\\\/09\\\/diamantina_mg.jpg\",\"datePublished\":\"2017-09-14T00:55:36+00:00\",\"dateModified\":\"2026-09-02T15:50:45+00:00\",\"author\":{\"@id\":\"https:\\\/\\\/aconteceunovale.com.br\\\/portal\\\/#\\\/schema\\\/person\\\/633529146f2c94272bef50ac2953d589\"},\"breadcrumb\":{\"@id\":\"https:\\\/\\\/aconteceunovale.com.br\\\/portal\\\/?p=121328#breadcrumb\"},\"inLanguage\":\"pt-BR\",\"potentialAction\":[{\"@type\":\"ReadAction\",\"target\":[\"https:\\\/\\\/aconteceunovale.com.br\\\/portal\\\/?p=121328\"]}]},{\"@type\":\"ImageObject\",\"inLanguage\":\"pt-BR\",\"@id\":\"https:\\\/\\\/aconteceunovale.com.br\\\/portal\\\/?p=121328#primaryimage\",\"url\":\"https:\\\/\\\/aconteceunovale.com.br\\\/portal\\\/wp-content\\\/uploads\\\/2017\\\/09\\\/diamantina_mg.jpg\",\"contentUrl\":\"https:\\\/\\\/aconteceunovale.com.br\\\/portal\\\/wp-content\\\/uploads\\\/2017\\\/09\\\/diamantina_mg.jpg\",\"width\":674,\"height\":450},{\"@type\":\"BreadcrumbList\",\"@id\":\"https:\\\/\\\/aconteceunovale.com.br\\\/portal\\\/?p=121328#breadcrumb\",\"itemListElement\":[{\"@type\":\"ListItem\",\"position\":1,\"name\":\"In\u00edcio\",\"item\":\"https:\\\/\\\/aconteceunovale.com.br\\\/portal\\\/\"},{\"@type\":\"ListItem\",\"position\":2,\"name\":\"Projetos sociais na regi\u00e3o de Diamantina recebem cerca de R$ 185 mil\"}]},{\"@type\":\"WebSite\",\"@id\":\"https:\\\/\\\/aconteceunovale.com.br\\\/portal\\\/#website\",\"url\":\"https:\\\/\\\/aconteceunovale.com.br\\\/portal\\\/\",\"name\":\"Aconteceu no Vale\",\"description\":\"Portal de Not\u00edcias\",\"potentialAction\":[{\"@type\":\"SearchAction\",\"target\":{\"@type\":\"EntryPoint\",\"urlTemplate\":\"https:\\\/\\\/aconteceunovale.com.br\\\/portal\\\/?s={search_term_string}\"},\"query-input\":{\"@type\":\"PropertyValueSpecification\",\"valueRequired\":true,\"valueName\":\"search_term_string\"}}],\"inLanguage\":\"pt-BR\"},{\"@type\":\"Person\",\"@id\":\"https:\\\/\\\/aconteceunovale.com.br\\\/portal\\\/#\\\/schema\\\/person\\\/633529146f2c94272bef50ac2953d589\",\"name\":\"Aconteceu no Vale\",\"description\":\"Equipe de reportagem do Aconteceu no Vale, portal de not\u00edcias do Vale do Jequitinhonha, em Minas Gerais. Cobrimos as 51 cidades do Vale desde 2013. Sugest\u00f5es de pauta e pedidos de corre\u00e7\u00e3o: contato@aconteceunovale.com.br\",\"sameAs\":[\"http:\\\/\\\/www.aconteceunovale.com.br\"],\"url\":\"https:\\\/\\\/aconteceunovale.com.br\\\/portal\\\/?author=1\"}]}<\/script>\n<!-- \/ Yoast SEO plugin. -->","yoast_head_json":{"title":"Projetos sociais na regi\u00e3o de Diamantina recebem cerca de R$ 185 mil - Aconteceu no Vale","robots":{"index":"index","follow":"follow","max-snippet":"max-snippet:-1","max-image-preview":"max-image-preview:large","max-video-preview":"max-video-preview:-1"},"canonical":"https:\/\/aconteceunovale.com.br\/portal\/?p=121328","og_locale":"pt_BR","og_type":"article","og_title":"Projetos sociais na regi\u00e3o de Diamantina recebem cerca de R$ 185 mil - Aconteceu no Vale","og_description":"Iniciativas que visam \u00e0 gera\u00e7\u00e3o de renda, \u00e0 prote\u00e7\u00e3o de crian\u00e7as, adolescentes e idosos, \u00e0 preserva\u00e7\u00e3o do meio ambiente e \u00e0 seguran\u00e7a na regi\u00e3o de Diamantina receber\u00e3o recursos decorrentes de presta\u00e7\u00f5es pecuni\u00e1rias. Os valores ser\u00e3o destinados aos projetos sociais pela 1\u00aa Vara C\u00edvel, Criminal e das Execu\u00e7\u00f5es Penais da comarca. Ao todo, 12 entidades e [&hellip;]","og_url":"https:\/\/aconteceunovale.com.br\/portal\/?p=121328","og_site_name":"Aconteceu no Vale","article_publisher":"https:\/\/www.facebook.com\/aconteceunovale\/","article_published_time":"2017-09-14T00:55:36+00:00","article_modified_time":"2026-09-02T15:50:45+00:00","og_image":[{"width":674,"height":450,"url":"https:\/\/aconteceunovale.com.br\/portal\/wp-content\/uploads\/2017\/09\/diamantina_mg.jpg","type":"image\/jpeg"}],"author":"Aconteceu no Vale","twitter_card":"summary_large_image","twitter_creator":"@noticiadosvales","twitter_site":"@noticiadosvales","twitter_misc":{"Escrito por":"Aconteceu no Vale","Est. tempo de leitura":"3 minutos"},"schema":{"@context":"https:\/\/schema.org","@graph":[{"@type":"Article","@id":"https:\/\/aconteceunovale.com.br\/portal\/?p=121328#article","isPartOf":{"@id":"https:\/\/aconteceunovale.com.br\/portal\/?p=121328"},"author":{"name":"Aconteceu no Vale","@id":"https:\/\/aconteceunovale.com.br\/portal\/#\/schema\/person\/633529146f2c94272bef50ac2953d589"},"headline":"Projetos sociais na regi\u00e3o de Diamantina recebem cerca de R$ 185 mil","datePublished":"2017-09-14T00:55:36+00:00","dateModified":"2026-09-02T15:50:45+00:00","mainEntityOfPage":{"@id":"https:\/\/aconteceunovale.com.br\/portal\/?p=121328"},"wordCount":678,"commentCount":0,"image":{"@id":"https:\/\/aconteceunovale.com.br\/portal\/?p=121328#primaryimage"},"thumbnailUrl":"https:\/\/aconteceunovale.com.br\/portal\/wp-content\/uploads\/2017\/09\/diamantina_mg.jpg","keywords":["APAE de Diamantina","Asilo de Idosos Casa Frederico Ozanam","Associa\u00e7\u00e3o Amigos da Casa Lar","Associa\u00e7\u00e3o de Moradores da Olaria","Associa\u00e7\u00e3o Esportiva Social e Cultural Guinda Futebol Clube","Beneficiamento da produ\u00e7\u00e3o de bucha vegetal do povoado de Barreir\u00e3o","CNJ","Conselho Nacional de Justi\u00e7a","Couto de Magalh\u00e3es de Minas","Diamantina","Educa\u00e7\u00e3o ambiental para alunos de escolas p\u00fablicas e conserva\u00e7\u00e3o da Gruta do Salitre no Munic\u00edpio de Diamantina","Fam\u00edlia do Guinda","Fortalecimento da rede de economia popular solid\u00e1ria de Diamantina","Grupo de Produtores Rurais de Barreir\u00e3o","Prefeitura de Diamantina","Prefeitura Municipal de Diamantina","Projetos sociais em Diamantina","Projetos sociais em Diamantina recebem cerca de R$ 185 mil","Projetos sociais na regi\u00e3o de Diamantina recebem cerca de R$ 185 mil","Resolu\u00e7\u00e3o 154\/2012","Tiago Ferreira Barbosa"],"articleSection":["Diamantina","Vale do Jequitinhonha"],"inLanguage":"pt-BR","potentialAction":[{"@type":"CommentAction","name":"Comment","target":["https:\/\/aconteceunovale.com.br\/portal\/?p=121328#respond"]}]},{"@type":"WebPage","@id":"https:\/\/aconteceunovale.com.br\/portal\/?p=121328","url":"https:\/\/aconteceunovale.com.br\/portal\/?p=121328","name":"Projetos sociais na regi\u00e3o de Diamantina recebem cerca de R$ 185 mil - Aconteceu no Vale","isPartOf":{"@id":"https:\/\/aconteceunovale.com.br\/portal\/#website"},"primaryImageOfPage":{"@id":"https:\/\/aconteceunovale.com.br\/portal\/?p=121328#primaryimage"},"image":{"@id":"https:\/\/aconteceunovale.com.br\/portal\/?p=121328#primaryimage"},"thumbnailUrl":"https:\/\/aconteceunovale.com.br\/portal\/wp-content\/uploads\/2017\/09\/diamantina_mg.jpg","datePublished":"2017-09-14T00:55:36+00:00","dateModified":"2026-09-02T15:50:45+00:00","author":{"@id":"https:\/\/aconteceunovale.com.br\/portal\/#\/schema\/person\/633529146f2c94272bef50ac2953d589"},"breadcrumb":{"@id":"https:\/\/aconteceunovale.com.br\/portal\/?p=121328#breadcrumb"},"inLanguage":"pt-BR","potentialAction":[{"@type":"ReadAction","target":["https:\/\/aconteceunovale.com.br\/portal\/?p=121328"]}]},{"@type":"ImageObject","inLanguage":"pt-BR","@id":"https:\/\/aconteceunovale.com.br\/portal\/?p=121328#primaryimage","url":"https:\/\/aconteceunovale.com.br\/portal\/wp-content\/uploads\/2017\/09\/diamantina_mg.jpg","contentUrl":"https:\/\/aconteceunovale.com.br\/portal\/wp-content\/uploads\/2017\/09\/diamantina_mg.jpg","width":674,"height":450},{"@type":"BreadcrumbList","@id":"https:\/\/aconteceunovale.com.br\/portal\/?p=121328#breadcrumb","itemListElement":[{"@type":"ListItem","position":1,"name":"In\u00edcio","item":"https:\/\/aconteceunovale.com.br\/portal\/"},{"@type":"ListItem","position":2,"name":"Projetos sociais na regi\u00e3o de Diamantina recebem cerca de R$ 185 mil"}]},{"@type":"WebSite","@id":"https:\/\/aconteceunovale.com.br\/portal\/#website","url":"https:\/\/aconteceunovale.com.br\/portal\/","name":"Aconteceu no Vale","description":"Portal de Not\u00edcias","potentialAction":[{"@type":"SearchAction","target":{"@type":"EntryPoint","urlTemplate":"https:\/\/aconteceunovale.com.br\/portal\/?s={search_term_string}"},"query-input":{"@type":"PropertyValueSpecification","valueRequired":true,"valueName":"search_term_string"}}],"inLanguage":"pt-BR"},{"@type":"Person","@id":"https:\/\/aconteceunovale.com.br\/portal\/#\/schema\/person\/633529146f2c94272bef50ac2953d589","name":"Aconteceu no Vale","description":"Equipe de reportagem do Aconteceu no Vale, portal de not\u00edcias do Vale do Jequitinhonha, em Minas Gerais. Cobrimos as 51 cidades do Vale desde 2013. Sugest\u00f5es de pauta e pedidos de corre\u00e7\u00e3o: contato@aconteceunovale.com.br","sameAs":["http:\/\/www.aconteceunovale.com.br"],"url":"https:\/\/aconteceunovale.com.br\/portal\/?author=1"}]}},"_links":{"self":[{"href":"https:\/\/aconteceunovale.com.br\/portal\/index.php?rest_route=\/wp\/v2\/posts\/121328","targetHints":{"allow":["GET"]}}],"collection":[{"href":"https:\/\/aconteceunovale.com.br\/portal\/index.php?rest_route=\/wp\/v2\/posts"}],"about":[{"href":"https:\/\/aconteceunovale.com.br\/portal\/index.php?rest_route=\/wp\/v2\/types\/post"}],"author":[{"embeddable":true,"href":"https:\/\/aconteceunovale.com.br\/portal\/index.php?rest_route=\/wp\/v2\/users\/1"}],"replies":[{"embeddable":true,"href":"https:\/\/aconteceunovale.com.br\/portal\/index.php?rest_route=%2Fwp%2Fv2%2Fcomments&post=121328"}],"version-history":[{"count":1,"href":"https:\/\/aconteceunovale.com.br\/portal\/index.php?rest_route=\/wp\/v2\/posts\/121328\/revisions"}],"predecessor-version":[{"id":200356,"href":"https:\/\/aconteceunovale.com.br\/portal\/index.php?rest_route=\/wp\/v2\/posts\/121328\/revisions\/200356"}],"wp:featuredmedia":[{"embeddable":true,"href":"https:\/\/aconteceunovale.com.br\/portal\/index.php?rest_route=\/wp\/v2\/media\/121330"}],"wp:attachment":[{"href":"https:\/\/aconteceunovale.com.br\/portal\/index.php?rest_route=%2Fwp%2Fv2%2Fmedia&parent=121328"}],"wp:term":[{"taxonomy":"category","embeddable":true,"href":"https:\/\/aconteceunovale.com.br\/portal\/index.php?rest_route=%2Fwp%2Fv2%2Fcategories&post=121328"},{"taxonomy":"post_tag","embeddable":true,"href":"https:\/\/aconteceunovale.com.br\/portal\/index.php?rest_route=%2Fwp%2Fv2%2Ftags&post=121328"}],"curies":[{"name":"wp","href":"https:\/\/api.w.org\/{rel}","templated":true}]}}