{"id":121325,"date":"2017-09-13T22:46:58","date_gmt":"2017-09-14T00:46:58","guid":{"rendered":"http:\/\/aconteceunovale.com.br\/portal\/?p=121325"},"modified":"2017-09-13T22:46:58","modified_gmt":"2017-09-14T00:46:58","slug":"tjmg-confirma-decisao-da-comarca-de-serro-e-decreta-nulidade-de-contrato-com-analfabeta","status":"publish","type":"post","link":"https:\/\/aconteceunovale.com.br\/portal\/?p=121325","title":{"rendered":"TJMG confirma decis\u00e3o da Comarca de Serro e decreta nulidade de contrato com analfabeta"},"content":{"rendered":"<p>\u201cO empr\u00e9stimo banc\u00e1rio, tendo como contratante pessoa analfabeta, para ser v\u00e1lido, depende de formaliza\u00e7\u00e3o por escritura p\u00fablica ou, sendo por escrito particular, de assinatura a rogo, de procurador regularmente constitu\u00eddo por Instrumento P\u00fablico.\u201d Com esse entendimento, a  17\u00aa C\u00e2mara C\u00edvel do Tribunal de Justi\u00e7a de Minas Gerais (TJMG) confirmou a decis\u00e3o da Comarca do Serro que considerou nulo o contrato de empr\u00e9stimo entre o banco Bradesco S.A. e uma correntista analfabeta. A institui\u00e7\u00e3o ter\u00e1 de devolver \u00e0 cliente R$1.265,92, valor correspondente ao dobro do que foi descontado de seu benef\u00edcio previdenci\u00e1rio, e indeniz\u00e1-la em R$4,5 mil por danos morais.<\/p>\n<p>A aposentada ajuizou a a\u00e7\u00e3o alegando que foi surpreendida com a informa\u00e7\u00e3o de que teria celebrado um empr\u00e9stimo com a institui\u00e7\u00e3o no valor de R$1.300. Ela negou ter formalizado esse contrato, salientando que n\u00e3o sabe ler, e afirmou desconhecer a conta banc\u00e1ria para a qual o dinheiro teria sido liberado.<\/p>\n<p>Em sua defesa o Bradesco argumentou que, na oportunidade da assinatura do contrato, pediu \u00e0 cliente todos os seus documentos para coibir a a\u00e7\u00e3o de fals\u00e1rios, por isso n\u00e3o tem responsabilidade civil sobre o servi\u00e7o, mesmo que ele tenha sido adquirido por terceiro mediante fraude. Al\u00e9m disso, sustentou que a correntista sofreu meros dissabores, portanto n\u00e3o era devida a indeniza\u00e7\u00e3o por danos morais.<\/p>\n<p>A ju\u00edza Caroline Rodrigues de Queiroz julgou procedentes os pedidos da consumidora, e o banco recorreu ao TJMG.<\/p>\n<p>O relator do recurso, desembargador Roberto Vasconcellos, entendeu que a decis\u00e3o de primeira inst\u00e2ncia estava correta. Segundo o magistrado, os descontos ileg\u00edtimos privaram a benefici\u00e1ria de parcela de seus rendimentos, o que enseja dano moral e o direito ao recebimento da respectiva indeniza\u00e7\u00e3o.<\/p>\n<p>Os desembargadores Amauri Pinto Ferreira e Luciano Pinto votaram de acordo com o relator.\u00a0 Veja o\u00a0<span style=\"text-decoration: underline;\"><span style=\"color: #ff0000; text-decoration: underline;\"><a href=\"http:\/\/www5.tjmg.jus.br\/jurisprudencia\/pesquisaNumeroCNJEspelhoAcordao.do?numeroRegistro=1&amp;totalLinhas=1&amp;linhasPorPagina=10&amp;numeroUnico=1.0671.14.002147-6%2F001&amp;pesquisaNumeroCNJ=Pesquisar\" target=\"_blank\"><span style=\"color: #ff0000; text-decoration: underline;\">ac\u00f3rd\u00e3o<\/span><\/a>\u00a0<\/span><\/span>e a\u00a0<span style=\"text-decoration: underline;\"><span style=\"color: #ff0000;\"><a href=\"http:\/\/www4.tjmg.jus.br\/juridico\/sf\/proc_resultado2.jsp?listaProcessos=10671140021476001\" target=\"_blank\"><span style=\"color: #ff0000; text-decoration: underline;\">movimenta\u00e7\u00e3o processual<\/span><\/a><\/span><\/span>.<\/p>\n<p><strong>VER PRIMEIRO<\/strong><\/p>\n<p>Receba as not\u00edcias do Aconteceu no Vale em primeira m\u00e3o. Clique em curtir no endere\u00e7o <a href=\"https:\/\/www.facebook.com\/aconteceunovale\" target=\"_blank\"><font color=\"red\">www.facebook.com\/aconteceunovale<\/font><\/a> ou no box abaixo:<\/p>\n<div class=\"fb-like\" data-href=\"https:\/\/www.facebook.com\/aconteceunovale\" data-width=\"120\" data-layout=\"standard\" data-action=\"like\" data-size=\"small\" data-show-faces=\"true\" data-share=\"true\"><\/div>\n<p><\/br><\/p>\n<p><em>(Fonte: TJMG)<\/em><\/p>\n","protected":false},"excerpt":{"rendered":"<p>\u201cO empr\u00e9stimo banc\u00e1rio, tendo como contratante pessoa analfabeta, para ser v\u00e1lido, depende de formaliza\u00e7\u00e3o por escritura p\u00fablica ou, sendo por escrito particular, de assinatura a rogo, de procurador regularmente constitu\u00eddo por Instrumento P\u00fablico.\u201d Com esse entendimento, a 17\u00aa C\u00e2mara C\u00edvel do Tribunal de Justi\u00e7a de Minas Gerais (TJMG) confirmou a decis\u00e3o da Comarca do Serro [&hellip;]<\/p>\n","protected":false},"author":1,"featured_media":77419,"comment_status":"open","ping_status":"closed","sticky":false,"template":"","format":"standard","meta":{"amp_status":"","footnotes":""},"categories":[123],"tags":[159751,159752,84054,159750,159753,154,270,159748,159749],"class_list":["post-121325","post","type-post","status-publish","format-standard","has-post-thumbnail","hentry","category-gerais","tag-17a-camara-civel-do-tribunal-de-justica-de-minas-gerais","tag-comarca-do-serro","tag-contrato-com-analfabeta","tag-nulidade-de-contrato-com-analfabeta","tag-roberto-vasconcellos","tag-serro","tag-tjmg","tag-tjmg-confirma-decisao-da-comarca-de-serro-e-decreta-nulidade-de-contrato-com-analfabeta","tag-tjmg-decreta-nulidade-de-contrato-com-analfabeta"],"yoast_head":"<!-- This site is optimized with the Yoast SEO plugin v28.3 - https:\/\/yoast.com\/product\/yoast-seo-wordpress\/ -->\n<title>TJMG confirma decis\u00e3o da Comarca de Serro e decreta nulidade de contrato com analfabeta - Aconteceu no Vale<\/title>\n<meta name=\"robots\" content=\"index, follow, max-snippet:-1, max-image-preview:large, max-video-preview:-1\" \/>\n<link rel=\"canonical\" href=\"https:\/\/aconteceunovale.com.br\/portal\/?p=121325\" \/>\n<meta property=\"og:locale\" content=\"pt_BR\" \/>\n<meta property=\"og:type\" content=\"article\" \/>\n<meta property=\"og:title\" content=\"TJMG confirma decis\u00e3o da Comarca de Serro e decreta nulidade de contrato com analfabeta - Aconteceu no Vale\" \/>\n<meta property=\"og:description\" content=\"\u201cO empr\u00e9stimo banc\u00e1rio, tendo como contratante pessoa analfabeta, para ser v\u00e1lido, depende de formaliza\u00e7\u00e3o por escritura p\u00fablica ou, sendo por escrito particular, de assinatura a rogo, de procurador regularmente constitu\u00eddo por Instrumento P\u00fablico.\u201d Com esse entendimento, a 17\u00aa C\u00e2mara C\u00edvel do Tribunal de Justi\u00e7a de Minas Gerais (TJMG) confirmou a decis\u00e3o da Comarca do Serro [&hellip;]\" \/>\n<meta property=\"og:url\" content=\"https:\/\/aconteceunovale.com.br\/portal\/?p=121325\" \/>\n<meta property=\"og:site_name\" content=\"Aconteceu no Vale\" \/>\n<meta property=\"article:publisher\" content=\"https:\/\/www.facebook.com\/aconteceunovale\/\" \/>\n<meta property=\"article:published_time\" content=\"2017-09-14T00:46:58+00:00\" \/>\n<meta property=\"og:image\" content=\"https:\/\/aconteceunovale.com.br\/portal\/wp-content\/uploads\/2016\/01\/serro_mg.jpg\" \/>\n\t<meta property=\"og:image:width\" content=\"602\" \/>\n\t<meta property=\"og:image:height\" content=\"400\" \/>\n\t<meta property=\"og:image:type\" content=\"image\/jpeg\" \/>\n<meta name=\"author\" content=\"Aconteceu no Vale\" \/>\n<meta name=\"twitter:card\" content=\"summary_large_image\" \/>\n<meta name=\"twitter:creator\" content=\"@noticiadosvales\" \/>\n<meta name=\"twitter:site\" content=\"@noticiadosvales\" \/>\n<meta name=\"twitter:label1\" content=\"Escrito por\" \/>\n\t<meta name=\"twitter:data1\" content=\"Aconteceu no Vale\" \/>\n\t<meta name=\"twitter:label2\" content=\"Est. tempo de leitura\" \/>\n\t<meta name=\"twitter:data2\" content=\"2 minutos\" \/>\n<script type=\"application\/ld+json\" class=\"yoast-schema-graph\">{\"@context\":\"https:\\\/\\\/schema.org\",\"@graph\":[{\"@type\":\"Article\",\"@id\":\"https:\\\/\\\/aconteceunovale.com.br\\\/portal\\\/?p=121325#article\",\"isPartOf\":{\"@id\":\"https:\\\/\\\/aconteceunovale.com.br\\\/portal\\\/?p=121325\"},\"author\":{\"name\":\"Aconteceu no Vale\",\"@id\":\"https:\\\/\\\/aconteceunovale.com.br\\\/portal\\\/#\\\/schema\\\/person\\\/633529146f2c94272bef50ac2953d589\"},\"headline\":\"TJMG confirma decis\u00e3o da Comarca de Serro e decreta nulidade de contrato com analfabeta\",\"datePublished\":\"2017-09-14T00:46:58+00:00\",\"mainEntityOfPage\":{\"@id\":\"https:\\\/\\\/aconteceunovale.com.br\\\/portal\\\/?p=121325\"},\"wordCount\":375,\"commentCount\":0,\"image\":{\"@id\":\"https:\\\/\\\/aconteceunovale.com.br\\\/portal\\\/?p=121325#primaryimage\"},\"thumbnailUrl\":\"https:\\\/\\\/aconteceunovale.com.br\\\/portal\\\/wp-content\\\/uploads\\\/2016\\\/01\\\/serro_mg.jpg\",\"keywords\":[\"17\u00aa C\u00e2mara C\u00edvel do Tribunal de Justi\u00e7a de Minas Gerais\",\"Comarca do Serro\",\"Contrato com analfabeta\",\"Nulidade de contrato com analfabeta\",\"Roberto Vasconcellos\",\"Serro\",\"TJMG\",\"TJMG confirma decis\u00e3o da Comarca de Serro e decreta nulidade de contrato com analfabeta\",\"TJMG decreta nulidade de contrato com analfabeta\"],\"articleSection\":[\"Minas Gerais\"],\"inLanguage\":\"pt-BR\",\"potentialAction\":[{\"@type\":\"CommentAction\",\"name\":\"Comment\",\"target\":[\"https:\\\/\\\/aconteceunovale.com.br\\\/portal\\\/?p=121325#respond\"]}]},{\"@type\":\"WebPage\",\"@id\":\"https:\\\/\\\/aconteceunovale.com.br\\\/portal\\\/?p=121325\",\"url\":\"https:\\\/\\\/aconteceunovale.com.br\\\/portal\\\/?p=121325\",\"name\":\"TJMG confirma decis\u00e3o da Comarca de Serro e decreta nulidade de contrato com analfabeta - Aconteceu no Vale\",\"isPartOf\":{\"@id\":\"https:\\\/\\\/aconteceunovale.com.br\\\/portal\\\/#website\"},\"primaryImageOfPage\":{\"@id\":\"https:\\\/\\\/aconteceunovale.com.br\\\/portal\\\/?p=121325#primaryimage\"},\"image\":{\"@id\":\"https:\\\/\\\/aconteceunovale.com.br\\\/portal\\\/?p=121325#primaryimage\"},\"thumbnailUrl\":\"https:\\\/\\\/aconteceunovale.com.br\\\/portal\\\/wp-content\\\/uploads\\\/2016\\\/01\\\/serro_mg.jpg\",\"datePublished\":\"2017-09-14T00:46:58+00:00\",\"author\":{\"@id\":\"https:\\\/\\\/aconteceunovale.com.br\\\/portal\\\/#\\\/schema\\\/person\\\/633529146f2c94272bef50ac2953d589\"},\"breadcrumb\":{\"@id\":\"https:\\\/\\\/aconteceunovale.com.br\\\/portal\\\/?p=121325#breadcrumb\"},\"inLanguage\":\"pt-BR\",\"potentialAction\":[{\"@type\":\"ReadAction\",\"target\":[\"https:\\\/\\\/aconteceunovale.com.br\\\/portal\\\/?p=121325\"]}]},{\"@type\":\"ImageObject\",\"inLanguage\":\"pt-BR\",\"@id\":\"https:\\\/\\\/aconteceunovale.com.br\\\/portal\\\/?p=121325#primaryimage\",\"url\":\"https:\\\/\\\/aconteceunovale.com.br\\\/portal\\\/wp-content\\\/uploads\\\/2016\\\/01\\\/serro_mg.jpg\",\"contentUrl\":\"https:\\\/\\\/aconteceunovale.com.br\\\/portal\\\/wp-content\\\/uploads\\\/2016\\\/01\\\/serro_mg.jpg\",\"width\":602,\"height\":400},{\"@type\":\"BreadcrumbList\",\"@id\":\"https:\\\/\\\/aconteceunovale.com.br\\\/portal\\\/?p=121325#breadcrumb\",\"itemListElement\":[{\"@type\":\"ListItem\",\"position\":1,\"name\":\"In\u00edcio\",\"item\":\"https:\\\/\\\/aconteceunovale.com.br\\\/portal\\\/\"},{\"@type\":\"ListItem\",\"position\":2,\"name\":\"TJMG confirma decis\u00e3o da Comarca de Serro e decreta nulidade de contrato com analfabeta\"}]},{\"@type\":\"WebSite\",\"@id\":\"https:\\\/\\\/aconteceunovale.com.br\\\/portal\\\/#website\",\"url\":\"https:\\\/\\\/aconteceunovale.com.br\\\/portal\\\/\",\"name\":\"Aconteceu no Vale\",\"description\":\"Portal de Not\u00edcias\",\"potentialAction\":[{\"@type\":\"SearchAction\",\"target\":{\"@type\":\"EntryPoint\",\"urlTemplate\":\"https:\\\/\\\/aconteceunovale.com.br\\\/portal\\\/?s={search_term_string}\"},\"query-input\":{\"@type\":\"PropertyValueSpecification\",\"valueRequired\":true,\"valueName\":\"search_term_string\"}}],\"inLanguage\":\"pt-BR\"},{\"@type\":\"Person\",\"@id\":\"https:\\\/\\\/aconteceunovale.com.br\\\/portal\\\/#\\\/schema\\\/person\\\/633529146f2c94272bef50ac2953d589\",\"name\":\"Aconteceu no Vale\",\"description\":\"Equipe de reportagem do Aconteceu no Vale, portal de not\u00edcias do Vale do Jequitinhonha, em Minas Gerais. Cobrimos as 51 cidades do Vale desde 2013. Sugest\u00f5es de pauta e pedidos de corre\u00e7\u00e3o: contato@aconteceunovale.com.br\",\"sameAs\":[\"http:\\\/\\\/www.aconteceunovale.com.br\"],\"url\":\"https:\\\/\\\/aconteceunovale.com.br\\\/portal\\\/?author=1\"}]}<\/script>\n<!-- \/ Yoast SEO plugin. -->","yoast_head_json":{"title":"TJMG confirma decis\u00e3o da Comarca de Serro e decreta nulidade de contrato com analfabeta - Aconteceu no Vale","robots":{"index":"index","follow":"follow","max-snippet":"max-snippet:-1","max-image-preview":"max-image-preview:large","max-video-preview":"max-video-preview:-1"},"canonical":"https:\/\/aconteceunovale.com.br\/portal\/?p=121325","og_locale":"pt_BR","og_type":"article","og_title":"TJMG confirma decis\u00e3o da Comarca de Serro e decreta nulidade de contrato com analfabeta - Aconteceu no Vale","og_description":"\u201cO empr\u00e9stimo banc\u00e1rio, tendo como contratante pessoa analfabeta, para ser v\u00e1lido, depende de formaliza\u00e7\u00e3o por escritura p\u00fablica ou, sendo por escrito particular, de assinatura a rogo, de procurador regularmente constitu\u00eddo por Instrumento P\u00fablico.\u201d Com esse entendimento, a 17\u00aa C\u00e2mara C\u00edvel do Tribunal de Justi\u00e7a de Minas Gerais (TJMG) confirmou a decis\u00e3o da Comarca do Serro [&hellip;]","og_url":"https:\/\/aconteceunovale.com.br\/portal\/?p=121325","og_site_name":"Aconteceu no Vale","article_publisher":"https:\/\/www.facebook.com\/aconteceunovale\/","article_published_time":"2017-09-14T00:46:58+00:00","og_image":[{"width":602,"height":400,"url":"https:\/\/aconteceunovale.com.br\/portal\/wp-content\/uploads\/2016\/01\/serro_mg.jpg","type":"image\/jpeg"}],"author":"Aconteceu no Vale","twitter_card":"summary_large_image","twitter_creator":"@noticiadosvales","twitter_site":"@noticiadosvales","twitter_misc":{"Escrito por":"Aconteceu no Vale","Est. tempo de leitura":"2 minutos"},"schema":{"@context":"https:\/\/schema.org","@graph":[{"@type":"Article","@id":"https:\/\/aconteceunovale.com.br\/portal\/?p=121325#article","isPartOf":{"@id":"https:\/\/aconteceunovale.com.br\/portal\/?p=121325"},"author":{"name":"Aconteceu no Vale","@id":"https:\/\/aconteceunovale.com.br\/portal\/#\/schema\/person\/633529146f2c94272bef50ac2953d589"},"headline":"TJMG confirma decis\u00e3o da Comarca de Serro e decreta nulidade de contrato com analfabeta","datePublished":"2017-09-14T00:46:58+00:00","mainEntityOfPage":{"@id":"https:\/\/aconteceunovale.com.br\/portal\/?p=121325"},"wordCount":375,"commentCount":0,"image":{"@id":"https:\/\/aconteceunovale.com.br\/portal\/?p=121325#primaryimage"},"thumbnailUrl":"https:\/\/aconteceunovale.com.br\/portal\/wp-content\/uploads\/2016\/01\/serro_mg.jpg","keywords":["17\u00aa C\u00e2mara C\u00edvel do Tribunal de Justi\u00e7a de Minas Gerais","Comarca do Serro","Contrato com analfabeta","Nulidade de contrato com analfabeta","Roberto Vasconcellos","Serro","TJMG","TJMG confirma decis\u00e3o da Comarca de Serro e decreta nulidade de contrato com analfabeta","TJMG decreta nulidade de contrato com analfabeta"],"articleSection":["Minas Gerais"],"inLanguage":"pt-BR","potentialAction":[{"@type":"CommentAction","name":"Comment","target":["https:\/\/aconteceunovale.com.br\/portal\/?p=121325#respond"]}]},{"@type":"WebPage","@id":"https:\/\/aconteceunovale.com.br\/portal\/?p=121325","url":"https:\/\/aconteceunovale.com.br\/portal\/?p=121325","name":"TJMG confirma decis\u00e3o da Comarca de Serro e decreta nulidade de contrato com analfabeta - Aconteceu no Vale","isPartOf":{"@id":"https:\/\/aconteceunovale.com.br\/portal\/#website"},"primaryImageOfPage":{"@id":"https:\/\/aconteceunovale.com.br\/portal\/?p=121325#primaryimage"},"image":{"@id":"https:\/\/aconteceunovale.com.br\/portal\/?p=121325#primaryimage"},"thumbnailUrl":"https:\/\/aconteceunovale.com.br\/portal\/wp-content\/uploads\/2016\/01\/serro_mg.jpg","datePublished":"2017-09-14T00:46:58+00:00","author":{"@id":"https:\/\/aconteceunovale.com.br\/portal\/#\/schema\/person\/633529146f2c94272bef50ac2953d589"},"breadcrumb":{"@id":"https:\/\/aconteceunovale.com.br\/portal\/?p=121325#breadcrumb"},"inLanguage":"pt-BR","potentialAction":[{"@type":"ReadAction","target":["https:\/\/aconteceunovale.com.br\/portal\/?p=121325"]}]},{"@type":"ImageObject","inLanguage":"pt-BR","@id":"https:\/\/aconteceunovale.com.br\/portal\/?p=121325#primaryimage","url":"https:\/\/aconteceunovale.com.br\/portal\/wp-content\/uploads\/2016\/01\/serro_mg.jpg","contentUrl":"https:\/\/aconteceunovale.com.br\/portal\/wp-content\/uploads\/2016\/01\/serro_mg.jpg","width":602,"height":400},{"@type":"BreadcrumbList","@id":"https:\/\/aconteceunovale.com.br\/portal\/?p=121325#breadcrumb","itemListElement":[{"@type":"ListItem","position":1,"name":"In\u00edcio","item":"https:\/\/aconteceunovale.com.br\/portal\/"},{"@type":"ListItem","position":2,"name":"TJMG confirma decis\u00e3o da Comarca de Serro e decreta nulidade de contrato com analfabeta"}]},{"@type":"WebSite","@id":"https:\/\/aconteceunovale.com.br\/portal\/#website","url":"https:\/\/aconteceunovale.com.br\/portal\/","name":"Aconteceu no Vale","description":"Portal de Not\u00edcias","potentialAction":[{"@type":"SearchAction","target":{"@type":"EntryPoint","urlTemplate":"https:\/\/aconteceunovale.com.br\/portal\/?s={search_term_string}"},"query-input":{"@type":"PropertyValueSpecification","valueRequired":true,"valueName":"search_term_string"}}],"inLanguage":"pt-BR"},{"@type":"Person","@id":"https:\/\/aconteceunovale.com.br\/portal\/#\/schema\/person\/633529146f2c94272bef50ac2953d589","name":"Aconteceu no Vale","description":"Equipe de reportagem do Aconteceu no Vale, portal de not\u00edcias do Vale do Jequitinhonha, em Minas Gerais. Cobrimos as 51 cidades do Vale desde 2013. Sugest\u00f5es de pauta e pedidos de corre\u00e7\u00e3o: contato@aconteceunovale.com.br","sameAs":["http:\/\/www.aconteceunovale.com.br"],"url":"https:\/\/aconteceunovale.com.br\/portal\/?author=1"}]}},"_links":{"self":[{"href":"https:\/\/aconteceunovale.com.br\/portal\/index.php?rest_route=\/wp\/v2\/posts\/121325","targetHints":{"allow":["GET"]}}],"collection":[{"href":"https:\/\/aconteceunovale.com.br\/portal\/index.php?rest_route=\/wp\/v2\/posts"}],"about":[{"href":"https:\/\/aconteceunovale.com.br\/portal\/index.php?rest_route=\/wp\/v2\/types\/post"}],"author":[{"embeddable":true,"href":"https:\/\/aconteceunovale.com.br\/portal\/index.php?rest_route=\/wp\/v2\/users\/1"}],"replies":[{"embeddable":true,"href":"https:\/\/aconteceunovale.com.br\/portal\/index.php?rest_route=%2Fwp%2Fv2%2Fcomments&post=121325"}],"version-history":[{"count":0,"href":"https:\/\/aconteceunovale.com.br\/portal\/index.php?rest_route=\/wp\/v2\/posts\/121325\/revisions"}],"wp:featuredmedia":[{"embeddable":true,"href":"https:\/\/aconteceunovale.com.br\/portal\/index.php?rest_route=\/wp\/v2\/media\/77419"}],"wp:attachment":[{"href":"https:\/\/aconteceunovale.com.br\/portal\/index.php?rest_route=%2Fwp%2Fv2%2Fmedia&parent=121325"}],"wp:term":[{"taxonomy":"category","embeddable":true,"href":"https:\/\/aconteceunovale.com.br\/portal\/index.php?rest_route=%2Fwp%2Fv2%2Fcategories&post=121325"},{"taxonomy":"post_tag","embeddable":true,"href":"https:\/\/aconteceunovale.com.br\/portal\/index.php?rest_route=%2Fwp%2Fv2%2Ftags&post=121325"}],"curies":[{"name":"wp","href":"https:\/\/api.w.org\/{rel}","templated":true}]}}