{"id":121322,"date":"2017-09-13T22:26:01","date_gmt":"2017-09-14T00:26:01","guid":{"rendered":"http:\/\/aconteceunovale.com.br\/portal\/?p=121322"},"modified":"2026-09-02T13:16:28","modified_gmt":"2026-09-02T16:16:28","slug":"justica-eleitoral-afasta-prefeito-de-jacinto-no-vale-do-jequitinhonha","status":"publish","type":"post","link":"https:\/\/aconteceunovale.com.br\/portal\/?p=121322","title":{"rendered":"Justi\u00e7a Eleitoral afasta prefeito de Jacinto, no Vale do Jequitinhonha"},"content":{"rendered":"<p>A Justi\u00e7a Eleitoral comunicou, nesta quarta-feira (13\/9\/2017), ao presidente da C\u00e2mara Municipal de Jacinto (Vale do Jequitinhonha), Nadson L\u00facio Carvalho, a decis\u00e3o proferida pelo TRE mineiro que cassou os diplomas e determinou o afastamento do prefeito eleito Leonardo Augusto de Souza (PRB), e do vice-prefeito, Jo\u00e3o Alves Berberino (PP), por abuso de poder econ\u00f4mico na campanha eleitoral de 2016.<\/p>\n<p>O documento, assinado pelo juiz da 144\u00aa Zona Eleitoral, Andr\u00e9 Luiz Alves, determinou ao Presidente da C\u00e2mara a \u201cassun\u00e7\u00e3o interina at\u00e9 a realiza\u00e7\u00e3o de novas elei\u00e7\u00f5es\u201d. Em raz\u00e3o disso, o chefe do Legislativo assume interinamente a prefeitura local e responder\u00e1 pelo munic\u00edpio at\u00e9 que novo prefeito seja eleito e tome posse. O novo pleito ainda ser\u00e1 marcado pelo Tribunal.<\/p>\n<p>A Corte Eleitoral havia fixado que a execu\u00e7\u00e3o da decis\u00e3o que cassou os diplomas do prefeito e do vice e a convoca\u00e7\u00e3o de novas elei\u00e7\u00f5es majorit\u00e1rias, nos termos do art. 224 do C\u00f3digo Eleitoral, ocorresse ap\u00f3s a publica\u00e7\u00e3o do resultado do julgamento de embargos de declara\u00e7\u00e3o, o que ocorreu no Di\u00e1rio da Justi\u00e7a Eletr\u00f4nico (DJE) dessa quarta-feira (13).<\/p>\n<p>Processo relacionado: <span style=\"text-decoration: underline;\"><span style=\"color: #ff0000;\"><a href=\"http:\/\/inter03.tse.jus.br\/sadpPush\/ExibirDadosProcesso.do?nprot=5319972016&amp;comboTribunal=mg\" target=\"_blank\"><span style=\"color: #ff0000; text-decoration: underline;\">RE 32503 no TSE<\/span><\/a><\/span><\/span>.<\/p>\n<p><strong>VER PRIMEIRO<\/strong><\/p>\n<p>Receba as not\u00edcias do Aconteceu no Vale em primeira m\u00e3o. Clique em curtir no endere\u00e7o <a href=\"https:\/\/www.facebook.com\/aconteceunovale\" target=\"_blank\"><font color=\"red\">www.facebook.com\/aconteceunovale<\/font><\/a> ou no box abaixo:<\/p>\n<div class=\"fb-like\" data-href=\"https:\/\/www.facebook.com\/aconteceunovale\" data-width=\"120\" data-layout=\"standard\" data-action=\"like\" data-size=\"small\" data-show-faces=\"true\" data-share=\"true\"><\/div>\n<p><\/br><\/p>\n<p><em>(Fonte: TRE-MG)<\/em><\/p>\n","protected":false},"excerpt":{"rendered":"<p>A Justi\u00e7a Eleitoral comunicou, nesta quarta-feira (13\/9\/2017), ao presidente da C\u00e2mara Municipal de Jacinto (Vale do Jequitinhonha), Nadson L\u00facio Carvalho, a decis\u00e3o proferida pelo TRE mineiro que cassou os diplomas e determinou o afastamento do prefeito eleito Leonardo Augusto de Souza (PRB), e do vice-prefeito, Jo\u00e3o Alves Berberino (PP), por abuso de poder econ\u00f4mico na [&hellip;]<\/p>\n","protected":false},"author":1,"featured_media":121323,"comment_status":"open","ping_status":"closed","sticky":false,"template":"","format":"standard","meta":{"amp_status":"","footnotes":""},"categories":[272552,40240,120],"tags":[159746,159741,159747,159744,159743,408,151659,159740,151658,159745,541,151655,159742],"class_list":["post-121322","post","type-post","status-publish","format-standard","has-post-thumbnail","hentry","category-jacinto","category-politica","category-jequi","tag-144a-zona-eleitoral","tag-afastamento-do-prefeito-de-jacinto","tag-andre-luiz-alves","tag-camara-de-jacinto","tag-camara-municipal-de-jacinto","tag-jacinto","tag-joao-alves-berberino","tag-justica-eleitoral-afasta-prefeito-de-jacinto","tag-leonardo-augusto-de-souza","tag-nadson-lucio-carvalho","tag-no-vale-do-jequitinhonha","tag-prefeito-de-jacinto","tag-processo-prefeito-de-jacinto"],"yoast_head":"<!-- This site is optimized with the Yoast SEO plugin v28.3 - https:\/\/yoast.com\/product\/yoast-seo-wordpress\/ -->\n<title>Justi\u00e7a Eleitoral afasta prefeito de Jacinto, no Vale do Jequitinhonha - Aconteceu no Vale<\/title>\n<meta name=\"robots\" content=\"index, follow, max-snippet:-1, max-image-preview:large, max-video-preview:-1\" \/>\n<link rel=\"canonical\" href=\"https:\/\/aconteceunovale.com.br\/portal\/?p=121322\" \/>\n<meta property=\"og:locale\" content=\"pt_BR\" \/>\n<meta property=\"og:type\" content=\"article\" \/>\n<meta property=\"og:title\" content=\"Justi\u00e7a Eleitoral afasta prefeito de Jacinto, no Vale do Jequitinhonha - Aconteceu no Vale\" \/>\n<meta property=\"og:description\" content=\"A Justi\u00e7a Eleitoral comunicou, nesta quarta-feira (13\/9\/2017), ao presidente da C\u00e2mara Municipal de Jacinto (Vale do Jequitinhonha), Nadson L\u00facio Carvalho, a decis\u00e3o proferida pelo TRE mineiro que cassou os diplomas e determinou o afastamento do prefeito eleito Leonardo Augusto de Souza (PRB), e do vice-prefeito, Jo\u00e3o Alves Berberino (PP), por abuso de poder econ\u00f4mico na [&hellip;]\" \/>\n<meta property=\"og:url\" content=\"https:\/\/aconteceunovale.com.br\/portal\/?p=121322\" \/>\n<meta property=\"og:site_name\" content=\"Aconteceu no Vale\" \/>\n<meta property=\"article:publisher\" content=\"https:\/\/www.facebook.com\/aconteceunovale\/\" \/>\n<meta property=\"article:published_time\" content=\"2017-09-14T00:26:01+00:00\" \/>\n<meta property=\"article:modified_time\" content=\"2026-09-02T16:16:28+00:00\" \/>\n<meta property=\"og:image\" content=\"https:\/\/aconteceunovale.com.br\/portal\/wp-content\/uploads\/2017\/09\/prefeito_jacinto.jpg\" \/>\n\t<meta property=\"og:image:width\" content=\"649\" \/>\n\t<meta property=\"og:image:height\" content=\"450\" \/>\n\t<meta property=\"og:image:type\" content=\"image\/jpeg\" \/>\n<meta name=\"author\" content=\"Aconteceu no Vale\" \/>\n<meta name=\"twitter:card\" content=\"summary_large_image\" \/>\n<meta name=\"twitter:creator\" content=\"@noticiadosvales\" \/>\n<meta name=\"twitter:site\" content=\"@noticiadosvales\" \/>\n<meta name=\"twitter:label1\" content=\"Escrito por\" \/>\n\t<meta name=\"twitter:data1\" content=\"Aconteceu no Vale\" \/>\n\t<meta name=\"twitter:label2\" content=\"Est. tempo de leitura\" \/>\n\t<meta name=\"twitter:data2\" content=\"1 minuto\" \/>\n<script type=\"application\/ld+json\" class=\"yoast-schema-graph\">{\"@context\":\"https:\\\/\\\/schema.org\",\"@graph\":[{\"@type\":\"Article\",\"@id\":\"https:\\\/\\\/aconteceunovale.com.br\\\/portal\\\/?p=121322#article\",\"isPartOf\":{\"@id\":\"https:\\\/\\\/aconteceunovale.com.br\\\/portal\\\/?p=121322\"},\"author\":{\"name\":\"Aconteceu no Vale\",\"@id\":\"https:\\\/\\\/aconteceunovale.com.br\\\/portal\\\/#\\\/schema\\\/person\\\/633529146f2c94272bef50ac2953d589\"},\"headline\":\"Justi\u00e7a Eleitoral afasta prefeito de Jacinto, no Vale do Jequitinhonha\",\"datePublished\":\"2017-09-14T00:26:01+00:00\",\"dateModified\":\"2026-09-02T16:16:28+00:00\",\"mainEntityOfPage\":{\"@id\":\"https:\\\/\\\/aconteceunovale.com.br\\\/portal\\\/?p=121322\"},\"wordCount\":241,\"commentCount\":0,\"image\":{\"@id\":\"https:\\\/\\\/aconteceunovale.com.br\\\/portal\\\/?p=121322#primaryimage\"},\"thumbnailUrl\":\"https:\\\/\\\/aconteceunovale.com.br\\\/portal\\\/wp-content\\\/uploads\\\/2017\\\/09\\\/prefeito_jacinto.jpg\",\"keywords\":[\"144\u00aa Zona Eleitoral\",\"Afastamento do prefeito de Jacinto\",\"Andr\u00e9 Luiz Alves\",\"C\u00e2mara de Jacinto\",\"C\u00e2mara Municipal de Jacinto\",\"Jacinto\",\"Jo\u00e3o Alves Berberino\",\"Justi\u00e7a Eleitoral afasta prefeito de Jacinto\",\"Leonardo Augusto de Souza\",\"Nadson L\u00facio Carvalho\",\"no Vale do Jequitinhonha\",\"prefeito de Jacinto\",\"Processo prefeito de Jacinto\"],\"articleSection\":[\"Jacinto\",\"Pol\u00edtica\",\"Vale do Jequitinhonha\"],\"inLanguage\":\"pt-BR\",\"potentialAction\":[{\"@type\":\"CommentAction\",\"name\":\"Comment\",\"target\":[\"https:\\\/\\\/aconteceunovale.com.br\\\/portal\\\/?p=121322#respond\"]}]},{\"@type\":\"WebPage\",\"@id\":\"https:\\\/\\\/aconteceunovale.com.br\\\/portal\\\/?p=121322\",\"url\":\"https:\\\/\\\/aconteceunovale.com.br\\\/portal\\\/?p=121322\",\"name\":\"Justi\u00e7a Eleitoral afasta prefeito de Jacinto, no Vale do Jequitinhonha - Aconteceu no Vale\",\"isPartOf\":{\"@id\":\"https:\\\/\\\/aconteceunovale.com.br\\\/portal\\\/#website\"},\"primaryImageOfPage\":{\"@id\":\"https:\\\/\\\/aconteceunovale.com.br\\\/portal\\\/?p=121322#primaryimage\"},\"image\":{\"@id\":\"https:\\\/\\\/aconteceunovale.com.br\\\/portal\\\/?p=121322#primaryimage\"},\"thumbnailUrl\":\"https:\\\/\\\/aconteceunovale.com.br\\\/portal\\\/wp-content\\\/uploads\\\/2017\\\/09\\\/prefeito_jacinto.jpg\",\"datePublished\":\"2017-09-14T00:26:01+00:00\",\"dateModified\":\"2026-09-02T16:16:28+00:00\",\"author\":{\"@id\":\"https:\\\/\\\/aconteceunovale.com.br\\\/portal\\\/#\\\/schema\\\/person\\\/633529146f2c94272bef50ac2953d589\"},\"breadcrumb\":{\"@id\":\"https:\\\/\\\/aconteceunovale.com.br\\\/portal\\\/?p=121322#breadcrumb\"},\"inLanguage\":\"pt-BR\",\"potentialAction\":[{\"@type\":\"ReadAction\",\"target\":[\"https:\\\/\\\/aconteceunovale.com.br\\\/portal\\\/?p=121322\"]}]},{\"@type\":\"ImageObject\",\"inLanguage\":\"pt-BR\",\"@id\":\"https:\\\/\\\/aconteceunovale.com.br\\\/portal\\\/?p=121322#primaryimage\",\"url\":\"https:\\\/\\\/aconteceunovale.com.br\\\/portal\\\/wp-content\\\/uploads\\\/2017\\\/09\\\/prefeito_jacinto.jpg\",\"contentUrl\":\"https:\\\/\\\/aconteceunovale.com.br\\\/portal\\\/wp-content\\\/uploads\\\/2017\\\/09\\\/prefeito_jacinto.jpg\",\"width\":649,\"height\":450},{\"@type\":\"BreadcrumbList\",\"@id\":\"https:\\\/\\\/aconteceunovale.com.br\\\/portal\\\/?p=121322#breadcrumb\",\"itemListElement\":[{\"@type\":\"ListItem\",\"position\":1,\"name\":\"In\u00edcio\",\"item\":\"https:\\\/\\\/aconteceunovale.com.br\\\/portal\\\/\"},{\"@type\":\"ListItem\",\"position\":2,\"name\":\"Justi\u00e7a Eleitoral afasta prefeito de Jacinto, no Vale do Jequitinhonha\"}]},{\"@type\":\"WebSite\",\"@id\":\"https:\\\/\\\/aconteceunovale.com.br\\\/portal\\\/#website\",\"url\":\"https:\\\/\\\/aconteceunovale.com.br\\\/portal\\\/\",\"name\":\"Aconteceu no Vale\",\"description\":\"Portal de Not\u00edcias\",\"potentialAction\":[{\"@type\":\"SearchAction\",\"target\":{\"@type\":\"EntryPoint\",\"urlTemplate\":\"https:\\\/\\\/aconteceunovale.com.br\\\/portal\\\/?s={search_term_string}\"},\"query-input\":{\"@type\":\"PropertyValueSpecification\",\"valueRequired\":true,\"valueName\":\"search_term_string\"}}],\"inLanguage\":\"pt-BR\"},{\"@type\":\"Person\",\"@id\":\"https:\\\/\\\/aconteceunovale.com.br\\\/portal\\\/#\\\/schema\\\/person\\\/633529146f2c94272bef50ac2953d589\",\"name\":\"Aconteceu no Vale\",\"description\":\"Equipe de reportagem do Aconteceu no Vale, portal de not\u00edcias do Vale do Jequitinhonha, em Minas Gerais. Cobrimos as 51 cidades do Vale desde 2013. Sugest\u00f5es de pauta e pedidos de corre\u00e7\u00e3o: contato@aconteceunovale.com.br\",\"sameAs\":[\"http:\\\/\\\/www.aconteceunovale.com.br\"],\"url\":\"https:\\\/\\\/aconteceunovale.com.br\\\/portal\\\/?author=1\"}]}<\/script>\n<!-- \/ Yoast SEO plugin. -->","yoast_head_json":{"title":"Justi\u00e7a Eleitoral afasta prefeito de Jacinto, no Vale do Jequitinhonha - Aconteceu no Vale","robots":{"index":"index","follow":"follow","max-snippet":"max-snippet:-1","max-image-preview":"max-image-preview:large","max-video-preview":"max-video-preview:-1"},"canonical":"https:\/\/aconteceunovale.com.br\/portal\/?p=121322","og_locale":"pt_BR","og_type":"article","og_title":"Justi\u00e7a Eleitoral afasta prefeito de Jacinto, no Vale do Jequitinhonha - Aconteceu no Vale","og_description":"A Justi\u00e7a Eleitoral comunicou, nesta quarta-feira (13\/9\/2017), ao presidente da C\u00e2mara Municipal de Jacinto (Vale do Jequitinhonha), Nadson L\u00facio Carvalho, a decis\u00e3o proferida pelo TRE mineiro que cassou os diplomas e determinou o afastamento do prefeito eleito Leonardo Augusto de Souza (PRB), e do vice-prefeito, Jo\u00e3o Alves Berberino (PP), por abuso de poder econ\u00f4mico na [&hellip;]","og_url":"https:\/\/aconteceunovale.com.br\/portal\/?p=121322","og_site_name":"Aconteceu no Vale","article_publisher":"https:\/\/www.facebook.com\/aconteceunovale\/","article_published_time":"2017-09-14T00:26:01+00:00","article_modified_time":"2026-09-02T16:16:28+00:00","og_image":[{"width":649,"height":450,"url":"https:\/\/aconteceunovale.com.br\/portal\/wp-content\/uploads\/2017\/09\/prefeito_jacinto.jpg","type":"image\/jpeg"}],"author":"Aconteceu no Vale","twitter_card":"summary_large_image","twitter_creator":"@noticiadosvales","twitter_site":"@noticiadosvales","twitter_misc":{"Escrito por":"Aconteceu no Vale","Est. tempo de leitura":"1 minuto"},"schema":{"@context":"https:\/\/schema.org","@graph":[{"@type":"Article","@id":"https:\/\/aconteceunovale.com.br\/portal\/?p=121322#article","isPartOf":{"@id":"https:\/\/aconteceunovale.com.br\/portal\/?p=121322"},"author":{"name":"Aconteceu no Vale","@id":"https:\/\/aconteceunovale.com.br\/portal\/#\/schema\/person\/633529146f2c94272bef50ac2953d589"},"headline":"Justi\u00e7a Eleitoral afasta prefeito de Jacinto, no Vale do Jequitinhonha","datePublished":"2017-09-14T00:26:01+00:00","dateModified":"2026-09-02T16:16:28+00:00","mainEntityOfPage":{"@id":"https:\/\/aconteceunovale.com.br\/portal\/?p=121322"},"wordCount":241,"commentCount":0,"image":{"@id":"https:\/\/aconteceunovale.com.br\/portal\/?p=121322#primaryimage"},"thumbnailUrl":"https:\/\/aconteceunovale.com.br\/portal\/wp-content\/uploads\/2017\/09\/prefeito_jacinto.jpg","keywords":["144\u00aa Zona Eleitoral","Afastamento do prefeito de Jacinto","Andr\u00e9 Luiz Alves","C\u00e2mara de Jacinto","C\u00e2mara Municipal de Jacinto","Jacinto","Jo\u00e3o Alves Berberino","Justi\u00e7a Eleitoral afasta prefeito de Jacinto","Leonardo Augusto de Souza","Nadson L\u00facio Carvalho","no Vale do Jequitinhonha","prefeito de Jacinto","Processo prefeito de Jacinto"],"articleSection":["Jacinto","Pol\u00edtica","Vale do Jequitinhonha"],"inLanguage":"pt-BR","potentialAction":[{"@type":"CommentAction","name":"Comment","target":["https:\/\/aconteceunovale.com.br\/portal\/?p=121322#respond"]}]},{"@type":"WebPage","@id":"https:\/\/aconteceunovale.com.br\/portal\/?p=121322","url":"https:\/\/aconteceunovale.com.br\/portal\/?p=121322","name":"Justi\u00e7a Eleitoral afasta prefeito de Jacinto, no Vale do Jequitinhonha - Aconteceu no Vale","isPartOf":{"@id":"https:\/\/aconteceunovale.com.br\/portal\/#website"},"primaryImageOfPage":{"@id":"https:\/\/aconteceunovale.com.br\/portal\/?p=121322#primaryimage"},"image":{"@id":"https:\/\/aconteceunovale.com.br\/portal\/?p=121322#primaryimage"},"thumbnailUrl":"https:\/\/aconteceunovale.com.br\/portal\/wp-content\/uploads\/2017\/09\/prefeito_jacinto.jpg","datePublished":"2017-09-14T00:26:01+00:00","dateModified":"2026-09-02T16:16:28+00:00","author":{"@id":"https:\/\/aconteceunovale.com.br\/portal\/#\/schema\/person\/633529146f2c94272bef50ac2953d589"},"breadcrumb":{"@id":"https:\/\/aconteceunovale.com.br\/portal\/?p=121322#breadcrumb"},"inLanguage":"pt-BR","potentialAction":[{"@type":"ReadAction","target":["https:\/\/aconteceunovale.com.br\/portal\/?p=121322"]}]},{"@type":"ImageObject","inLanguage":"pt-BR","@id":"https:\/\/aconteceunovale.com.br\/portal\/?p=121322#primaryimage","url":"https:\/\/aconteceunovale.com.br\/portal\/wp-content\/uploads\/2017\/09\/prefeito_jacinto.jpg","contentUrl":"https:\/\/aconteceunovale.com.br\/portal\/wp-content\/uploads\/2017\/09\/prefeito_jacinto.jpg","width":649,"height":450},{"@type":"BreadcrumbList","@id":"https:\/\/aconteceunovale.com.br\/portal\/?p=121322#breadcrumb","itemListElement":[{"@type":"ListItem","position":1,"name":"In\u00edcio","item":"https:\/\/aconteceunovale.com.br\/portal\/"},{"@type":"ListItem","position":2,"name":"Justi\u00e7a Eleitoral afasta prefeito de Jacinto, no Vale do Jequitinhonha"}]},{"@type":"WebSite","@id":"https:\/\/aconteceunovale.com.br\/portal\/#website","url":"https:\/\/aconteceunovale.com.br\/portal\/","name":"Aconteceu no Vale","description":"Portal de Not\u00edcias","potentialAction":[{"@type":"SearchAction","target":{"@type":"EntryPoint","urlTemplate":"https:\/\/aconteceunovale.com.br\/portal\/?s={search_term_string}"},"query-input":{"@type":"PropertyValueSpecification","valueRequired":true,"valueName":"search_term_string"}}],"inLanguage":"pt-BR"},{"@type":"Person","@id":"https:\/\/aconteceunovale.com.br\/portal\/#\/schema\/person\/633529146f2c94272bef50ac2953d589","name":"Aconteceu no Vale","description":"Equipe de reportagem do Aconteceu no Vale, portal de not\u00edcias do Vale do Jequitinhonha, em Minas Gerais. Cobrimos as 51 cidades do Vale desde 2013. Sugest\u00f5es de pauta e pedidos de corre\u00e7\u00e3o: contato@aconteceunovale.com.br","sameAs":["http:\/\/www.aconteceunovale.com.br"],"url":"https:\/\/aconteceunovale.com.br\/portal\/?author=1"}]}},"_links":{"self":[{"href":"https:\/\/aconteceunovale.com.br\/portal\/index.php?rest_route=\/wp\/v2\/posts\/121322","targetHints":{"allow":["GET"]}}],"collection":[{"href":"https:\/\/aconteceunovale.com.br\/portal\/index.php?rest_route=\/wp\/v2\/posts"}],"about":[{"href":"https:\/\/aconteceunovale.com.br\/portal\/index.php?rest_route=\/wp\/v2\/types\/post"}],"author":[{"embeddable":true,"href":"https:\/\/aconteceunovale.com.br\/portal\/index.php?rest_route=\/wp\/v2\/users\/1"}],"replies":[{"embeddable":true,"href":"https:\/\/aconteceunovale.com.br\/portal\/index.php?rest_route=%2Fwp%2Fv2%2Fcomments&post=121322"}],"version-history":[{"count":1,"href":"https:\/\/aconteceunovale.com.br\/portal\/index.php?rest_route=\/wp\/v2\/posts\/121322\/revisions"}],"predecessor-version":[{"id":201152,"href":"https:\/\/aconteceunovale.com.br\/portal\/index.php?rest_route=\/wp\/v2\/posts\/121322\/revisions\/201152"}],"wp:featuredmedia":[{"embeddable":true,"href":"https:\/\/aconteceunovale.com.br\/portal\/index.php?rest_route=\/wp\/v2\/media\/121323"}],"wp:attachment":[{"href":"https:\/\/aconteceunovale.com.br\/portal\/index.php?rest_route=%2Fwp%2Fv2%2Fmedia&parent=121322"}],"wp:term":[{"taxonomy":"category","embeddable":true,"href":"https:\/\/aconteceunovale.com.br\/portal\/index.php?rest_route=%2Fwp%2Fv2%2Fcategories&post=121322"},{"taxonomy":"post_tag","embeddable":true,"href":"https:\/\/aconteceunovale.com.br\/portal\/index.php?rest_route=%2Fwp%2Fv2%2Ftags&post=121322"}],"curies":[{"name":"wp","href":"https:\/\/api.w.org\/{rel}","templated":true}]}}