{"id":121319,"date":"2017-09-13T21:10:22","date_gmt":"2017-09-13T23:10:22","guid":{"rendered":"http:\/\/aconteceunovale.com.br\/portal\/?p=121319"},"modified":"2017-09-13T21:10:22","modified_gmt":"2017-09-13T23:10:22","slug":"exportacoes-do-agronegocio-mineiro-crescem-11-entre-janeiro-e-agosto","status":"publish","type":"post","link":"https:\/\/aconteceunovale.com.br\/portal\/?p=121319","title":{"rendered":"Exporta\u00e7\u00f5es do agroneg\u00f3cio mineiro crescem 11% entre janeiro e agosto"},"content":{"rendered":"<p>As exporta\u00e7\u00f5es do agroneg\u00f3cio mineiro totalizaram US$ 5,3 bilh\u00f5es no per\u00edodo de janeiro a agosto deste ano, com crescimento de 11% em rela\u00e7\u00e3o ao mesmo per\u00edodo do ano passado. O segmento contribuiu com 31% do total da pauta mineira de exporta\u00e7\u00f5es no per\u00edodo.<\/p>\n<p>Os dados foram analisados pela\u00a0Secretaria de Agricultura, Pecu\u00e1ria e Abastecimento (Seapa)\u00a0com base nas informa\u00e7\u00f5es do Minist\u00e9rio de Desenvolvimento, Ind\u00fastria e Com\u00e9rcio Exterior (MDIC).<\/p>\n<p>Segundo o superintende de Abastecimento e Economia Agr\u00edcola da Seapa, Jo\u00e3o Ricardo Albanez, apesar da ligeira queda no volume embarcado (-0,8%), a valoriza\u00e7\u00e3o dos pre\u00e7os continuam sinalizando resultados promissores para as exporta\u00e7\u00f5es mineiras.<\/p>\n<p>\u201cA m\u00e9dia mensal comercializada foi de US$ 659 milh\u00f5es. Se for mantida esta m\u00e9dia para os pr\u00f3ximos meses, o estado deve alcan\u00e7ar os US$ 8 bilh\u00f5es neste ano, superando o valor alcan\u00e7ado em 2016.<\/p>\n<p>O caf\u00e9, principal produto da pauta de exporta\u00e7\u00f5es do agroneg\u00f3cio, representou 41,4% do valor total exportado pelo segmento no per\u00edodo de janeiro a agosto. O valor alcan\u00e7ado com a comercializa\u00e7\u00e3o foi de US$ 2,2 bilh\u00f5es, indicando aumento de 8% em rela\u00e7\u00e3o ao registrado no mesmo per\u00edodo do ano passado. At\u00e9 o momento, j\u00e1 foram exportadas 12,7 milh\u00f5es de sacas, que correspondem a 49% da safra mineira.<\/p>\n<p>O segundo produto da pauta de exporta\u00e7\u00f5es do agro mineiro, no per\u00edodo, foi o complexo soja (gr\u00e3os, farelo e \u00f3leo), respondendo por 17,8% do total, alcan\u00e7ando US$ 938 milh\u00f5es. O saldo positivo se deve \u00e0 expans\u00e3o da venda para a China, que compra aproximadamente 81% da soja produzida no estado.\u00a0 O volume total comercializado foi de pouco mais de 2 milh\u00f5es de toneladas.<\/p>\n<p>O terceiro colocado, produtos do complexo sucroalcooleiro, respondeu por 15,5% do valor total exportado, alcan\u00e7ando US$ 818 milh\u00f5es, com crescimento de quase 20% no valor comercializado.<\/p>\n<p>Em rela\u00e7\u00e3o \u00e0s carnes, quarto colocado, o faturamento registrado foi US$ 649 milh\u00f5es, representando 12,3% do valor exportado e crescimento de 22,5% em rela\u00e7\u00e3o ao per\u00edodo anterior. Carne bovina e frango s\u00e3o os principais itens deste segmento, respondendo, respectivamente, por 58% e 32% do valor comercializado. O volume comercializado por todo o segmento foi de aproximadamente 251mil toneladas.<\/p>\n<p>Outro grupo que vem ampliando sua participa\u00e7\u00e3o, no mercado externo s\u00e3o os produtos ap\u00edcolas. No per\u00edodo analisado, o volume exportado foi de 1,7 mil toneladas resultando num crescimento de 10% em rela\u00e7\u00e3o ao mesmo per\u00edodo do ano passado. O valor do produto tamb\u00e9m vem crescendo, alcan\u00e7ando US$ 9 milh\u00f5es e aumento de 36% em rela\u00e7\u00e3o ao registraado no mesmo per\u00edodo do ano passado.<\/p>\n<p>Nestes oito meses do ano, Minas Gerais exportou produtos do agroneg\u00f3cio para 161 parceiros comerciais. Os principais pa\u00edses importadores, no per\u00edodo de janeiro a agosto, foram China (20,1%), Estados Unidos (9,8%), Alemanha (8,2%), It\u00e1lia (5,5%) e Jap\u00e3o (5%). Os cinco pa\u00edses representaram juntos 49% do total exportado.<\/p>\n<p><strong>Exporta\u00e7\u00f5es do Agroneg\u00f3cio \u2013 Janeiro\/Agosto 2017<\/strong><\/p>\n<p>Caf\u00e9 \u2013 US$ 2,2 bilh\u00e3o (41,4% do valor comercializado no per\u00edodo)<\/p>\n<p>Complexo Soja \u2013 US$ 938 milh\u00f5es (17,8%)<\/p>\n<p>Complexo Sucroalcooleiro \u2013 US$ 818 milh\u00f5es (15,5%)<\/p>\n<p>Carnes \u2013 US$ 649 milh\u00f5es (12,3%)<\/p>\n<p>Produtos Florestais \u2013 US$ 391 milh\u00f5es (7,4%)<\/p>\n<p><img decoding=\"async\" src=\"http:\/\/aconteceunovale.com.br\/portal\/wp-content\/uploads\/2017\/09\/cafe_exportacao.jpg\" alt=\"\" \/><em>O volume de caf\u00e9 comercializado foi de 12,7 milh\u00f5es de sacas (Divulga\u00e7\u00e3o\/Seapa)<\/em><br \/>\n<\/br><\/p>\n<p><strong>VER PRIMEIRO<\/strong><\/p>\n<p>Receba as not\u00edcias do Aconteceu no Vale em primeira m\u00e3o. Clique em curtir no endere\u00e7o <a href=\"https:\/\/www.facebook.com\/aconteceunovale\" target=\"_blank\"><font color=\"red\">www.facebook.com\/aconteceunovale<\/font><\/a> ou no box abaixo:<\/p>\n<div class=\"fb-like\" data-href=\"https:\/\/www.facebook.com\/aconteceunovale\" data-width=\"120\" data-layout=\"standard\" data-action=\"like\" data-size=\"small\" data-show-faces=\"true\" data-share=\"true\"><\/div>\n<p><\/br><\/p>\n<p><em>(Fonte: Ag\u00eancia Brasil)<\/em><\/p>\n","protected":false},"excerpt":{"rendered":"<p>As exporta\u00e7\u00f5es do agroneg\u00f3cio mineiro totalizaram US$ 5,3 bilh\u00f5es no per\u00edodo de janeiro a agosto deste ano, com crescimento de 11% em rela\u00e7\u00e3o ao mesmo per\u00edodo do ano passado. O segmento contribuiu com 31% do total da pauta mineira de exporta\u00e7\u00f5es no per\u00edodo. Os dados foram analisados pela\u00a0Secretaria de Agricultura, Pecu\u00e1ria e Abastecimento (Seapa)\u00a0com base [&hellip;]<\/p>\n","protected":false},"author":1,"featured_media":121320,"comment_status":"open","ping_status":"closed","sticky":false,"template":"","format":"standard","meta":{"amp_status":"","footnotes":""},"categories":[123,28848],"tags":[91836,26381,40840,26380,159739,29230,29229,27578],"class_list":["post-121319","post","type-post","status-publish","format-standard","has-post-thumbnail","hentry","category-gerais","category-mundo","tag-agronegocio-de-minas-gerais","tag-agronegocio-mineiro","tag-exportacoes-do-agronegocio-de-minas-gerais","tag-exportacoes-do-agronegocio-mineiro","tag-exportacoes-do-agronegocio-mineiro-crescem-11-entre-janeiro-e-agosto","tag-joao-ricardo-albanez","tag-mdic","tag-seapa"],"yoast_head":"<!-- This site is optimized with the Yoast SEO plugin v28.3 - https:\/\/yoast.com\/product\/yoast-seo-wordpress\/ -->\n<title>Exporta\u00e7\u00f5es do agroneg\u00f3cio mineiro crescem 11% entre janeiro e agosto - Aconteceu no Vale<\/title>\n<meta name=\"robots\" content=\"index, follow, max-snippet:-1, max-image-preview:large, max-video-preview:-1\" \/>\n<link rel=\"canonical\" href=\"https:\/\/aconteceunovale.com.br\/portal\/?p=121319\" \/>\n<meta property=\"og:locale\" content=\"pt_BR\" \/>\n<meta property=\"og:type\" content=\"article\" \/>\n<meta property=\"og:title\" content=\"Exporta\u00e7\u00f5es do agroneg\u00f3cio mineiro crescem 11% entre janeiro e agosto - Aconteceu no Vale\" \/>\n<meta property=\"og:description\" content=\"As exporta\u00e7\u00f5es do agroneg\u00f3cio mineiro totalizaram US$ 5,3 bilh\u00f5es no per\u00edodo de janeiro a agosto deste ano, com crescimento de 11% em rela\u00e7\u00e3o ao mesmo per\u00edodo do ano passado. O segmento contribuiu com 31% do total da pauta mineira de exporta\u00e7\u00f5es no per\u00edodo. Os dados foram analisados pela\u00a0Secretaria de Agricultura, Pecu\u00e1ria e Abastecimento (Seapa)\u00a0com base [&hellip;]\" \/>\n<meta property=\"og:url\" content=\"https:\/\/aconteceunovale.com.br\/portal\/?p=121319\" \/>\n<meta property=\"og:site_name\" content=\"Aconteceu no Vale\" \/>\n<meta property=\"article:publisher\" content=\"https:\/\/www.facebook.com\/aconteceunovale\/\" \/>\n<meta property=\"article:published_time\" content=\"2017-09-13T23:10:22+00:00\" \/>\n<meta property=\"og:image\" content=\"https:\/\/aconteceunovale.com.br\/portal\/wp-content\/uploads\/2017\/09\/cafe_exportacao.jpg\" \/>\n\t<meta property=\"og:image:width\" content=\"675\" \/>\n\t<meta property=\"og:image:height\" content=\"450\" \/>\n\t<meta property=\"og:image:type\" content=\"image\/jpeg\" \/>\n<meta name=\"author\" content=\"Aconteceu no Vale\" \/>\n<meta name=\"twitter:card\" content=\"summary_large_image\" \/>\n<meta name=\"twitter:creator\" content=\"@noticiadosvales\" \/>\n<meta name=\"twitter:site\" content=\"@noticiadosvales\" \/>\n<meta name=\"twitter:label1\" content=\"Escrito por\" \/>\n\t<meta name=\"twitter:data1\" content=\"Aconteceu no Vale\" \/>\n\t<meta name=\"twitter:label2\" content=\"Est. tempo de leitura\" \/>\n\t<meta name=\"twitter:data2\" content=\"3 minutos\" \/>\n<script type=\"application\/ld+json\" class=\"yoast-schema-graph\">{\"@context\":\"https:\\\/\\\/schema.org\",\"@graph\":[{\"@type\":\"Article\",\"@id\":\"https:\\\/\\\/aconteceunovale.com.br\\\/portal\\\/?p=121319#article\",\"isPartOf\":{\"@id\":\"https:\\\/\\\/aconteceunovale.com.br\\\/portal\\\/?p=121319\"},\"author\":{\"name\":\"Aconteceu no Vale\",\"@id\":\"https:\\\/\\\/aconteceunovale.com.br\\\/portal\\\/#\\\/schema\\\/person\\\/633529146f2c94272bef50ac2953d589\"},\"headline\":\"Exporta\u00e7\u00f5es do agroneg\u00f3cio mineiro crescem 11% entre janeiro e agosto\",\"datePublished\":\"2017-09-13T23:10:22+00:00\",\"mainEntityOfPage\":{\"@id\":\"https:\\\/\\\/aconteceunovale.com.br\\\/portal\\\/?p=121319\"},\"wordCount\":581,\"commentCount\":0,\"image\":{\"@id\":\"https:\\\/\\\/aconteceunovale.com.br\\\/portal\\\/?p=121319#primaryimage\"},\"thumbnailUrl\":\"https:\\\/\\\/aconteceunovale.com.br\\\/portal\\\/wp-content\\\/uploads\\\/2017\\\/09\\\/cafe_exportacao.jpg\",\"keywords\":[\"agroneg\u00f3cio de minas gerais\",\"agroneg\u00f3cio mineiro\",\"exporta\u00e7\u00f5es do agroneg\u00f3cio de minas gerais\",\"Exporta\u00e7\u00f5es do agroneg\u00f3cio mineiro\",\"Exporta\u00e7\u00f5es do agroneg\u00f3cio mineiro crescem 11% entre janeiro e agosto\",\"Jo\u00e3o Ricardo Albanez\",\"MDIC\",\"Seapa\"],\"articleSection\":[\"Minas Gerais\",\"Mundo\"],\"inLanguage\":\"pt-BR\",\"potentialAction\":[{\"@type\":\"CommentAction\",\"name\":\"Comment\",\"target\":[\"https:\\\/\\\/aconteceunovale.com.br\\\/portal\\\/?p=121319#respond\"]}]},{\"@type\":\"WebPage\",\"@id\":\"https:\\\/\\\/aconteceunovale.com.br\\\/portal\\\/?p=121319\",\"url\":\"https:\\\/\\\/aconteceunovale.com.br\\\/portal\\\/?p=121319\",\"name\":\"Exporta\u00e7\u00f5es do agroneg\u00f3cio mineiro crescem 11% entre janeiro e agosto - Aconteceu no Vale\",\"isPartOf\":{\"@id\":\"https:\\\/\\\/aconteceunovale.com.br\\\/portal\\\/#website\"},\"primaryImageOfPage\":{\"@id\":\"https:\\\/\\\/aconteceunovale.com.br\\\/portal\\\/?p=121319#primaryimage\"},\"image\":{\"@id\":\"https:\\\/\\\/aconteceunovale.com.br\\\/portal\\\/?p=121319#primaryimage\"},\"thumbnailUrl\":\"https:\\\/\\\/aconteceunovale.com.br\\\/portal\\\/wp-content\\\/uploads\\\/2017\\\/09\\\/cafe_exportacao.jpg\",\"datePublished\":\"2017-09-13T23:10:22+00:00\",\"author\":{\"@id\":\"https:\\\/\\\/aconteceunovale.com.br\\\/portal\\\/#\\\/schema\\\/person\\\/633529146f2c94272bef50ac2953d589\"},\"breadcrumb\":{\"@id\":\"https:\\\/\\\/aconteceunovale.com.br\\\/portal\\\/?p=121319#breadcrumb\"},\"inLanguage\":\"pt-BR\",\"potentialAction\":[{\"@type\":\"ReadAction\",\"target\":[\"https:\\\/\\\/aconteceunovale.com.br\\\/portal\\\/?p=121319\"]}]},{\"@type\":\"ImageObject\",\"inLanguage\":\"pt-BR\",\"@id\":\"https:\\\/\\\/aconteceunovale.com.br\\\/portal\\\/?p=121319#primaryimage\",\"url\":\"https:\\\/\\\/aconteceunovale.com.br\\\/portal\\\/wp-content\\\/uploads\\\/2017\\\/09\\\/cafe_exportacao.jpg\",\"contentUrl\":\"https:\\\/\\\/aconteceunovale.com.br\\\/portal\\\/wp-content\\\/uploads\\\/2017\\\/09\\\/cafe_exportacao.jpg\",\"width\":675,\"height\":450},{\"@type\":\"BreadcrumbList\",\"@id\":\"https:\\\/\\\/aconteceunovale.com.br\\\/portal\\\/?p=121319#breadcrumb\",\"itemListElement\":[{\"@type\":\"ListItem\",\"position\":1,\"name\":\"In\u00edcio\",\"item\":\"https:\\\/\\\/aconteceunovale.com.br\\\/portal\\\/\"},{\"@type\":\"ListItem\",\"position\":2,\"name\":\"Exporta\u00e7\u00f5es do agroneg\u00f3cio mineiro crescem 11% entre janeiro e agosto\"}]},{\"@type\":\"WebSite\",\"@id\":\"https:\\\/\\\/aconteceunovale.com.br\\\/portal\\\/#website\",\"url\":\"https:\\\/\\\/aconteceunovale.com.br\\\/portal\\\/\",\"name\":\"Aconteceu no Vale\",\"description\":\"Portal de Not\u00edcias\",\"potentialAction\":[{\"@type\":\"SearchAction\",\"target\":{\"@type\":\"EntryPoint\",\"urlTemplate\":\"https:\\\/\\\/aconteceunovale.com.br\\\/portal\\\/?s={search_term_string}\"},\"query-input\":{\"@type\":\"PropertyValueSpecification\",\"valueRequired\":true,\"valueName\":\"search_term_string\"}}],\"inLanguage\":\"pt-BR\"},{\"@type\":\"Person\",\"@id\":\"https:\\\/\\\/aconteceunovale.com.br\\\/portal\\\/#\\\/schema\\\/person\\\/633529146f2c94272bef50ac2953d589\",\"name\":\"Aconteceu no Vale\",\"description\":\"Equipe de reportagem do Aconteceu no Vale, portal de not\u00edcias do Vale do Jequitinhonha, em Minas Gerais. Cobrimos as 51 cidades do Vale desde 2013. Sugest\u00f5es de pauta e pedidos de corre\u00e7\u00e3o: contato@aconteceunovale.com.br\",\"sameAs\":[\"http:\\\/\\\/www.aconteceunovale.com.br\"],\"url\":\"https:\\\/\\\/aconteceunovale.com.br\\\/portal\\\/?author=1\"}]}<\/script>\n<!-- \/ Yoast SEO plugin. -->","yoast_head_json":{"title":"Exporta\u00e7\u00f5es do agroneg\u00f3cio mineiro crescem 11% entre janeiro e agosto - Aconteceu no Vale","robots":{"index":"index","follow":"follow","max-snippet":"max-snippet:-1","max-image-preview":"max-image-preview:large","max-video-preview":"max-video-preview:-1"},"canonical":"https:\/\/aconteceunovale.com.br\/portal\/?p=121319","og_locale":"pt_BR","og_type":"article","og_title":"Exporta\u00e7\u00f5es do agroneg\u00f3cio mineiro crescem 11% entre janeiro e agosto - Aconteceu no Vale","og_description":"As exporta\u00e7\u00f5es do agroneg\u00f3cio mineiro totalizaram US$ 5,3 bilh\u00f5es no per\u00edodo de janeiro a agosto deste ano, com crescimento de 11% em rela\u00e7\u00e3o ao mesmo per\u00edodo do ano passado. O segmento contribuiu com 31% do total da pauta mineira de exporta\u00e7\u00f5es no per\u00edodo. Os dados foram analisados pela\u00a0Secretaria de Agricultura, Pecu\u00e1ria e Abastecimento (Seapa)\u00a0com base [&hellip;]","og_url":"https:\/\/aconteceunovale.com.br\/portal\/?p=121319","og_site_name":"Aconteceu no Vale","article_publisher":"https:\/\/www.facebook.com\/aconteceunovale\/","article_published_time":"2017-09-13T23:10:22+00:00","og_image":[{"width":675,"height":450,"url":"https:\/\/aconteceunovale.com.br\/portal\/wp-content\/uploads\/2017\/09\/cafe_exportacao.jpg","type":"image\/jpeg"}],"author":"Aconteceu no Vale","twitter_card":"summary_large_image","twitter_creator":"@noticiadosvales","twitter_site":"@noticiadosvales","twitter_misc":{"Escrito por":"Aconteceu no Vale","Est. tempo de leitura":"3 minutos"},"schema":{"@context":"https:\/\/schema.org","@graph":[{"@type":"Article","@id":"https:\/\/aconteceunovale.com.br\/portal\/?p=121319#article","isPartOf":{"@id":"https:\/\/aconteceunovale.com.br\/portal\/?p=121319"},"author":{"name":"Aconteceu no Vale","@id":"https:\/\/aconteceunovale.com.br\/portal\/#\/schema\/person\/633529146f2c94272bef50ac2953d589"},"headline":"Exporta\u00e7\u00f5es do agroneg\u00f3cio mineiro crescem 11% entre janeiro e agosto","datePublished":"2017-09-13T23:10:22+00:00","mainEntityOfPage":{"@id":"https:\/\/aconteceunovale.com.br\/portal\/?p=121319"},"wordCount":581,"commentCount":0,"image":{"@id":"https:\/\/aconteceunovale.com.br\/portal\/?p=121319#primaryimage"},"thumbnailUrl":"https:\/\/aconteceunovale.com.br\/portal\/wp-content\/uploads\/2017\/09\/cafe_exportacao.jpg","keywords":["agroneg\u00f3cio de minas gerais","agroneg\u00f3cio mineiro","exporta\u00e7\u00f5es do agroneg\u00f3cio de minas gerais","Exporta\u00e7\u00f5es do agroneg\u00f3cio mineiro","Exporta\u00e7\u00f5es do agroneg\u00f3cio mineiro crescem 11% entre janeiro e agosto","Jo\u00e3o Ricardo Albanez","MDIC","Seapa"],"articleSection":["Minas Gerais","Mundo"],"inLanguage":"pt-BR","potentialAction":[{"@type":"CommentAction","name":"Comment","target":["https:\/\/aconteceunovale.com.br\/portal\/?p=121319#respond"]}]},{"@type":"WebPage","@id":"https:\/\/aconteceunovale.com.br\/portal\/?p=121319","url":"https:\/\/aconteceunovale.com.br\/portal\/?p=121319","name":"Exporta\u00e7\u00f5es do agroneg\u00f3cio mineiro crescem 11% entre janeiro e agosto - Aconteceu no Vale","isPartOf":{"@id":"https:\/\/aconteceunovale.com.br\/portal\/#website"},"primaryImageOfPage":{"@id":"https:\/\/aconteceunovale.com.br\/portal\/?p=121319#primaryimage"},"image":{"@id":"https:\/\/aconteceunovale.com.br\/portal\/?p=121319#primaryimage"},"thumbnailUrl":"https:\/\/aconteceunovale.com.br\/portal\/wp-content\/uploads\/2017\/09\/cafe_exportacao.jpg","datePublished":"2017-09-13T23:10:22+00:00","author":{"@id":"https:\/\/aconteceunovale.com.br\/portal\/#\/schema\/person\/633529146f2c94272bef50ac2953d589"},"breadcrumb":{"@id":"https:\/\/aconteceunovale.com.br\/portal\/?p=121319#breadcrumb"},"inLanguage":"pt-BR","potentialAction":[{"@type":"ReadAction","target":["https:\/\/aconteceunovale.com.br\/portal\/?p=121319"]}]},{"@type":"ImageObject","inLanguage":"pt-BR","@id":"https:\/\/aconteceunovale.com.br\/portal\/?p=121319#primaryimage","url":"https:\/\/aconteceunovale.com.br\/portal\/wp-content\/uploads\/2017\/09\/cafe_exportacao.jpg","contentUrl":"https:\/\/aconteceunovale.com.br\/portal\/wp-content\/uploads\/2017\/09\/cafe_exportacao.jpg","width":675,"height":450},{"@type":"BreadcrumbList","@id":"https:\/\/aconteceunovale.com.br\/portal\/?p=121319#breadcrumb","itemListElement":[{"@type":"ListItem","position":1,"name":"In\u00edcio","item":"https:\/\/aconteceunovale.com.br\/portal\/"},{"@type":"ListItem","position":2,"name":"Exporta\u00e7\u00f5es do agroneg\u00f3cio mineiro crescem 11% entre janeiro e agosto"}]},{"@type":"WebSite","@id":"https:\/\/aconteceunovale.com.br\/portal\/#website","url":"https:\/\/aconteceunovale.com.br\/portal\/","name":"Aconteceu no Vale","description":"Portal de Not\u00edcias","potentialAction":[{"@type":"SearchAction","target":{"@type":"EntryPoint","urlTemplate":"https:\/\/aconteceunovale.com.br\/portal\/?s={search_term_string}"},"query-input":{"@type":"PropertyValueSpecification","valueRequired":true,"valueName":"search_term_string"}}],"inLanguage":"pt-BR"},{"@type":"Person","@id":"https:\/\/aconteceunovale.com.br\/portal\/#\/schema\/person\/633529146f2c94272bef50ac2953d589","name":"Aconteceu no Vale","description":"Equipe de reportagem do Aconteceu no Vale, portal de not\u00edcias do Vale do Jequitinhonha, em Minas Gerais. Cobrimos as 51 cidades do Vale desde 2013. Sugest\u00f5es de pauta e pedidos de corre\u00e7\u00e3o: contato@aconteceunovale.com.br","sameAs":["http:\/\/www.aconteceunovale.com.br"],"url":"https:\/\/aconteceunovale.com.br\/portal\/?author=1"}]}},"_links":{"self":[{"href":"https:\/\/aconteceunovale.com.br\/portal\/index.php?rest_route=\/wp\/v2\/posts\/121319","targetHints":{"allow":["GET"]}}],"collection":[{"href":"https:\/\/aconteceunovale.com.br\/portal\/index.php?rest_route=\/wp\/v2\/posts"}],"about":[{"href":"https:\/\/aconteceunovale.com.br\/portal\/index.php?rest_route=\/wp\/v2\/types\/post"}],"author":[{"embeddable":true,"href":"https:\/\/aconteceunovale.com.br\/portal\/index.php?rest_route=\/wp\/v2\/users\/1"}],"replies":[{"embeddable":true,"href":"https:\/\/aconteceunovale.com.br\/portal\/index.php?rest_route=%2Fwp%2Fv2%2Fcomments&post=121319"}],"version-history":[{"count":0,"href":"https:\/\/aconteceunovale.com.br\/portal\/index.php?rest_route=\/wp\/v2\/posts\/121319\/revisions"}],"wp:featuredmedia":[{"embeddable":true,"href":"https:\/\/aconteceunovale.com.br\/portal\/index.php?rest_route=\/wp\/v2\/media\/121320"}],"wp:attachment":[{"href":"https:\/\/aconteceunovale.com.br\/portal\/index.php?rest_route=%2Fwp%2Fv2%2Fmedia&parent=121319"}],"wp:term":[{"taxonomy":"category","embeddable":true,"href":"https:\/\/aconteceunovale.com.br\/portal\/index.php?rest_route=%2Fwp%2Fv2%2Fcategories&post=121319"},{"taxonomy":"post_tag","embeddable":true,"href":"https:\/\/aconteceunovale.com.br\/portal\/index.php?rest_route=%2Fwp%2Fv2%2Ftags&post=121319"}],"curies":[{"name":"wp","href":"https:\/\/api.w.org\/{rel}","templated":true}]}}