{"id":121315,"date":"2017-09-13T19:29:47","date_gmt":"2017-09-13T21:29:47","guid":{"rendered":"http:\/\/aconteceunovale.com.br\/portal\/?p=121315"},"modified":"2017-09-13T19:29:47","modified_gmt":"2017-09-13T21:29:47","slug":"governadores-de-minas-e-outros-seis-estados-querem-abatimento-na-divida-com-a-uniao-para-compensar-lei-kandir","status":"publish","type":"post","link":"https:\/\/aconteceunovale.com.br\/portal\/?p=121315","title":{"rendered":"Governadores de Minas e outros seis Estados querem abatimento na d\u00edvida com a Uni\u00e3o para compensar Lei Kandir"},"content":{"rendered":"<p>Ap\u00f3s encontro em Diamantina (MG), governadores de sete estados divulgaram ontem (12) um documento com uma proposta para as compensa\u00e7\u00f5es da Lei Kandir. O texto recomenda que seja feito um abatimento na d\u00edvida dos estados com a Uni\u00e3o, como forma de acerto de contas das perdas provocadas pela desonera\u00e7\u00e3o do Imposto sobre Circula\u00e7\u00e3o de Mercadores e Servi\u00e7os (ICMS) sobre produtos de exporta\u00e7\u00e3o.<\/p>\n<p>A Carta de Diamantina, como foi intitulado o documento, traz as assinaturas dos governadores de Minas Gerais, do Acre, de Mato Grosso, do Piau\u00ed, Rio Grande do Norte, de Sergipe e de Rond\u00f4nia, e ser\u00e1 encaminhada \u00e0 Presid\u00eancia da Rep\u00fablica.<\/p>\n<p>A Lei Kandir, aprovada em 1996, em um de seus artigos d\u00e1 isen\u00e7\u00e3o do ICMS sobre opera\u00e7\u00f5es que destinem ao exterior mercadorias, inclusive produtos prim\u00e1rios e  industrializados semielaborados. A legisla\u00e7\u00e3o foi institu\u00edda com o objetivo de estimular as exporta\u00e7\u00f5es. A norma tamb\u00e9m determina que o Congresso deve regulamentar como os estados ser\u00e3o compensados com a perda da arrecada\u00e7\u00e3o. No entanto, a regulamenta\u00e7\u00e3o nunca ocorreu.<\/p>\n<p>Em novembro do ano passado, ao analisar uma a\u00e7\u00e3o proposta pelo estado do Par\u00e1, o Supremo Tribunal Federal (STF) decidiu conceder prazo de 12 meses para que o Congresso aprovasse uma lei sobre o assunto. Caso o prazo n\u00e3o seja atendido, caber\u00e1 ao Tribunal de Contas da Uni\u00e3o (TCU) realizar os c\u00e1lculos dos recursos para a compensa\u00e7\u00e3o.<\/p>\n<p>&#8220;J\u00e1 temos uma decis\u00e3o favor\u00e1vel do STF aos estados, dizendo que o prazo vai at\u00e9 novembro, para que essa compensa\u00e7\u00e3o seja regulamentada. Tamb\u00e9m j\u00e1 existe uma comiss\u00e3o mista criada no Congresso Nacional. Mas, at\u00e9 onde sabemos, o governo n\u00e3o fez nenhum movimento objetivo nesta dire\u00e7\u00e3o&#8221;, disse o governador de Minas Gerais, Fernando Pimentel.<\/p>\n<p>Segundo Pimetel, a carta sugere um acerto de contas. &#8220;Todos os estados t\u00eam d\u00e9bitos, t\u00eam d\u00edvidas com a Uni\u00e3o. Poder\u00edamos abater dessa d\u00edvida o montante dos ressarcimentos que ter\u00e3o que ser feitos. Isso facilitaria para os dois lados\u201d.<\/p>\n<p><img decoding=\"async\" src=\"http:\/\/aconteceunovale.com.br\/portal\/wp-content\/uploads\/2017\/09\/pimentel_dtna.jpg\" alt=\"\" \/><em>Pimentel durante evento em Diamantina (Foto: Manoel Marques\/Imprensa MG)<\/em><br \/>\n<\/br><\/p>\n<p><strong>Repasses<\/strong><\/p>\n<p>Atualmente, a Uni\u00e3o faz repasses aos estados que devem ser compensados, mas a legisla\u00e7\u00e3o n\u00e3o fixa valores ou estabelece a forma de realizar o c\u00e1lculo. Os estados alegam que est\u00e3o acumulando perdas, porque os recursos recebidos s\u00e3o sempre inferiores ao que \u00e9 devido.<\/p>\n<p>O governo de Mato Grosso, por exemplo, estima que desde 1996 deixou de arrecadar R$ 61 bilh\u00f5es, e recebeu nesse per\u00edodo como compensa\u00e7\u00e3o apenas R$ 7 bilh\u00f5es. Por sua vez, Minas Gerais reivindica R$ 135 bilh\u00f5es. O peso da Lei Kandir no estado de Minas Gerais \u00e9 grande sobretudo pela import\u00e2ncia da minera\u00e7\u00e3o na economia. O min\u00e9rio destinado \u00e0 exporta\u00e7\u00e3o est\u00e1 entre os produtos isentos do ICMS.<\/p>\n<p>De acordo com a Carta de Diamantina, a Lei Kandir concentrou recursos na Uni\u00e3o, enfraquecendo estados e munic\u00edpios e penalizando o cidad\u00e3o. &#8220;No intervalo t\u00e3o extenso desde a promulga\u00e7\u00e3o, h\u00e1 21 anos, as perdas dos Estados acumularam-se a valores exorbitantes e v\u00eam prejudicando a capacidade do cumprimento das atividades inerentes aos estados, especialmente educa\u00e7\u00e3o, sa\u00fade e seguran\u00e7a. Destacamos que n\u00e3o apenas os estados, mas tamb\u00e9m os munic\u00edpios s\u00e3o penalizados pela Lei Kandir, uma vez que 25% dos recursos seriam destinados aos mesmos&#8221;, diz o texto.<\/p>\n<p><strong>VER PRIMEIRO<\/strong><\/p>\n<p>Receba as not\u00edcias do Aconteceu no Vale em primeira m\u00e3o. Clique em curtir no endere\u00e7o <a href=\"https:\/\/www.facebook.com\/aconteceunovale\" target=\"_blank\"><font color=\"red\">www.facebook.com\/aconteceunovale<\/font><\/a> ou no box abaixo:<\/p>\n<div class=\"fb-like\" data-href=\"https:\/\/www.facebook.com\/aconteceunovale\" data-width=\"120\" data-layout=\"standard\" data-action=\"like\" data-size=\"small\" data-show-faces=\"true\" data-share=\"true\"><\/div>\n<p><\/br><\/p>\n<p><em>(Fonte: Ag\u00eancia Brasil)<\/em><\/p>\n","protected":false},"excerpt":{"rendered":"<p>Ap\u00f3s encontro em Diamantina (MG), governadores de sete estados divulgaram ontem (12) um documento com uma proposta para as compensa\u00e7\u00f5es da Lei Kandir. O texto recomenda que seja feito um abatimento na d\u00edvida dos estados com a Uni\u00e3o, como forma de acerto de contas das perdas provocadas pela desonera\u00e7\u00e3o do Imposto sobre Circula\u00e7\u00e3o de Mercadores [&hellip;]<\/p>\n","protected":false},"author":1,"featured_media":121317,"comment_status":"open","ping_status":"closed","sticky":false,"template":"","format":"standard","meta":{"amp_status":"","footnotes":""},"categories":[6,123],"tags":[159735,159737,159736,198,159738,20322,159733,35299,144202,159734,21892],"class_list":["post-121315","post","type-post","status-publish","format-standard","has-post-thumbnail","hentry","category-br","category-gerais","tag-abatimento-na-divida-com-a-uniao-para-compensar-lei-kandir","tag-carta-de-diamantina","tag-compensacoes-da-lei-kandir","tag-diamantina","tag-divida-com-a-uniao","tag-governadores","tag-governadores-de-minas-e-outros-seis-estados-querem-abatimento-na-divida-com-a-uniao-para-compensar-lei-kandir","tag-icms","tag-lei-kandir","tag-perdas-com-a-lei-kandir","tag-uniao"],"yoast_head":"<!-- This site is optimized with the Yoast SEO plugin v28.3 - https:\/\/yoast.com\/product\/yoast-seo-wordpress\/ -->\n<title>Governadores de Minas e outros seis Estados querem abatimento na d\u00edvida com a Uni\u00e3o para compensar Lei Kandir - Aconteceu no Vale<\/title>\n<meta name=\"robots\" content=\"index, follow, max-snippet:-1, max-image-preview:large, max-video-preview:-1\" \/>\n<link rel=\"canonical\" href=\"https:\/\/aconteceunovale.com.br\/portal\/?p=121315\" \/>\n<meta property=\"og:locale\" content=\"pt_BR\" \/>\n<meta property=\"og:type\" content=\"article\" \/>\n<meta property=\"og:title\" content=\"Governadores de Minas e outros seis Estados querem abatimento na d\u00edvida com a Uni\u00e3o para compensar Lei Kandir - Aconteceu no Vale\" \/>\n<meta property=\"og:description\" content=\"Ap\u00f3s encontro em Diamantina (MG), governadores de sete estados divulgaram ontem (12) um documento com uma proposta para as compensa\u00e7\u00f5es da Lei Kandir. O texto recomenda que seja feito um abatimento na d\u00edvida dos estados com a Uni\u00e3o, como forma de acerto de contas das perdas provocadas pela desonera\u00e7\u00e3o do Imposto sobre Circula\u00e7\u00e3o de Mercadores [&hellip;]\" \/>\n<meta property=\"og:url\" content=\"https:\/\/aconteceunovale.com.br\/portal\/?p=121315\" \/>\n<meta property=\"og:site_name\" content=\"Aconteceu no Vale\" \/>\n<meta property=\"article:publisher\" content=\"https:\/\/www.facebook.com\/aconteceunovale\/\" \/>\n<meta property=\"article:published_time\" content=\"2017-09-13T21:29:47+00:00\" \/>\n<meta property=\"og:image\" content=\"https:\/\/aconteceunovale.com.br\/portal\/wp-content\/uploads\/2017\/09\/pimentel_dtna.jpg\" \/>\n\t<meta property=\"og:image:width\" content=\"678\" \/>\n\t<meta property=\"og:image:height\" content=\"385\" \/>\n\t<meta property=\"og:image:type\" content=\"image\/jpeg\" \/>\n<meta name=\"author\" content=\"Aconteceu no Vale\" \/>\n<meta name=\"twitter:card\" content=\"summary_large_image\" \/>\n<meta name=\"twitter:creator\" content=\"@noticiadosvales\" \/>\n<meta name=\"twitter:site\" content=\"@noticiadosvales\" \/>\n<meta name=\"twitter:label1\" content=\"Escrito por\" \/>\n\t<meta name=\"twitter:data1\" content=\"Aconteceu no Vale\" \/>\n\t<meta name=\"twitter:label2\" content=\"Est. tempo de leitura\" \/>\n\t<meta name=\"twitter:data2\" content=\"3 minutos\" \/>\n<script type=\"application\/ld+json\" class=\"yoast-schema-graph\">{\"@context\":\"https:\\\/\\\/schema.org\",\"@graph\":[{\"@type\":\"Article\",\"@id\":\"https:\\\/\\\/aconteceunovale.com.br\\\/portal\\\/?p=121315#article\",\"isPartOf\":{\"@id\":\"https:\\\/\\\/aconteceunovale.com.br\\\/portal\\\/?p=121315\"},\"author\":{\"name\":\"Aconteceu no Vale\",\"@id\":\"https:\\\/\\\/aconteceunovale.com.br\\\/portal\\\/#\\\/schema\\\/person\\\/633529146f2c94272bef50ac2953d589\"},\"headline\":\"Governadores de Minas e outros seis Estados querem abatimento na d\u00edvida com a Uni\u00e3o para compensar Lei Kandir\",\"datePublished\":\"2017-09-13T21:29:47+00:00\",\"mainEntityOfPage\":{\"@id\":\"https:\\\/\\\/aconteceunovale.com.br\\\/portal\\\/?p=121315\"},\"wordCount\":628,\"commentCount\":0,\"image\":{\"@id\":\"https:\\\/\\\/aconteceunovale.com.br\\\/portal\\\/?p=121315#primaryimage\"},\"thumbnailUrl\":\"https:\\\/\\\/aconteceunovale.com.br\\\/portal\\\/wp-content\\\/uploads\\\/2017\\\/09\\\/pimentel_dtna.jpg\",\"keywords\":[\"Abatimento na d\u00edvida com a Uni\u00e3o para compensar Lei Kandir\",\"Carta de Diamantina\",\"Compensa\u00e7\u00f5es da Lei Kandir\",\"Diamantina\",\"D\u00edvida com a Uni\u00e3o\",\"governadores\",\"Governadores de Minas e outros seis Estados querem abatimento na d\u00edvida com a Uni\u00e3o para compensar Lei Kandir\",\"ICMS\",\"Lei Kandir\",\"Perdas com a Lei Kandir\",\"Uni\u00e3o\"],\"articleSection\":[\"Brasil\",\"Minas Gerais\"],\"inLanguage\":\"pt-BR\",\"potentialAction\":[{\"@type\":\"CommentAction\",\"name\":\"Comment\",\"target\":[\"https:\\\/\\\/aconteceunovale.com.br\\\/portal\\\/?p=121315#respond\"]}]},{\"@type\":\"WebPage\",\"@id\":\"https:\\\/\\\/aconteceunovale.com.br\\\/portal\\\/?p=121315\",\"url\":\"https:\\\/\\\/aconteceunovale.com.br\\\/portal\\\/?p=121315\",\"name\":\"Governadores de Minas e outros seis Estados querem abatimento na d\u00edvida com a Uni\u00e3o para compensar Lei Kandir - Aconteceu no Vale\",\"isPartOf\":{\"@id\":\"https:\\\/\\\/aconteceunovale.com.br\\\/portal\\\/#website\"},\"primaryImageOfPage\":{\"@id\":\"https:\\\/\\\/aconteceunovale.com.br\\\/portal\\\/?p=121315#primaryimage\"},\"image\":{\"@id\":\"https:\\\/\\\/aconteceunovale.com.br\\\/portal\\\/?p=121315#primaryimage\"},\"thumbnailUrl\":\"https:\\\/\\\/aconteceunovale.com.br\\\/portal\\\/wp-content\\\/uploads\\\/2017\\\/09\\\/pimentel_dtna.jpg\",\"datePublished\":\"2017-09-13T21:29:47+00:00\",\"author\":{\"@id\":\"https:\\\/\\\/aconteceunovale.com.br\\\/portal\\\/#\\\/schema\\\/person\\\/633529146f2c94272bef50ac2953d589\"},\"breadcrumb\":{\"@id\":\"https:\\\/\\\/aconteceunovale.com.br\\\/portal\\\/?p=121315#breadcrumb\"},\"inLanguage\":\"pt-BR\",\"potentialAction\":[{\"@type\":\"ReadAction\",\"target\":[\"https:\\\/\\\/aconteceunovale.com.br\\\/portal\\\/?p=121315\"]}]},{\"@type\":\"ImageObject\",\"inLanguage\":\"pt-BR\",\"@id\":\"https:\\\/\\\/aconteceunovale.com.br\\\/portal\\\/?p=121315#primaryimage\",\"url\":\"https:\\\/\\\/aconteceunovale.com.br\\\/portal\\\/wp-content\\\/uploads\\\/2017\\\/09\\\/pimentel_dtna.jpg\",\"contentUrl\":\"https:\\\/\\\/aconteceunovale.com.br\\\/portal\\\/wp-content\\\/uploads\\\/2017\\\/09\\\/pimentel_dtna.jpg\",\"width\":678,\"height\":385},{\"@type\":\"BreadcrumbList\",\"@id\":\"https:\\\/\\\/aconteceunovale.com.br\\\/portal\\\/?p=121315#breadcrumb\",\"itemListElement\":[{\"@type\":\"ListItem\",\"position\":1,\"name\":\"In\u00edcio\",\"item\":\"https:\\\/\\\/aconteceunovale.com.br\\\/portal\\\/\"},{\"@type\":\"ListItem\",\"position\":2,\"name\":\"Governadores de Minas e outros seis Estados querem abatimento na d\u00edvida com a Uni\u00e3o para compensar Lei Kandir\"}]},{\"@type\":\"WebSite\",\"@id\":\"https:\\\/\\\/aconteceunovale.com.br\\\/portal\\\/#website\",\"url\":\"https:\\\/\\\/aconteceunovale.com.br\\\/portal\\\/\",\"name\":\"Aconteceu no Vale\",\"description\":\"Portal de Not\u00edcias\",\"potentialAction\":[{\"@type\":\"SearchAction\",\"target\":{\"@type\":\"EntryPoint\",\"urlTemplate\":\"https:\\\/\\\/aconteceunovale.com.br\\\/portal\\\/?s={search_term_string}\"},\"query-input\":{\"@type\":\"PropertyValueSpecification\",\"valueRequired\":true,\"valueName\":\"search_term_string\"}}],\"inLanguage\":\"pt-BR\"},{\"@type\":\"Person\",\"@id\":\"https:\\\/\\\/aconteceunovale.com.br\\\/portal\\\/#\\\/schema\\\/person\\\/633529146f2c94272bef50ac2953d589\",\"name\":\"Aconteceu no Vale\",\"description\":\"Equipe de reportagem do Aconteceu no Vale, portal de not\u00edcias do Vale do Jequitinhonha, em Minas Gerais. Cobrimos as 51 cidades do Vale desde 2013. Sugest\u00f5es de pauta e pedidos de corre\u00e7\u00e3o: contato@aconteceunovale.com.br\",\"sameAs\":[\"http:\\\/\\\/www.aconteceunovale.com.br\"],\"url\":\"https:\\\/\\\/aconteceunovale.com.br\\\/portal\\\/?author=1\"}]}<\/script>\n<!-- \/ Yoast SEO plugin. -->","yoast_head_json":{"title":"Governadores de Minas e outros seis Estados querem abatimento na d\u00edvida com a Uni\u00e3o para compensar Lei Kandir - Aconteceu no Vale","robots":{"index":"index","follow":"follow","max-snippet":"max-snippet:-1","max-image-preview":"max-image-preview:large","max-video-preview":"max-video-preview:-1"},"canonical":"https:\/\/aconteceunovale.com.br\/portal\/?p=121315","og_locale":"pt_BR","og_type":"article","og_title":"Governadores de Minas e outros seis Estados querem abatimento na d\u00edvida com a Uni\u00e3o para compensar Lei Kandir - Aconteceu no Vale","og_description":"Ap\u00f3s encontro em Diamantina (MG), governadores de sete estados divulgaram ontem (12) um documento com uma proposta para as compensa\u00e7\u00f5es da Lei Kandir. O texto recomenda que seja feito um abatimento na d\u00edvida dos estados com a Uni\u00e3o, como forma de acerto de contas das perdas provocadas pela desonera\u00e7\u00e3o do Imposto sobre Circula\u00e7\u00e3o de Mercadores [&hellip;]","og_url":"https:\/\/aconteceunovale.com.br\/portal\/?p=121315","og_site_name":"Aconteceu no Vale","article_publisher":"https:\/\/www.facebook.com\/aconteceunovale\/","article_published_time":"2017-09-13T21:29:47+00:00","og_image":[{"width":678,"height":385,"url":"https:\/\/aconteceunovale.com.br\/portal\/wp-content\/uploads\/2017\/09\/pimentel_dtna.jpg","type":"image\/jpeg"}],"author":"Aconteceu no Vale","twitter_card":"summary_large_image","twitter_creator":"@noticiadosvales","twitter_site":"@noticiadosvales","twitter_misc":{"Escrito por":"Aconteceu no Vale","Est. tempo de leitura":"3 minutos"},"schema":{"@context":"https:\/\/schema.org","@graph":[{"@type":"Article","@id":"https:\/\/aconteceunovale.com.br\/portal\/?p=121315#article","isPartOf":{"@id":"https:\/\/aconteceunovale.com.br\/portal\/?p=121315"},"author":{"name":"Aconteceu no Vale","@id":"https:\/\/aconteceunovale.com.br\/portal\/#\/schema\/person\/633529146f2c94272bef50ac2953d589"},"headline":"Governadores de Minas e outros seis Estados querem abatimento na d\u00edvida com a Uni\u00e3o para compensar Lei Kandir","datePublished":"2017-09-13T21:29:47+00:00","mainEntityOfPage":{"@id":"https:\/\/aconteceunovale.com.br\/portal\/?p=121315"},"wordCount":628,"commentCount":0,"image":{"@id":"https:\/\/aconteceunovale.com.br\/portal\/?p=121315#primaryimage"},"thumbnailUrl":"https:\/\/aconteceunovale.com.br\/portal\/wp-content\/uploads\/2017\/09\/pimentel_dtna.jpg","keywords":["Abatimento na d\u00edvida com a Uni\u00e3o para compensar Lei Kandir","Carta de Diamantina","Compensa\u00e7\u00f5es da Lei Kandir","Diamantina","D\u00edvida com a Uni\u00e3o","governadores","Governadores de Minas e outros seis Estados querem abatimento na d\u00edvida com a Uni\u00e3o para compensar Lei Kandir","ICMS","Lei Kandir","Perdas com a Lei Kandir","Uni\u00e3o"],"articleSection":["Brasil","Minas Gerais"],"inLanguage":"pt-BR","potentialAction":[{"@type":"CommentAction","name":"Comment","target":["https:\/\/aconteceunovale.com.br\/portal\/?p=121315#respond"]}]},{"@type":"WebPage","@id":"https:\/\/aconteceunovale.com.br\/portal\/?p=121315","url":"https:\/\/aconteceunovale.com.br\/portal\/?p=121315","name":"Governadores de Minas e outros seis Estados querem abatimento na d\u00edvida com a Uni\u00e3o para compensar Lei Kandir - Aconteceu no Vale","isPartOf":{"@id":"https:\/\/aconteceunovale.com.br\/portal\/#website"},"primaryImageOfPage":{"@id":"https:\/\/aconteceunovale.com.br\/portal\/?p=121315#primaryimage"},"image":{"@id":"https:\/\/aconteceunovale.com.br\/portal\/?p=121315#primaryimage"},"thumbnailUrl":"https:\/\/aconteceunovale.com.br\/portal\/wp-content\/uploads\/2017\/09\/pimentel_dtna.jpg","datePublished":"2017-09-13T21:29:47+00:00","author":{"@id":"https:\/\/aconteceunovale.com.br\/portal\/#\/schema\/person\/633529146f2c94272bef50ac2953d589"},"breadcrumb":{"@id":"https:\/\/aconteceunovale.com.br\/portal\/?p=121315#breadcrumb"},"inLanguage":"pt-BR","potentialAction":[{"@type":"ReadAction","target":["https:\/\/aconteceunovale.com.br\/portal\/?p=121315"]}]},{"@type":"ImageObject","inLanguage":"pt-BR","@id":"https:\/\/aconteceunovale.com.br\/portal\/?p=121315#primaryimage","url":"https:\/\/aconteceunovale.com.br\/portal\/wp-content\/uploads\/2017\/09\/pimentel_dtna.jpg","contentUrl":"https:\/\/aconteceunovale.com.br\/portal\/wp-content\/uploads\/2017\/09\/pimentel_dtna.jpg","width":678,"height":385},{"@type":"BreadcrumbList","@id":"https:\/\/aconteceunovale.com.br\/portal\/?p=121315#breadcrumb","itemListElement":[{"@type":"ListItem","position":1,"name":"In\u00edcio","item":"https:\/\/aconteceunovale.com.br\/portal\/"},{"@type":"ListItem","position":2,"name":"Governadores de Minas e outros seis Estados querem abatimento na d\u00edvida com a Uni\u00e3o para compensar Lei Kandir"}]},{"@type":"WebSite","@id":"https:\/\/aconteceunovale.com.br\/portal\/#website","url":"https:\/\/aconteceunovale.com.br\/portal\/","name":"Aconteceu no Vale","description":"Portal de Not\u00edcias","potentialAction":[{"@type":"SearchAction","target":{"@type":"EntryPoint","urlTemplate":"https:\/\/aconteceunovale.com.br\/portal\/?s={search_term_string}"},"query-input":{"@type":"PropertyValueSpecification","valueRequired":true,"valueName":"search_term_string"}}],"inLanguage":"pt-BR"},{"@type":"Person","@id":"https:\/\/aconteceunovale.com.br\/portal\/#\/schema\/person\/633529146f2c94272bef50ac2953d589","name":"Aconteceu no Vale","description":"Equipe de reportagem do Aconteceu no Vale, portal de not\u00edcias do Vale do Jequitinhonha, em Minas Gerais. Cobrimos as 51 cidades do Vale desde 2013. Sugest\u00f5es de pauta e pedidos de corre\u00e7\u00e3o: contato@aconteceunovale.com.br","sameAs":["http:\/\/www.aconteceunovale.com.br"],"url":"https:\/\/aconteceunovale.com.br\/portal\/?author=1"}]}},"_links":{"self":[{"href":"https:\/\/aconteceunovale.com.br\/portal\/index.php?rest_route=\/wp\/v2\/posts\/121315","targetHints":{"allow":["GET"]}}],"collection":[{"href":"https:\/\/aconteceunovale.com.br\/portal\/index.php?rest_route=\/wp\/v2\/posts"}],"about":[{"href":"https:\/\/aconteceunovale.com.br\/portal\/index.php?rest_route=\/wp\/v2\/types\/post"}],"author":[{"embeddable":true,"href":"https:\/\/aconteceunovale.com.br\/portal\/index.php?rest_route=\/wp\/v2\/users\/1"}],"replies":[{"embeddable":true,"href":"https:\/\/aconteceunovale.com.br\/portal\/index.php?rest_route=%2Fwp%2Fv2%2Fcomments&post=121315"}],"version-history":[{"count":0,"href":"https:\/\/aconteceunovale.com.br\/portal\/index.php?rest_route=\/wp\/v2\/posts\/121315\/revisions"}],"wp:featuredmedia":[{"embeddable":true,"href":"https:\/\/aconteceunovale.com.br\/portal\/index.php?rest_route=\/wp\/v2\/media\/121317"}],"wp:attachment":[{"href":"https:\/\/aconteceunovale.com.br\/portal\/index.php?rest_route=%2Fwp%2Fv2%2Fmedia&parent=121315"}],"wp:term":[{"taxonomy":"category","embeddable":true,"href":"https:\/\/aconteceunovale.com.br\/portal\/index.php?rest_route=%2Fwp%2Fv2%2Fcategories&post=121315"},{"taxonomy":"post_tag","embeddable":true,"href":"https:\/\/aconteceunovale.com.br\/portal\/index.php?rest_route=%2Fwp%2Fv2%2Ftags&post=121315"}],"curies":[{"name":"wp","href":"https:\/\/api.w.org\/{rel}","templated":true}]}}