{"id":121311,"date":"2017-09-13T19:19:12","date_gmt":"2017-09-13T21:19:12","guid":{"rendered":"http:\/\/aconteceunovale.com.br\/portal\/?p=121311"},"modified":"2017-09-13T19:19:12","modified_gmt":"2017-09-13T21:19:12","slug":"sabado-e-o-dia-d-da-campanha-de-multivacinacao-de-criancas-e-adolescentes","status":"publish","type":"post","link":"https:\/\/aconteceunovale.com.br\/portal\/?p=121311","title":{"rendered":"S\u00e1bado \u00e9 o Dia D da campanha de multivacina\u00e7\u00e3o de crian\u00e7as e adolescentes"},"content":{"rendered":"<p>No pr\u00f3ximo s\u00e1bado (16) ser\u00e1 realizado o Dia D da Campanha Nacional de Multivacina\u00e7\u00e3o, quando postos de sa\u00fade estar\u00e3o abertos em todo o pa\u00eds. Segundo o Minist\u00e9rio da Sa\u00fade, cerca de 47 milh\u00f5es de crian\u00e7as e adolescentes menores de 15 anos est\u00e3o convocados para comparecer aos postos e atualizar a caderneta de vacina\u00e7\u00e3o.<\/p>\n<p>Com o slogan \u201cTodo mundo unido fica mais protegido\u201d, a campanha come\u00e7ou no dia 11 de setembro e segue at\u00e9 o dia 22 de setembro em cerca de 36 mil postos fixos de vacina\u00e7\u00e3o. Ao todo, 350 mil profissionais participam da a\u00e7\u00e3o. De acordo com o minist\u00e9rio, de janeiro a agosto deste ano, foram enviadas a todas as unidades da Federa\u00e7\u00e3o 143,9 milh\u00f5es de doses de vacinas de rotina. Para a campanha, foram enviadas 14,8 milh\u00f5es de doses extras.<\/p>\n<p>A meta \u00e9 resgatar todas as crian\u00e7as e adolescentes n\u00e3o vacinados e, com isso, iniciar ou completar os esquemas de imuniza\u00e7\u00e3o. Segundo o minist\u00e9rio, 53% n\u00e3o est\u00e3o com a vacina\u00e7\u00e3o em dia.<\/p>\n<p><strong>Menor cobertura<\/strong><\/p>\n<p>Em 2016, o Brasil registrou a menor cobertura vacinal dos \u00faltimos 10 anos, segundo a coordenadora-geral do Programa Nacional de Imuniza\u00e7\u00f5es, Carla Domingues. \u201cN\u00e3o podemos dizer que temos uma tend\u00eancia, mas \u00e9 preocupante e por isso queremos reverter essa situa\u00e7\u00e3o. O objetivo da campanha \u00e9 resgatar os n\u00e3o vacinados para que esse dado de 2016 n\u00e3o se repita em 2017\u201d, disse.<\/p>\n<p>Ela explica que a Regi\u00e3o Norte \u00e9 a que tem menor cobertura por causa do dif\u00edcil acesso, mas que, em termos locais, h\u00e1 munic\u00edpios em todas regi\u00f5es com baixa cobertura.<\/p>\n<p>Segundo o Minist\u00e9rio da Sa\u00fade, por exemplo, 760 mil crian\u00e7as n\u00e3o receberam a vacina BCG, que protege contra formas graves de tuberculose. \u201cA BCG tem cobertura vacinal de 98%, apenas 2% n\u00e3o foram vacinadas. Quando se fala de cobertura \u00e9 bom, mas mesmo esses 2% \u00e9 um volume importante de crian\u00e7as\u201d, explicou Carla.<\/p>\n<p>O Minist\u00e9rio alerta que muitas doen\u00e7as que foram erradicadas no Brasil ou mesmo controladas ainda n\u00e3o est\u00e3o eliminadas e podem representar risco para n\u00e3o vacinados. \u201cA popula\u00e7\u00e3o come\u00e7a a achar que a vacina \u00e9 desnecess\u00e1ria e n\u00e3o \u00e9 verdade. Estamos vendo o surto de sarampo nos pa\u00edses desenvolvidos, por exemplo, e se n\u00e3o mantivermos elevada a cobertura vacinal, voltaremos a ter essas doen\u00e7as circulando no mundo\u201d, disse Carla, explicando que o fluxo de turismo e com\u00e9rcio no mundo globalizado facilita a circula\u00e7\u00e3o de doen\u00e7as entre os pa\u00edses.<\/p>\n<p>Segundo o Minist\u00e9rio da Sa\u00fade, em 2017, foram registradas mortes por sarampo em pa\u00edses como Alemanha, Portugal, It\u00e1lia, Fran\u00e7a, Bulg\u00e1ria e Rom\u00eania. Na Venezuela tamb\u00e9m houve casos de sarampo e mortes por difteria.<\/p>\n<p><strong>Dia D na escola<\/strong><\/p>\n<p>O ministro da Sa\u00fade, Ricardo Barros, contou que o minist\u00e9rio ainda vai eleger um Dia D de vacina\u00e7\u00e3o nas escolas durante a campanha. A data ainda vai ser definida com o Conselho Nacional de Secretarias Municipais de Sa\u00fade (Conasems). \u201cIsso ser\u00e1 um grande avan\u00e7o para o nosso compromisso de ampliar a cobertura vacinal, quando pretendemos atualizar o maior n\u00famero de cadernetas poss\u00edvel\u201d, disse Barros.<\/p>\n<p>Para o ministro, \u00e9 preciso esclarecer as fam\u00edlias de que a vacina\u00e7\u00e3o \u00e9 a melhor maneira de prevenir doen\u00e7as. \u201cExistem movimentos contra a vacina\u00e7\u00e3o, mas ela \u00e9 o melhor tipo de preven\u00e7\u00e3o. Continuamos com a vacina\u00e7\u00e3o permanente, todo dia \u00e9 dia de vacina, e fazemos as campanhas para alertar a popula\u00e7\u00e3o\u201d, disse.<\/p>\n<p>Segundo ele, a vacina\u00e7\u00e3o \u00e9 um direito individual da crian\u00e7a e ser\u00e1 ofertada pelo Estado, mas se a fam\u00edlia n\u00e3o desejar que seu filho seja vacinado, deve se manifestar por escrito. \u201cPor isso \u00e9 importante a parceria com a escola. Na unidade de sa\u00fade, a fam\u00edlia leva ou n\u00e3o a crian\u00e7a, e na escola, a vacina vai at\u00e9 a crian\u00e7a e a cobertura vai ser muito mais ampla\u201d, explicou.<\/p>\n<p><strong>Mudan\u00e7as<\/strong><\/p>\n<p>Em 2017, o Minist\u00e9rio da Sa\u00fade fez altera\u00e7\u00f5es no esquema vacinal e, por isso, orienta os pais a irem aos postos de sa\u00fade para checar a caderneta de vacina\u00e7\u00e3o. Houve altera\u00e7\u00e3o nas vacinas meningoc\u00f3cica C, pneumoc\u00f3cica 10 valente, Papiloma V\u00edrus Humano (HPV), febre amarela e dTpa.<\/p>\n<p>No caso da meningoc\u00f3cica C para crian\u00e7as, o refor\u00e7o, que era administrado aos 12 meses agora pode ser feito at\u00e9 os 4 anos. As primeiras duas doses continuam sendo realizadas aos 3 e 5 meses. Para os adolescentes, agora \u00e9 oferecido um refor\u00e7o que pode ser administrado de 12 a 13 anos de idade.<\/p>\n<p>A pneumoc\u00f3cica 10 valente para crian\u00e7as sofreu redu\u00e7\u00e3o de tr\u00eas doses e passou a ser administrada em duas (2 e 4 meses), com um refor\u00e7o preferencialmente aos 12 meses, mas que pode ser recebido at\u00e9 os 4 anos.<\/p>\n<p>A febre amarela tamb\u00e9m mudou de duas para apenas uma dose para todas as faixas et\u00e1rias.<\/p>\n<p>J\u00e1 a vacina\u00e7\u00e3o contra o HPV, para crian\u00e7as e adolescentes, passou de tr\u00eas para duas doses, com intervalo de seis meses entre elas, para meninas saud\u00e1veis de 9 a 14 anos. O minist\u00e9rio ressalta que a prote\u00e7\u00e3o s\u00f3 acontece com o esquema completo ap\u00f3s duas doses. Houve ainda a inclus\u00e3o de meninos de 11 a 14 anos no calend\u00e1rio de vacina\u00e7\u00e3o contra o HPV.<\/p>\n<p>Para as adolescentes gestantes tamb\u00e9m est\u00e1 dispon\u00edvel uma dose da vacina dTpa, a partir da vig\u00e9sima semana de gesta\u00e7\u00e3o.<\/p>\n<p>As informa\u00e7\u00f5es sobre a Campanha Nacional de Multivacina\u00e7\u00e3o 2017 est\u00e3o dispon\u00edveis na\u00a0<span style=\"text-decoration: underline;\"><span style=\"color: #ff0000;\"><a href=\"http:\/\/saude.gov.br\/vacinareproteger\" target=\"_blank\"><span style=\"color: #ff0000; text-decoration: underline;\">p\u00e1gina do Minist\u00e9rio da Sa\u00fade<\/span><\/a><\/span><\/span>.<\/p>\n<p><strong>VER PRIMEIRO<\/strong><\/p>\n<p>Receba as not\u00edcias do Aconteceu no Vale em primeira m\u00e3o. Clique em curtir no endere\u00e7o <a href=\"https:\/\/www.facebook.com\/aconteceunovale\" target=\"_blank\"><font color=\"red\">www.facebook.com\/aconteceunovale<\/font><\/a> ou no box abaixo:<\/p>\n<div class=\"fb-like\" data-href=\"https:\/\/www.facebook.com\/aconteceunovale\" data-width=\"120\" data-layout=\"standard\" data-action=\"like\" data-size=\"small\" data-show-faces=\"true\" data-share=\"true\"><\/div>\n<p><\/br><\/p>\n<p><em>(Fonte: Ag\u00eancia Brasil)<\/em><\/p>\n","protected":false},"excerpt":{"rendered":"<p>No pr\u00f3ximo s\u00e1bado (16) ser\u00e1 realizado o Dia D da Campanha Nacional de Multivacina\u00e7\u00e3o, quando postos de sa\u00fade estar\u00e3o abertos em todo o pa\u00eds. Segundo o Minist\u00e9rio da Sa\u00fade, cerca de 47 milh\u00f5es de crian\u00e7as e adolescentes menores de 15 anos est\u00e3o convocados para comparecer aos postos e atualizar a caderneta de vacina\u00e7\u00e3o. Com o [&hellip;]<\/p>\n","protected":false},"author":1,"featured_media":105882,"comment_status":"open","ping_status":"closed","sticky":false,"template":"","format":"standard","meta":{"amp_status":"","footnotes":""},"categories":[6,40242],"tags":[159723,159720,115294,159722,34889,60634,159721,159719,19152],"class_list":["post-121311","post","type-post","status-publish","format-standard","has-post-thumbnail","hentry","category-br","category-saude-2","tag-campanha-de-multivacinacao-2017","tag-campanha-de-multivacinacao-de-criancas-e-adolescentes","tag-campanha-nacional-de-multivacinacao","tag-campanha-nacional-de-multivacinacao-2017","tag-criancas-e-adolescentes","tag-dia-d","tag-multivacinacao-de-criancas-e-adolescentes","tag-sabado-e-o-dia-d-da-campanha-de-multivacinacao-de-criancas-e-adolescentes","tag-saude"],"yoast_head":"<!-- This site is optimized with the Yoast SEO plugin v28.3 - https:\/\/yoast.com\/product\/yoast-seo-wordpress\/ -->\n<title>S\u00e1bado \u00e9 o Dia D da campanha de multivacina\u00e7\u00e3o de crian\u00e7as e adolescentes - Aconteceu no Vale<\/title>\n<meta name=\"robots\" content=\"index, follow, max-snippet:-1, max-image-preview:large, max-video-preview:-1\" \/>\n<link rel=\"canonical\" href=\"https:\/\/aconteceunovale.com.br\/portal\/?p=121311\" \/>\n<meta property=\"og:locale\" content=\"pt_BR\" \/>\n<meta property=\"og:type\" content=\"article\" \/>\n<meta property=\"og:title\" content=\"S\u00e1bado \u00e9 o Dia D da campanha de multivacina\u00e7\u00e3o de crian\u00e7as e adolescentes - Aconteceu no Vale\" \/>\n<meta property=\"og:description\" content=\"No pr\u00f3ximo s\u00e1bado (16) ser\u00e1 realizado o Dia D da Campanha Nacional de Multivacina\u00e7\u00e3o, quando postos de sa\u00fade estar\u00e3o abertos em todo o pa\u00eds. Segundo o Minist\u00e9rio da Sa\u00fade, cerca de 47 milh\u00f5es de crian\u00e7as e adolescentes menores de 15 anos est\u00e3o convocados para comparecer aos postos e atualizar a caderneta de vacina\u00e7\u00e3o. Com o [&hellip;]\" \/>\n<meta property=\"og:url\" content=\"https:\/\/aconteceunovale.com.br\/portal\/?p=121311\" \/>\n<meta property=\"og:site_name\" content=\"Aconteceu no Vale\" \/>\n<meta property=\"article:publisher\" content=\"https:\/\/www.facebook.com\/aconteceunovale\/\" \/>\n<meta property=\"article:published_time\" content=\"2017-09-13T21:19:12+00:00\" \/>\n<meta property=\"og:image\" content=\"https:\/\/aconteceunovale.com.br\/portal\/wp-content\/uploads\/2017\/01\/vacina_hpv.jpg\" \/>\n\t<meta property=\"og:image:width\" content=\"615\" \/>\n\t<meta property=\"og:image:height\" content=\"381\" \/>\n\t<meta property=\"og:image:type\" content=\"image\/jpeg\" \/>\n<meta name=\"author\" content=\"Aconteceu no Vale\" \/>\n<meta name=\"twitter:card\" content=\"summary_large_image\" \/>\n<meta name=\"twitter:creator\" content=\"@noticiadosvales\" \/>\n<meta name=\"twitter:site\" content=\"@noticiadosvales\" \/>\n<meta name=\"twitter:label1\" content=\"Escrito por\" \/>\n\t<meta name=\"twitter:data1\" content=\"Aconteceu no Vale\" \/>\n\t<meta name=\"twitter:label2\" content=\"Est. tempo de leitura\" \/>\n\t<meta name=\"twitter:data2\" content=\"5 minutos\" \/>\n<script type=\"application\/ld+json\" class=\"yoast-schema-graph\">{\"@context\":\"https:\\\/\\\/schema.org\",\"@graph\":[{\"@type\":\"Article\",\"@id\":\"https:\\\/\\\/aconteceunovale.com.br\\\/portal\\\/?p=121311#article\",\"isPartOf\":{\"@id\":\"https:\\\/\\\/aconteceunovale.com.br\\\/portal\\\/?p=121311\"},\"author\":{\"name\":\"Aconteceu no Vale\",\"@id\":\"https:\\\/\\\/aconteceunovale.com.br\\\/portal\\\/#\\\/schema\\\/person\\\/633529146f2c94272bef50ac2953d589\"},\"headline\":\"S\u00e1bado \u00e9 o Dia D da campanha de multivacina\u00e7\u00e3o de crian\u00e7as e adolescentes\",\"datePublished\":\"2017-09-13T21:19:12+00:00\",\"mainEntityOfPage\":{\"@id\":\"https:\\\/\\\/aconteceunovale.com.br\\\/portal\\\/?p=121311\"},\"wordCount\":1000,\"commentCount\":0,\"image\":{\"@id\":\"https:\\\/\\\/aconteceunovale.com.br\\\/portal\\\/?p=121311#primaryimage\"},\"thumbnailUrl\":\"https:\\\/\\\/aconteceunovale.com.br\\\/portal\\\/wp-content\\\/uploads\\\/2017\\\/01\\\/vacina_hpv.jpg\",\"keywords\":[\"Campanha de Multivacina\u00e7\u00e3o 2017\",\"Campanha de multivacina\u00e7\u00e3o de crian\u00e7as e adolescentes\",\"Campanha Nacional de Multivacina\u00e7\u00e3o\",\"Campanha Nacional de Multivacina\u00e7\u00e3o 2017\",\"crian\u00e7as e adolescentes\",\"Dia D\",\"Multivacina\u00e7\u00e3o de crian\u00e7as e adolescentes\",\"S\u00e1bado \u00e9 o Dia D da campanha de multivacina\u00e7\u00e3o de crian\u00e7as e adolescentes\",\"sa\u00fade\"],\"articleSection\":[\"Brasil\",\"Sa\u00fade\"],\"inLanguage\":\"pt-BR\",\"potentialAction\":[{\"@type\":\"CommentAction\",\"name\":\"Comment\",\"target\":[\"https:\\\/\\\/aconteceunovale.com.br\\\/portal\\\/?p=121311#respond\"]}]},{\"@type\":\"WebPage\",\"@id\":\"https:\\\/\\\/aconteceunovale.com.br\\\/portal\\\/?p=121311\",\"url\":\"https:\\\/\\\/aconteceunovale.com.br\\\/portal\\\/?p=121311\",\"name\":\"S\u00e1bado \u00e9 o Dia D da campanha de multivacina\u00e7\u00e3o de crian\u00e7as e adolescentes - Aconteceu no Vale\",\"isPartOf\":{\"@id\":\"https:\\\/\\\/aconteceunovale.com.br\\\/portal\\\/#website\"},\"primaryImageOfPage\":{\"@id\":\"https:\\\/\\\/aconteceunovale.com.br\\\/portal\\\/?p=121311#primaryimage\"},\"image\":{\"@id\":\"https:\\\/\\\/aconteceunovale.com.br\\\/portal\\\/?p=121311#primaryimage\"},\"thumbnailUrl\":\"https:\\\/\\\/aconteceunovale.com.br\\\/portal\\\/wp-content\\\/uploads\\\/2017\\\/01\\\/vacina_hpv.jpg\",\"datePublished\":\"2017-09-13T21:19:12+00:00\",\"author\":{\"@id\":\"https:\\\/\\\/aconteceunovale.com.br\\\/portal\\\/#\\\/schema\\\/person\\\/633529146f2c94272bef50ac2953d589\"},\"breadcrumb\":{\"@id\":\"https:\\\/\\\/aconteceunovale.com.br\\\/portal\\\/?p=121311#breadcrumb\"},\"inLanguage\":\"pt-BR\",\"potentialAction\":[{\"@type\":\"ReadAction\",\"target\":[\"https:\\\/\\\/aconteceunovale.com.br\\\/portal\\\/?p=121311\"]}]},{\"@type\":\"ImageObject\",\"inLanguage\":\"pt-BR\",\"@id\":\"https:\\\/\\\/aconteceunovale.com.br\\\/portal\\\/?p=121311#primaryimage\",\"url\":\"https:\\\/\\\/aconteceunovale.com.br\\\/portal\\\/wp-content\\\/uploads\\\/2017\\\/01\\\/vacina_hpv.jpg\",\"contentUrl\":\"https:\\\/\\\/aconteceunovale.com.br\\\/portal\\\/wp-content\\\/uploads\\\/2017\\\/01\\\/vacina_hpv.jpg\",\"width\":615,\"height\":381},{\"@type\":\"BreadcrumbList\",\"@id\":\"https:\\\/\\\/aconteceunovale.com.br\\\/portal\\\/?p=121311#breadcrumb\",\"itemListElement\":[{\"@type\":\"ListItem\",\"position\":1,\"name\":\"In\u00edcio\",\"item\":\"https:\\\/\\\/aconteceunovale.com.br\\\/portal\\\/\"},{\"@type\":\"ListItem\",\"position\":2,\"name\":\"S\u00e1bado \u00e9 o Dia D da campanha de multivacina\u00e7\u00e3o de crian\u00e7as e adolescentes\"}]},{\"@type\":\"WebSite\",\"@id\":\"https:\\\/\\\/aconteceunovale.com.br\\\/portal\\\/#website\",\"url\":\"https:\\\/\\\/aconteceunovale.com.br\\\/portal\\\/\",\"name\":\"Aconteceu no Vale\",\"description\":\"Portal de Not\u00edcias\",\"potentialAction\":[{\"@type\":\"SearchAction\",\"target\":{\"@type\":\"EntryPoint\",\"urlTemplate\":\"https:\\\/\\\/aconteceunovale.com.br\\\/portal\\\/?s={search_term_string}\"},\"query-input\":{\"@type\":\"PropertyValueSpecification\",\"valueRequired\":true,\"valueName\":\"search_term_string\"}}],\"inLanguage\":\"pt-BR\"},{\"@type\":\"Person\",\"@id\":\"https:\\\/\\\/aconteceunovale.com.br\\\/portal\\\/#\\\/schema\\\/person\\\/633529146f2c94272bef50ac2953d589\",\"name\":\"Aconteceu no Vale\",\"description\":\"Equipe de reportagem do Aconteceu no Vale, portal de not\u00edcias do Vale do Jequitinhonha, em Minas Gerais. Cobrimos as 51 cidades do Vale desde 2013. Sugest\u00f5es de pauta e pedidos de corre\u00e7\u00e3o: contato@aconteceunovale.com.br\",\"sameAs\":[\"http:\\\/\\\/www.aconteceunovale.com.br\"],\"url\":\"https:\\\/\\\/aconteceunovale.com.br\\\/portal\\\/?author=1\"}]}<\/script>\n<!-- \/ Yoast SEO plugin. -->","yoast_head_json":{"title":"S\u00e1bado \u00e9 o Dia D da campanha de multivacina\u00e7\u00e3o de crian\u00e7as e adolescentes - Aconteceu no Vale","robots":{"index":"index","follow":"follow","max-snippet":"max-snippet:-1","max-image-preview":"max-image-preview:large","max-video-preview":"max-video-preview:-1"},"canonical":"https:\/\/aconteceunovale.com.br\/portal\/?p=121311","og_locale":"pt_BR","og_type":"article","og_title":"S\u00e1bado \u00e9 o Dia D da campanha de multivacina\u00e7\u00e3o de crian\u00e7as e adolescentes - Aconteceu no Vale","og_description":"No pr\u00f3ximo s\u00e1bado (16) ser\u00e1 realizado o Dia D da Campanha Nacional de Multivacina\u00e7\u00e3o, quando postos de sa\u00fade estar\u00e3o abertos em todo o pa\u00eds. Segundo o Minist\u00e9rio da Sa\u00fade, cerca de 47 milh\u00f5es de crian\u00e7as e adolescentes menores de 15 anos est\u00e3o convocados para comparecer aos postos e atualizar a caderneta de vacina\u00e7\u00e3o. Com o [&hellip;]","og_url":"https:\/\/aconteceunovale.com.br\/portal\/?p=121311","og_site_name":"Aconteceu no Vale","article_publisher":"https:\/\/www.facebook.com\/aconteceunovale\/","article_published_time":"2017-09-13T21:19:12+00:00","og_image":[{"width":615,"height":381,"url":"https:\/\/aconteceunovale.com.br\/portal\/wp-content\/uploads\/2017\/01\/vacina_hpv.jpg","type":"image\/jpeg"}],"author":"Aconteceu no Vale","twitter_card":"summary_large_image","twitter_creator":"@noticiadosvales","twitter_site":"@noticiadosvales","twitter_misc":{"Escrito por":"Aconteceu no Vale","Est. tempo de leitura":"5 minutos"},"schema":{"@context":"https:\/\/schema.org","@graph":[{"@type":"Article","@id":"https:\/\/aconteceunovale.com.br\/portal\/?p=121311#article","isPartOf":{"@id":"https:\/\/aconteceunovale.com.br\/portal\/?p=121311"},"author":{"name":"Aconteceu no Vale","@id":"https:\/\/aconteceunovale.com.br\/portal\/#\/schema\/person\/633529146f2c94272bef50ac2953d589"},"headline":"S\u00e1bado \u00e9 o Dia D da campanha de multivacina\u00e7\u00e3o de crian\u00e7as e adolescentes","datePublished":"2017-09-13T21:19:12+00:00","mainEntityOfPage":{"@id":"https:\/\/aconteceunovale.com.br\/portal\/?p=121311"},"wordCount":1000,"commentCount":0,"image":{"@id":"https:\/\/aconteceunovale.com.br\/portal\/?p=121311#primaryimage"},"thumbnailUrl":"https:\/\/aconteceunovale.com.br\/portal\/wp-content\/uploads\/2017\/01\/vacina_hpv.jpg","keywords":["Campanha de Multivacina\u00e7\u00e3o 2017","Campanha de multivacina\u00e7\u00e3o de crian\u00e7as e adolescentes","Campanha Nacional de Multivacina\u00e7\u00e3o","Campanha Nacional de Multivacina\u00e7\u00e3o 2017","crian\u00e7as e adolescentes","Dia D","Multivacina\u00e7\u00e3o de crian\u00e7as e adolescentes","S\u00e1bado \u00e9 o Dia D da campanha de multivacina\u00e7\u00e3o de crian\u00e7as e adolescentes","sa\u00fade"],"articleSection":["Brasil","Sa\u00fade"],"inLanguage":"pt-BR","potentialAction":[{"@type":"CommentAction","name":"Comment","target":["https:\/\/aconteceunovale.com.br\/portal\/?p=121311#respond"]}]},{"@type":"WebPage","@id":"https:\/\/aconteceunovale.com.br\/portal\/?p=121311","url":"https:\/\/aconteceunovale.com.br\/portal\/?p=121311","name":"S\u00e1bado \u00e9 o Dia D da campanha de multivacina\u00e7\u00e3o de crian\u00e7as e adolescentes - Aconteceu no Vale","isPartOf":{"@id":"https:\/\/aconteceunovale.com.br\/portal\/#website"},"primaryImageOfPage":{"@id":"https:\/\/aconteceunovale.com.br\/portal\/?p=121311#primaryimage"},"image":{"@id":"https:\/\/aconteceunovale.com.br\/portal\/?p=121311#primaryimage"},"thumbnailUrl":"https:\/\/aconteceunovale.com.br\/portal\/wp-content\/uploads\/2017\/01\/vacina_hpv.jpg","datePublished":"2017-09-13T21:19:12+00:00","author":{"@id":"https:\/\/aconteceunovale.com.br\/portal\/#\/schema\/person\/633529146f2c94272bef50ac2953d589"},"breadcrumb":{"@id":"https:\/\/aconteceunovale.com.br\/portal\/?p=121311#breadcrumb"},"inLanguage":"pt-BR","potentialAction":[{"@type":"ReadAction","target":["https:\/\/aconteceunovale.com.br\/portal\/?p=121311"]}]},{"@type":"ImageObject","inLanguage":"pt-BR","@id":"https:\/\/aconteceunovale.com.br\/portal\/?p=121311#primaryimage","url":"https:\/\/aconteceunovale.com.br\/portal\/wp-content\/uploads\/2017\/01\/vacina_hpv.jpg","contentUrl":"https:\/\/aconteceunovale.com.br\/portal\/wp-content\/uploads\/2017\/01\/vacina_hpv.jpg","width":615,"height":381},{"@type":"BreadcrumbList","@id":"https:\/\/aconteceunovale.com.br\/portal\/?p=121311#breadcrumb","itemListElement":[{"@type":"ListItem","position":1,"name":"In\u00edcio","item":"https:\/\/aconteceunovale.com.br\/portal\/"},{"@type":"ListItem","position":2,"name":"S\u00e1bado \u00e9 o Dia D da campanha de multivacina\u00e7\u00e3o de crian\u00e7as e adolescentes"}]},{"@type":"WebSite","@id":"https:\/\/aconteceunovale.com.br\/portal\/#website","url":"https:\/\/aconteceunovale.com.br\/portal\/","name":"Aconteceu no Vale","description":"Portal de Not\u00edcias","potentialAction":[{"@type":"SearchAction","target":{"@type":"EntryPoint","urlTemplate":"https:\/\/aconteceunovale.com.br\/portal\/?s={search_term_string}"},"query-input":{"@type":"PropertyValueSpecification","valueRequired":true,"valueName":"search_term_string"}}],"inLanguage":"pt-BR"},{"@type":"Person","@id":"https:\/\/aconteceunovale.com.br\/portal\/#\/schema\/person\/633529146f2c94272bef50ac2953d589","name":"Aconteceu no Vale","description":"Equipe de reportagem do Aconteceu no Vale, portal de not\u00edcias do Vale do Jequitinhonha, em Minas Gerais. Cobrimos as 51 cidades do Vale desde 2013. Sugest\u00f5es de pauta e pedidos de corre\u00e7\u00e3o: contato@aconteceunovale.com.br","sameAs":["http:\/\/www.aconteceunovale.com.br"],"url":"https:\/\/aconteceunovale.com.br\/portal\/?author=1"}]}},"_links":{"self":[{"href":"https:\/\/aconteceunovale.com.br\/portal\/index.php?rest_route=\/wp\/v2\/posts\/121311","targetHints":{"allow":["GET"]}}],"collection":[{"href":"https:\/\/aconteceunovale.com.br\/portal\/index.php?rest_route=\/wp\/v2\/posts"}],"about":[{"href":"https:\/\/aconteceunovale.com.br\/portal\/index.php?rest_route=\/wp\/v2\/types\/post"}],"author":[{"embeddable":true,"href":"https:\/\/aconteceunovale.com.br\/portal\/index.php?rest_route=\/wp\/v2\/users\/1"}],"replies":[{"embeddable":true,"href":"https:\/\/aconteceunovale.com.br\/portal\/index.php?rest_route=%2Fwp%2Fv2%2Fcomments&post=121311"}],"version-history":[{"count":0,"href":"https:\/\/aconteceunovale.com.br\/portal\/index.php?rest_route=\/wp\/v2\/posts\/121311\/revisions"}],"wp:featuredmedia":[{"embeddable":true,"href":"https:\/\/aconteceunovale.com.br\/portal\/index.php?rest_route=\/wp\/v2\/media\/105882"}],"wp:attachment":[{"href":"https:\/\/aconteceunovale.com.br\/portal\/index.php?rest_route=%2Fwp%2Fv2%2Fmedia&parent=121311"}],"wp:term":[{"taxonomy":"category","embeddable":true,"href":"https:\/\/aconteceunovale.com.br\/portal\/index.php?rest_route=%2Fwp%2Fv2%2Fcategories&post=121311"},{"taxonomy":"post_tag","embeddable":true,"href":"https:\/\/aconteceunovale.com.br\/portal\/index.php?rest_route=%2Fwp%2Fv2%2Ftags&post=121311"}],"curies":[{"name":"wp","href":"https:\/\/api.w.org\/{rel}","templated":true}]}}