{"id":121307,"date":"2017-09-12T10:38:26","date_gmt":"2017-09-12T12:38:26","guid":{"rendered":"http:\/\/aconteceunovale.com.br\/portal\/?p=121307"},"modified":"2017-09-12T10:38:26","modified_gmt":"2017-09-12T12:38:26","slug":"feriado-prolongado-de-7-de-setembro-registra-108-mortes-nas-rodovias-federais","status":"publish","type":"post","link":"https:\/\/aconteceunovale.com.br\/portal\/?p=121307","title":{"rendered":"Feriado prolongado de 7 de setembro registra 108 mortes nas rodovias federais"},"content":{"rendered":"<p>Em cinco dias de fiscaliza\u00e7\u00e3o nas rodovias federais durante o feriado de 7 de setembro, a Pol\u00edcia Rodovi\u00e1ria Federal (PRF) registrou acidentes que resultaram em 1.211 pessoas feridas e 108 mortes. No total, foram 1.162 acidentes nas estradas.<\/p>\n<p>Os agentes tamb\u00e9m flagraram 6 mil ultrapassagens irregulares e 3.068\u00a0motoristas sem cinto de seguran\u00e7a. As fiscaliza\u00e7\u00f5es apuraram 977 motoristas dirigindo embriagados.<\/p>\n<p><strong>Domingos Martins (ES)<\/strong><\/p>\n<p>Em um dos acidentes, 11 morreram na tarde de ontem (10) na BR-101, no sul do Esp\u00edrito Santo. Os corpos de tr\u00eas v\u00edtimas ser\u00e3o velados nesta ter\u00e7a-feira (12). Os corpos j\u00e1 foram identificados pelo Departamento M\u00e9dico Legal (DML), em Vit\u00f3ria, e liberados. H\u00e1 ainda oito corpos, que em fun\u00e7\u00e3o do estado de carboniza\u00e7\u00e3o, est\u00e3o sendo submetidos a exame de DNA para identifica\u00e7\u00e3o.<\/p>\n<p>Todas as v\u00edtimas eram integrantes do grupo de dan\u00e7as folcl\u00f3ricas alem\u00e3s Bergfreunde de Campinho.\u00a0O grupo voltava para a cidade natal, Domingos Martins, na regi\u00e3o serrana do estado, ap\u00f3s se apresentar na Deutsches Fest \u2013 Festa Alem\u00e3 do Borboleta, em Minas Gerais.<\/p>\n<p>O acidente envolveu quatro ve\u00edculos, sendo dois caminh\u00f5es, um carro e um micro-\u00f4nibus, na altura do km 450 da rodovia federal, em Mimoso do Sul.<\/p>\n<p>A suspeita \u00e9 de que o motorista de uma carreta, que transportava granito, perdeu o controle do ve\u00edculo, colidindo com o micro-\u00f4nibus, que levava o grupo, e vinha em sentido contr\u00e1rio da pista. Ao invadir a outra pista, o micro-\u00f4nibus colidiu com uma segunda carreta. O \u00f4nibus e um dos caminh\u00f5es pegaram fogo.<\/p>\n<p>O Corpo de Bombeiros e mais tr\u00eas equipes da empresa do Grupo Eco Rodovias, que administra a rodovia, atuaram para apagar o inc\u00eandio.<\/p>\n<p>Segundo a Pol\u00edcia Rodovi\u00e1ria Federal (PRF), 20 pessoas estavam no micro-\u00f4nibus. Al\u00e9m dos 11 mortos, tr\u00eas pessoas tiveram les\u00f5es graves, duas sofreram ferimentos e les\u00f5es leves e quatro sa\u00edram ilesos.<\/p>\n<p>A Prefeitura de Domingos Martins\u00a0decretou luto de tr\u00eas dias. Na noite de hoje (11), \u00e0s 20h, haver\u00e1 uma missa na Igreja Cat\u00f3lica S\u00e3o Geraldo, em Campinho, celebrada pelos bispos dom Luiz e dom Sevilha, em homenagem \u00e0s v\u00edtimas.<\/p>\n<p>A pol\u00edcia de Mimoso do Sul informou que investiga o caso e apura as circunst\u00e2ncias do acidente, com apoio de uma equipe da Delegacia de Delitos de Tr\u00e2nsito.<\/p>\n<p><img decoding=\"async\" src=\"http:\/\/aconteceunovale.com.br\/portal\/wp-content\/uploads\/2017\/09\/tragedia_101.jpeg\" alt=\"\" \/><em>Trag\u00e9dia mata 11 pessoas na BR-101, no Esp\u00edrito Santo (Foto: Divulga\u00e7\u00e3o\/Notaer)<\/em><br \/>\n<\/br><\/p>\n<p><strong>VER PRIMEIRO<\/strong><\/p>\n<p>Receba as not\u00edcias do Aconteceu no Vale em primeira m\u00e3o. Clique em curtir no endere\u00e7o <a href=\"https:\/\/www.facebook.com\/aconteceunovale\" target=\"_blank\"><font color=\"red\">www.facebook.com\/aconteceunovale<\/font><\/a> ou no box abaixo:<\/p>\n<div class=\"fb-like\" data-href=\"https:\/\/www.facebook.com\/aconteceunovale\" data-width=\"120\" data-layout=\"standard\" data-action=\"like\" data-size=\"small\" data-show-faces=\"true\" data-share=\"true\"><\/div>\n<p><\/br><\/p>\n<p><em>(Fonte: Ag\u00eancia Brasil)<\/em><\/p>\n","protected":false},"excerpt":{"rendered":"<p>Em cinco dias de fiscaliza\u00e7\u00e3o nas rodovias federais durante o feriado de 7 de setembro, a Pol\u00edcia Rodovi\u00e1ria Federal (PRF) registrou acidentes que resultaram em 1.211 pessoas feridas e 108 mortes. No total, foram 1.162 acidentes nas estradas. Os agentes tamb\u00e9m flagraram 6 mil ultrapassagens irregulares e 3.068\u00a0motoristas sem cinto de seguran\u00e7a. As fiscaliza\u00e7\u00f5es apuraram [&hellip;]<\/p>\n","protected":false},"author":1,"featured_media":121308,"comment_status":"open","ping_status":"closed","sticky":false,"template":"","format":"standard","meta":{"amp_status":"","footnotes":""},"categories":[6],"tags":[159716,159715,75489,159717,159714,4484,159713,159712,159718,1984,239,27371,9763],"class_list":["post-121307","post","type-post","status-publish","format-standard","has-post-thumbnail","hentry","category-br","tag-acidente-bergfreunde-de-campinho","tag-bergfreunde-de-campinho","tag-br-101","tag-deutsches-fest","tag-domingos-martins","tag-espirito-santo","tag-feriado-de-7-de-setembro","tag-feriado-prolongado-de-7-de-setembro-registra-108-mortes-nas-rodovias-federais","tag-festa-alema-do-borboleta","tag-policia-rodoviaria-federal","tag-prf","tag-rodovias-federais","tag-vitoria"],"yoast_head":"<!-- This site is optimized with the Yoast SEO plugin v28.3 - https:\/\/yoast.com\/product\/yoast-seo-wordpress\/ -->\n<title>Feriado prolongado de 7 de setembro registra 108 mortes nas rodovias federais - Aconteceu no Vale<\/title>\n<meta name=\"robots\" content=\"index, follow, max-snippet:-1, max-image-preview:large, max-video-preview:-1\" \/>\n<link rel=\"canonical\" href=\"https:\/\/aconteceunovale.com.br\/portal\/?p=121307\" \/>\n<meta property=\"og:locale\" content=\"pt_BR\" \/>\n<meta property=\"og:type\" content=\"article\" \/>\n<meta property=\"og:title\" content=\"Feriado prolongado de 7 de setembro registra 108 mortes nas rodovias federais - Aconteceu no Vale\" \/>\n<meta property=\"og:description\" content=\"Em cinco dias de fiscaliza\u00e7\u00e3o nas rodovias federais durante o feriado de 7 de setembro, a Pol\u00edcia Rodovi\u00e1ria Federal (PRF) registrou acidentes que resultaram em 1.211 pessoas feridas e 108 mortes. No total, foram 1.162 acidentes nas estradas. Os agentes tamb\u00e9m flagraram 6 mil ultrapassagens irregulares e 3.068\u00a0motoristas sem cinto de seguran\u00e7a. As fiscaliza\u00e7\u00f5es apuraram [&hellip;]\" \/>\n<meta property=\"og:url\" content=\"https:\/\/aconteceunovale.com.br\/portal\/?p=121307\" \/>\n<meta property=\"og:site_name\" content=\"Aconteceu no Vale\" \/>\n<meta property=\"article:publisher\" content=\"https:\/\/www.facebook.com\/aconteceunovale\/\" \/>\n<meta property=\"article:published_time\" content=\"2017-09-12T12:38:26+00:00\" \/>\n<meta property=\"og:image\" content=\"https:\/\/aconteceunovale.com.br\/portal\/wp-content\/uploads\/2017\/09\/tragedia_101.jpeg\" \/>\n\t<meta property=\"og:image:width\" content=\"600\" \/>\n\t<meta property=\"og:image:height\" content=\"450\" \/>\n\t<meta property=\"og:image:type\" content=\"image\/jpeg\" \/>\n<meta name=\"author\" content=\"Aconteceu no Vale\" \/>\n<meta name=\"twitter:card\" content=\"summary_large_image\" \/>\n<meta name=\"twitter:creator\" content=\"@noticiadosvales\" \/>\n<meta name=\"twitter:site\" content=\"@noticiadosvales\" \/>\n<meta name=\"twitter:label1\" content=\"Escrito por\" \/>\n\t<meta name=\"twitter:data1\" content=\"Aconteceu no Vale\" \/>\n\t<meta name=\"twitter:label2\" content=\"Est. tempo de leitura\" \/>\n\t<meta name=\"twitter:data2\" content=\"2 minutos\" \/>\n<script type=\"application\/ld+json\" class=\"yoast-schema-graph\">{\"@context\":\"https:\\\/\\\/schema.org\",\"@graph\":[{\"@type\":\"Article\",\"@id\":\"https:\\\/\\\/aconteceunovale.com.br\\\/portal\\\/?p=121307#article\",\"isPartOf\":{\"@id\":\"https:\\\/\\\/aconteceunovale.com.br\\\/portal\\\/?p=121307\"},\"author\":{\"name\":\"Aconteceu no Vale\",\"@id\":\"https:\\\/\\\/aconteceunovale.com.br\\\/portal\\\/#\\\/schema\\\/person\\\/633529146f2c94272bef50ac2953d589\"},\"headline\":\"Feriado prolongado de 7 de setembro registra 108 mortes nas rodovias federais\",\"datePublished\":\"2017-09-12T12:38:26+00:00\",\"mainEntityOfPage\":{\"@id\":\"https:\\\/\\\/aconteceunovale.com.br\\\/portal\\\/?p=121307\"},\"wordCount\":453,\"commentCount\":0,\"image\":{\"@id\":\"https:\\\/\\\/aconteceunovale.com.br\\\/portal\\\/?p=121307#primaryimage\"},\"thumbnailUrl\":\"https:\\\/\\\/aconteceunovale.com.br\\\/portal\\\/wp-content\\\/uploads\\\/2017\\\/09\\\/tragedia_101.jpeg\",\"keywords\":[\"Acidente Bergfreunde de Campinho\",\"Bergfreunde de Campinho\",\"BR 101\",\"Deutsches Fest\",\"Domingos Martins\",\"Esp\u00edrito Santo\",\"feriado de 7 de Setembro\",\"Feriado prolongado de 7 de setembro registra 108 mortes nas rodovias federais\",\"Festa Alem\u00e3 do Borboleta\",\"Pol\u00edcia Rodovi\u00e1ria Federal\",\"PRF\",\"rodovias federais\",\"Vit\u00f3ria\"],\"articleSection\":[\"Brasil\"],\"inLanguage\":\"pt-BR\",\"potentialAction\":[{\"@type\":\"CommentAction\",\"name\":\"Comment\",\"target\":[\"https:\\\/\\\/aconteceunovale.com.br\\\/portal\\\/?p=121307#respond\"]}]},{\"@type\":\"WebPage\",\"@id\":\"https:\\\/\\\/aconteceunovale.com.br\\\/portal\\\/?p=121307\",\"url\":\"https:\\\/\\\/aconteceunovale.com.br\\\/portal\\\/?p=121307\",\"name\":\"Feriado prolongado de 7 de setembro registra 108 mortes nas rodovias federais - Aconteceu no Vale\",\"isPartOf\":{\"@id\":\"https:\\\/\\\/aconteceunovale.com.br\\\/portal\\\/#website\"},\"primaryImageOfPage\":{\"@id\":\"https:\\\/\\\/aconteceunovale.com.br\\\/portal\\\/?p=121307#primaryimage\"},\"image\":{\"@id\":\"https:\\\/\\\/aconteceunovale.com.br\\\/portal\\\/?p=121307#primaryimage\"},\"thumbnailUrl\":\"https:\\\/\\\/aconteceunovale.com.br\\\/portal\\\/wp-content\\\/uploads\\\/2017\\\/09\\\/tragedia_101.jpeg\",\"datePublished\":\"2017-09-12T12:38:26+00:00\",\"author\":{\"@id\":\"https:\\\/\\\/aconteceunovale.com.br\\\/portal\\\/#\\\/schema\\\/person\\\/633529146f2c94272bef50ac2953d589\"},\"breadcrumb\":{\"@id\":\"https:\\\/\\\/aconteceunovale.com.br\\\/portal\\\/?p=121307#breadcrumb\"},\"inLanguage\":\"pt-BR\",\"potentialAction\":[{\"@type\":\"ReadAction\",\"target\":[\"https:\\\/\\\/aconteceunovale.com.br\\\/portal\\\/?p=121307\"]}]},{\"@type\":\"ImageObject\",\"inLanguage\":\"pt-BR\",\"@id\":\"https:\\\/\\\/aconteceunovale.com.br\\\/portal\\\/?p=121307#primaryimage\",\"url\":\"https:\\\/\\\/aconteceunovale.com.br\\\/portal\\\/wp-content\\\/uploads\\\/2017\\\/09\\\/tragedia_101.jpeg\",\"contentUrl\":\"https:\\\/\\\/aconteceunovale.com.br\\\/portal\\\/wp-content\\\/uploads\\\/2017\\\/09\\\/tragedia_101.jpeg\",\"width\":600,\"height\":450},{\"@type\":\"BreadcrumbList\",\"@id\":\"https:\\\/\\\/aconteceunovale.com.br\\\/portal\\\/?p=121307#breadcrumb\",\"itemListElement\":[{\"@type\":\"ListItem\",\"position\":1,\"name\":\"In\u00edcio\",\"item\":\"https:\\\/\\\/aconteceunovale.com.br\\\/portal\\\/\"},{\"@type\":\"ListItem\",\"position\":2,\"name\":\"Feriado prolongado de 7 de setembro registra 108 mortes nas rodovias federais\"}]},{\"@type\":\"WebSite\",\"@id\":\"https:\\\/\\\/aconteceunovale.com.br\\\/portal\\\/#website\",\"url\":\"https:\\\/\\\/aconteceunovale.com.br\\\/portal\\\/\",\"name\":\"Aconteceu no Vale\",\"description\":\"Portal de Not\u00edcias\",\"potentialAction\":[{\"@type\":\"SearchAction\",\"target\":{\"@type\":\"EntryPoint\",\"urlTemplate\":\"https:\\\/\\\/aconteceunovale.com.br\\\/portal\\\/?s={search_term_string}\"},\"query-input\":{\"@type\":\"PropertyValueSpecification\",\"valueRequired\":true,\"valueName\":\"search_term_string\"}}],\"inLanguage\":\"pt-BR\"},{\"@type\":\"Person\",\"@id\":\"https:\\\/\\\/aconteceunovale.com.br\\\/portal\\\/#\\\/schema\\\/person\\\/633529146f2c94272bef50ac2953d589\",\"name\":\"Aconteceu no Vale\",\"description\":\"Equipe de reportagem do Aconteceu no Vale, portal de not\u00edcias do Vale do Jequitinhonha, em Minas Gerais. Cobrimos as 51 cidades do Vale desde 2013. Sugest\u00f5es de pauta e pedidos de corre\u00e7\u00e3o: contato@aconteceunovale.com.br\",\"sameAs\":[\"http:\\\/\\\/www.aconteceunovale.com.br\"],\"url\":\"https:\\\/\\\/aconteceunovale.com.br\\\/portal\\\/?author=1\"}]}<\/script>\n<!-- \/ Yoast SEO plugin. -->","yoast_head_json":{"title":"Feriado prolongado de 7 de setembro registra 108 mortes nas rodovias federais - Aconteceu no Vale","robots":{"index":"index","follow":"follow","max-snippet":"max-snippet:-1","max-image-preview":"max-image-preview:large","max-video-preview":"max-video-preview:-1"},"canonical":"https:\/\/aconteceunovale.com.br\/portal\/?p=121307","og_locale":"pt_BR","og_type":"article","og_title":"Feriado prolongado de 7 de setembro registra 108 mortes nas rodovias federais - Aconteceu no Vale","og_description":"Em cinco dias de fiscaliza\u00e7\u00e3o nas rodovias federais durante o feriado de 7 de setembro, a Pol\u00edcia Rodovi\u00e1ria Federal (PRF) registrou acidentes que resultaram em 1.211 pessoas feridas e 108 mortes. No total, foram 1.162 acidentes nas estradas. Os agentes tamb\u00e9m flagraram 6 mil ultrapassagens irregulares e 3.068\u00a0motoristas sem cinto de seguran\u00e7a. As fiscaliza\u00e7\u00f5es apuraram [&hellip;]","og_url":"https:\/\/aconteceunovale.com.br\/portal\/?p=121307","og_site_name":"Aconteceu no Vale","article_publisher":"https:\/\/www.facebook.com\/aconteceunovale\/","article_published_time":"2017-09-12T12:38:26+00:00","og_image":[{"width":600,"height":450,"url":"https:\/\/aconteceunovale.com.br\/portal\/wp-content\/uploads\/2017\/09\/tragedia_101.jpeg","type":"image\/jpeg"}],"author":"Aconteceu no Vale","twitter_card":"summary_large_image","twitter_creator":"@noticiadosvales","twitter_site":"@noticiadosvales","twitter_misc":{"Escrito por":"Aconteceu no Vale","Est. tempo de leitura":"2 minutos"},"schema":{"@context":"https:\/\/schema.org","@graph":[{"@type":"Article","@id":"https:\/\/aconteceunovale.com.br\/portal\/?p=121307#article","isPartOf":{"@id":"https:\/\/aconteceunovale.com.br\/portal\/?p=121307"},"author":{"name":"Aconteceu no Vale","@id":"https:\/\/aconteceunovale.com.br\/portal\/#\/schema\/person\/633529146f2c94272bef50ac2953d589"},"headline":"Feriado prolongado de 7 de setembro registra 108 mortes nas rodovias federais","datePublished":"2017-09-12T12:38:26+00:00","mainEntityOfPage":{"@id":"https:\/\/aconteceunovale.com.br\/portal\/?p=121307"},"wordCount":453,"commentCount":0,"image":{"@id":"https:\/\/aconteceunovale.com.br\/portal\/?p=121307#primaryimage"},"thumbnailUrl":"https:\/\/aconteceunovale.com.br\/portal\/wp-content\/uploads\/2017\/09\/tragedia_101.jpeg","keywords":["Acidente Bergfreunde de Campinho","Bergfreunde de Campinho","BR 101","Deutsches Fest","Domingos Martins","Esp\u00edrito Santo","feriado de 7 de Setembro","Feriado prolongado de 7 de setembro registra 108 mortes nas rodovias federais","Festa Alem\u00e3 do Borboleta","Pol\u00edcia Rodovi\u00e1ria Federal","PRF","rodovias federais","Vit\u00f3ria"],"articleSection":["Brasil"],"inLanguage":"pt-BR","potentialAction":[{"@type":"CommentAction","name":"Comment","target":["https:\/\/aconteceunovale.com.br\/portal\/?p=121307#respond"]}]},{"@type":"WebPage","@id":"https:\/\/aconteceunovale.com.br\/portal\/?p=121307","url":"https:\/\/aconteceunovale.com.br\/portal\/?p=121307","name":"Feriado prolongado de 7 de setembro registra 108 mortes nas rodovias federais - Aconteceu no Vale","isPartOf":{"@id":"https:\/\/aconteceunovale.com.br\/portal\/#website"},"primaryImageOfPage":{"@id":"https:\/\/aconteceunovale.com.br\/portal\/?p=121307#primaryimage"},"image":{"@id":"https:\/\/aconteceunovale.com.br\/portal\/?p=121307#primaryimage"},"thumbnailUrl":"https:\/\/aconteceunovale.com.br\/portal\/wp-content\/uploads\/2017\/09\/tragedia_101.jpeg","datePublished":"2017-09-12T12:38:26+00:00","author":{"@id":"https:\/\/aconteceunovale.com.br\/portal\/#\/schema\/person\/633529146f2c94272bef50ac2953d589"},"breadcrumb":{"@id":"https:\/\/aconteceunovale.com.br\/portal\/?p=121307#breadcrumb"},"inLanguage":"pt-BR","potentialAction":[{"@type":"ReadAction","target":["https:\/\/aconteceunovale.com.br\/portal\/?p=121307"]}]},{"@type":"ImageObject","inLanguage":"pt-BR","@id":"https:\/\/aconteceunovale.com.br\/portal\/?p=121307#primaryimage","url":"https:\/\/aconteceunovale.com.br\/portal\/wp-content\/uploads\/2017\/09\/tragedia_101.jpeg","contentUrl":"https:\/\/aconteceunovale.com.br\/portal\/wp-content\/uploads\/2017\/09\/tragedia_101.jpeg","width":600,"height":450},{"@type":"BreadcrumbList","@id":"https:\/\/aconteceunovale.com.br\/portal\/?p=121307#breadcrumb","itemListElement":[{"@type":"ListItem","position":1,"name":"In\u00edcio","item":"https:\/\/aconteceunovale.com.br\/portal\/"},{"@type":"ListItem","position":2,"name":"Feriado prolongado de 7 de setembro registra 108 mortes nas rodovias federais"}]},{"@type":"WebSite","@id":"https:\/\/aconteceunovale.com.br\/portal\/#website","url":"https:\/\/aconteceunovale.com.br\/portal\/","name":"Aconteceu no Vale","description":"Portal de Not\u00edcias","potentialAction":[{"@type":"SearchAction","target":{"@type":"EntryPoint","urlTemplate":"https:\/\/aconteceunovale.com.br\/portal\/?s={search_term_string}"},"query-input":{"@type":"PropertyValueSpecification","valueRequired":true,"valueName":"search_term_string"}}],"inLanguage":"pt-BR"},{"@type":"Person","@id":"https:\/\/aconteceunovale.com.br\/portal\/#\/schema\/person\/633529146f2c94272bef50ac2953d589","name":"Aconteceu no Vale","description":"Equipe de reportagem do Aconteceu no Vale, portal de not\u00edcias do Vale do Jequitinhonha, em Minas Gerais. Cobrimos as 51 cidades do Vale desde 2013. Sugest\u00f5es de pauta e pedidos de corre\u00e7\u00e3o: contato@aconteceunovale.com.br","sameAs":["http:\/\/www.aconteceunovale.com.br"],"url":"https:\/\/aconteceunovale.com.br\/portal\/?author=1"}]}},"_links":{"self":[{"href":"https:\/\/aconteceunovale.com.br\/portal\/index.php?rest_route=\/wp\/v2\/posts\/121307","targetHints":{"allow":["GET"]}}],"collection":[{"href":"https:\/\/aconteceunovale.com.br\/portal\/index.php?rest_route=\/wp\/v2\/posts"}],"about":[{"href":"https:\/\/aconteceunovale.com.br\/portal\/index.php?rest_route=\/wp\/v2\/types\/post"}],"author":[{"embeddable":true,"href":"https:\/\/aconteceunovale.com.br\/portal\/index.php?rest_route=\/wp\/v2\/users\/1"}],"replies":[{"embeddable":true,"href":"https:\/\/aconteceunovale.com.br\/portal\/index.php?rest_route=%2Fwp%2Fv2%2Fcomments&post=121307"}],"version-history":[{"count":0,"href":"https:\/\/aconteceunovale.com.br\/portal\/index.php?rest_route=\/wp\/v2\/posts\/121307\/revisions"}],"wp:featuredmedia":[{"embeddable":true,"href":"https:\/\/aconteceunovale.com.br\/portal\/index.php?rest_route=\/wp\/v2\/media\/121308"}],"wp:attachment":[{"href":"https:\/\/aconteceunovale.com.br\/portal\/index.php?rest_route=%2Fwp%2Fv2%2Fmedia&parent=121307"}],"wp:term":[{"taxonomy":"category","embeddable":true,"href":"https:\/\/aconteceunovale.com.br\/portal\/index.php?rest_route=%2Fwp%2Fv2%2Fcategories&post=121307"},{"taxonomy":"post_tag","embeddable":true,"href":"https:\/\/aconteceunovale.com.br\/portal\/index.php?rest_route=%2Fwp%2Fv2%2Ftags&post=121307"}],"curies":[{"name":"wp","href":"https:\/\/api.w.org\/{rel}","templated":true}]}}