{"id":121217,"date":"2017-09-07T22:40:21","date_gmt":"2017-09-08T00:40:21","guid":{"rendered":"http:\/\/aconteceunovale.com.br\/portal\/?p=121217"},"modified":"2017-09-07T22:40:21","modified_gmt":"2017-09-08T00:40:21","slug":"motorista-de-carro-que-seguia-de-betim-para-teofilo-otoni-fica-preso-as-ferragens-apos-acidente-na-br-381","status":"publish","type":"post","link":"https:\/\/aconteceunovale.com.br\/portal\/?p=121217","title":{"rendered":"Motorista de carro que seguia de Betim para Te\u00f3filo Otoni fica preso \u00e0s ferragens ap\u00f3s acidente na BR-381"},"content":{"rendered":"<p>O motorista de um carro, de 35 anos, ficou gravemente ferido em um acidente com um caminh\u00e3o na BR-381, em Periquito, na manh\u00e3 desta quinta-feira (7\/9\/2017). De acordo com as informa\u00e7\u00f5es do Corpo de Bombeiros, ele perdeu o controle da dire\u00e7\u00e3o e bateu em um caminh\u00e3o, que seguia no sentido contr\u00e1rio da pista. O condutor ficou preso \u00e0s ferragens e foi retirado pelos militares.<\/p>\n<p>Ainda de acordo com os bombeiros, seis pessoas viajavam no carro, entre elas duas crian\u00e7as de 1 e 7 anos. Uma passageira, que n\u00e3o teve a idade divulgada, teve ferimentos leves. Os outros ocupantes n\u00e3o ficaram feridos.<\/p>\n<p>As duas v\u00edtimas foram encaminhadas ao Hospital Municipal de Governador Valadares. O ve\u00edculo seguia de Betim para Te\u00f3filo Otoni.<\/p>\n<p><img decoding=\"async\" src=\"http:\/\/aconteceunovale.com.br\/portal\/wp-content\/uploads\/2017\/09\/acidente_periquito.jpg\" alt=\"\" \/><em>Motorista perdeu controle e bateu em um caminh\u00e3o (Foto: Corpo de Bombeiros\/Divulga\u00e7\u00e3o)<\/em><br \/>\n<\/br><\/p>\n<p><strong>VER PRIMEIRO<\/strong><\/p>\n<p>Receba as not\u00edcias do Aconteceu no Vale em primeira m\u00e3o. Clique em curtir no endere\u00e7o <a href=\"https:\/\/www.facebook.com\/aconteceunovale\" target=\"_blank\"><font color=\"red\">www.facebook.com\/aconteceunovale<\/font><\/a> ou no box abaixo:<\/p>\n<div class=\"fb-like\" data-href=\"https:\/\/www.facebook.com\/aconteceunovale\" data-width=\"120\" data-layout=\"standard\" data-action=\"like\" data-size=\"small\" data-show-faces=\"true\" data-share=\"true\"><\/div>\n<p><\/br><\/p>\n<p><em>(Fonte: G1 Vales)<\/em><\/p>\n","protected":false},"excerpt":{"rendered":"<p>O motorista de um carro, de 35 anos, ficou gravemente ferido em um acidente com um caminh\u00e3o na BR-381, em Periquito, na manh\u00e3 desta quinta-feira (7\/9\/2017). De acordo com as informa\u00e7\u00f5es do Corpo de Bombeiros, ele perdeu o controle da dire\u00e7\u00e3o e bateu em um caminh\u00e3o, que seguia no sentido contr\u00e1rio da pista. O condutor [&hellip;]<\/p>\n","protected":false},"author":1,"featured_media":121218,"comment_status":"open","ping_status":"closed","sticky":false,"template":"","format":"standard","meta":{"amp_status":"","footnotes":""},"categories":[121],"tags":[74823,159557,43883,52525,8237,1495,1397,159556,159555,1670,164],"class_list":["post-121217","post","type-post","status-publish","format-standard","has-post-thumbnail","hentry","category-leste","tag-acidente-br-381","tag-acidente-com-carro-que-seguia-de-betim-para-teofilo-otoni","tag-acidente-em-periquito","tag-acidente-na-br-381-em-periquito","tag-acidente-na-br-381","tag-betim","tag-br-381","tag-carro-que-seguia-de-betim-para-teofilo-otoni","tag-motorista-de-carro-que-seguia-de-betim-para-teofilo-otoni-fica-preso-as-ferragens-apos-acidente-na-br-381","tag-periquito","tag-teofilo-otoni"],"_links":{"self":[{"href":"https:\/\/aconteceunovale.com.br\/portal\/index.php?rest_route=\/wp\/v2\/posts\/121217","targetHints":{"allow":["GET"]}}],"collection":[{"href":"https:\/\/aconteceunovale.com.br\/portal\/index.php?rest_route=\/wp\/v2\/posts"}],"about":[{"href":"https:\/\/aconteceunovale.com.br\/portal\/index.php?rest_route=\/wp\/v2\/types\/post"}],"author":[{"embeddable":true,"href":"https:\/\/aconteceunovale.com.br\/portal\/index.php?rest_route=\/wp\/v2\/users\/1"}],"replies":[{"embeddable":true,"href":"https:\/\/aconteceunovale.com.br\/portal\/index.php?rest_route=%2Fwp%2Fv2%2Fcomments&post=121217"}],"version-history":[{"count":0,"href":"https:\/\/aconteceunovale.com.br\/portal\/index.php?rest_route=\/wp\/v2\/posts\/121217\/revisions"}],"wp:featuredmedia":[{"embeddable":true,"href":"https:\/\/aconteceunovale.com.br\/portal\/index.php?rest_route=\/wp\/v2\/media\/121218"}],"wp:attachment":[{"href":"https:\/\/aconteceunovale.com.br\/portal\/index.php?rest_route=%2Fwp%2Fv2%2Fmedia&parent=121217"}],"wp:term":[{"taxonomy":"category","embeddable":true,"href":"https:\/\/aconteceunovale.com.br\/portal\/index.php?rest_route=%2Fwp%2Fv2%2Fcategories&post=121217"},{"taxonomy":"post_tag","embeddable":true,"href":"https:\/\/aconteceunovale.com.br\/portal\/index.php?rest_route=%2Fwp%2Fv2%2Ftags&post=121217"}],"curies":[{"name":"wp","href":"https:\/\/api.w.org\/{rel}","templated":true}]}}