{"id":121177,"date":"2017-09-05T22:52:29","date_gmt":"2017-09-06T00:52:29","guid":{"rendered":"http:\/\/aconteceunovale.com.br\/portal\/?p=121177"},"modified":"2017-09-05T22:52:29","modified_gmt":"2017-09-06T00:52:29","slug":"donald-trump-encerra-programa-que-protegia-800-mil-jovens-de-deportacao","status":"publish","type":"post","link":"https:\/\/aconteceunovale.com.br\/portal\/?p=121177","title":{"rendered":"Donald Trump encerra programa que protegia 800 mil jovens de deporta\u00e7\u00e3o"},"content":{"rendered":"<p>O governo dos Estados Unidos anunciou nesta ter\u00e7a-feira (5) o fim do programa de A\u00e7\u00e3o Diferida para os Chegados na Inf\u00e2ncia (Daca, na sigla em ingl\u00eas), criado pelo ex-presidente Barack Obama, e que protegia da deporta\u00e7\u00e3o 800 mil jovens imigrantes. <\/p>\n<p>A suspens\u00e3o do Daca entrar\u00e1 em vigor daqui a seis meses para for\u00e7ar o Congresso a encontrar uma alternativa para o programa.<\/p>\n<p>&#8220;Estou aqui para anunciar que o programa Daca, sancionado pela administra\u00e7\u00e3o de Obama, ser\u00e1 rescindido&#8221;, anunciou em entrevista coletiva o procurador-geral dos EUA, Jeff Sessions, um dos membros do governo de Donald Trump com posi\u00e7\u00f5es mais duras em rela\u00e7\u00e3o \u00e0 imigra\u00e7\u00e3o no pa\u00eds.<\/p>\n<p><strong>No limbo<\/strong><\/p>\n<p>Na \u00faltima sexta-feira (1\u00b0), o presidente da C\u00e2mara dos Representantes dos Estados Unidos, o republicano Paul Ryan, pediu  a Trump que mantivesse o Daca. &#8220;Essas pessoas est\u00e3o no limbo, s\u00e3o crian\u00e7as  que seus pais trouxeram para c\u00e1, que n\u00e3o conhecem outro pa\u00eds e que n\u00e3o tem outro lar. Realmente, acredito que deve haver uma solu\u00e7\u00e3o legislativa e \u00e9 nisso que estamos trabalhando. Queremos tranquilizar as pessoas&#8221;, disse Ryan, principal lideran\u00e7a do Partido Republicano no Congresso.<\/p>\n<p><strong>Empresas lamentam e criticam o fim do Daca<\/strong><\/p>\n<p>Empresas de tecnologia dos Estados Unidos, como Facebook, Apple, Google e Microsoft, lamentaram e criticaram nesta ter\u00e7a-feira (5) a decis\u00e3o do presidente Donald Trump de encerrar o programa de A\u00e7\u00e3o Diferida para os Chegados na Inf\u00e2ncia (Daca).<\/p>\n<p>V\u00e1rias vozes do mundo empresarial e do setor de tecnologia j\u00e1 tinham pedido, na semana passada, por meio de uma carta conjunta, que esses jovens n\u00e3o fossem deportados. Depois da decis\u00e3o de Trump, v\u00e1rios empres\u00e1rios foram hoje \u00e0s redes sociais para criticar a medida.<\/p>\n<p>&#8220;\u00c9 um dia triste para o nosso pa\u00eds. A decis\u00e3o de encerrar o Daca n\u00e3o \u00e9 s\u00f3 equivocada. \u00c9 particularmente cruel oferecer o &#8216;sonho americano&#8217; aos jovens, anim\u00e1-los a deixar as sombras e confiar no nosso governo e, depois, puni-los por isso&#8221;, escreveu o fundador do Facebook, Mark Zuckerberg, em sua pr\u00f3pria rede social.<\/p>\n<p>Para Zuckerberg, esses jovens imigrantes s\u00e3o &#8220;amigos&#8221; e &#8220;vizinhos&#8221; que contribu\u00edram para melhorar a economia e as comunidades americanas. &#8220;Pude conhecer alguns &#8216;sonhadores&#8217; nos \u00faltimos anos e sempre me impressionei com sua for\u00e7a e determina\u00e7\u00e3o. Eles n\u00e3o merecem viver com medo&#8221;, disse o fundador do Facebook.<\/p>\n<p><strong>Assessoria e apoio<\/strong><\/p>\n<p>J\u00e1 o diretor-executivo da Apple, Tim Cook, afirmou em uma carta enviada aos trabalhadores da empresa estar profundamente consternado com o fato de que 800 mil americanos, incluindo 250 funcion\u00e1rios da pr\u00f3pria Apple, possam estar prestes a ser expulsos do pa\u00eds que eles chamam de lar.<\/p>\n<p>&#8220;Os &#8216;sonhadores&#8217; contribuem para nossas companhias e comunidades tanto quanto eu e voc\u00ea. A Apple lutar\u00e1 para que eles sejam tratados como iguais&#8221;, expressou Cook em mensagem  no Twitter.<\/p>\n<p>Ele afirmou que a Apple trabalhar\u00e1 com os congressitas para conseguir uma &#8220;prote\u00e7\u00e3o permanente&#8221; para os afetados pelo fim do Daca. Al\u00e9m disso, disse que oferecer\u00e1 assessoria aos &#8220;dreamers&#8221; que trabalham na empresa. &#8220;Apesar desse rev\u00e9s para nossa na\u00e7\u00e3o, tenho certeza que os valores americanos prevalecer\u00e3o e que continuaremos com a nossa tradi\u00e7\u00e3o de dar boas-vindas aos imigrantes de todas as na\u00e7\u00f5es&#8221;, disse o l\u00edder da Apple.<\/p>\n<p>O executivo-chefe do Google, Sundar Pichai, tamb\u00e9m usou o Twitter para defender que o Congresso tome alguma atitude para proteger os jovens afetados pelo fim do Daca.<\/p>\n<p>O presidente da Microsoft, Brad Smith, disse em seu blog corporativo que a empresa est\u00e1 &#8220;profundamente decepcionada&#8221; pelo fim do programa migrat\u00f3rio e afirmou que uma legisla\u00e7\u00e3o que proteja os &#8216;sonhadores&#8217; \u00e9 agora um &#8220;imperativo econ\u00f4mico e uma necessidade humanit\u00e1ria&#8221;. Nesse sentido, Smith defendeu que o Congresso lide com a prote\u00e7\u00e3o dessas 800 mil pessoas antes de debater a reforma fiscal, que deve ser um dos principais assuntos do Legislativo at\u00e9 o fim do ano.<\/p>\n<p>O executivo-chefe do eBay (servi\u00e7o de com\u00e9rcio eletr\u00f4nico que re\u00fane milh\u00f5es de vendedores no mundo todo, disponibilizando produtos novos e usados), Devin Wenig, disse por sua vez que conta &#8220;com o Congresso para agir moralmente e no melhor interesse da economia americana mediante uma legisla\u00e7\u00e3o de prote\u00e7\u00e3o para o Daca sem demora&#8221;.<\/p>\n<p>Outras companhias de tecnologia, como a IBM, e empresas do mercado financeiro, como a Wells Fargo e a JP Morgan, tamb\u00e9m criticaram a medida tomada pelo governo Trump contra o programa de A\u00e7\u00e3o Diferida para os Chegados na Inf\u00e2ncia.<\/p>\n<p><strong>VER PRIMEIRO<\/strong><\/p>\n<p>Receba as not\u00edcias do Aconteceu no Vale em primeira m\u00e3o. Clique em curtir no endere\u00e7o <a href=\"https:\/\/www.facebook.com\/aconteceunovale\" target=\"_blank\"><font color=\"red\">www.facebook.com\/aconteceunovale<\/font><\/a> ou no box abaixo:<\/p>\n<div class=\"fb-like\" data-href=\"https:\/\/www.facebook.com\/aconteceunovale\" data-width=\"120\" data-layout=\"standard\" data-action=\"like\" data-size=\"small\" data-show-faces=\"true\" data-share=\"true\"><\/div>\n<p><\/br><\/p>\n<p><em>(Fonte: Ag\u00eancia EFE, via Ag\u00eancia Brasil)<\/em><\/p>\n","protected":false},"excerpt":{"rendered":"<p>O governo dos Estados Unidos anunciou nesta ter\u00e7a-feira (5) o fim do programa de A\u00e7\u00e3o Diferida para os Chegados na Inf\u00e2ncia (Daca, na sigla em ingl\u00eas), criado pelo ex-presidente Barack Obama, e que protegia da deporta\u00e7\u00e3o 800 mil jovens imigrantes. A suspens\u00e3o do Daca entrar\u00e1 em vigor daqui a seis meses para for\u00e7ar o Congresso [&hellip;]<\/p>\n","protected":false},"author":1,"featured_media":107505,"comment_status":"closed","ping_status":"closed","sticky":false,"template":"","format":"standard","meta":{"amp_status":"","footnotes":""},"categories":[28848],"tags":[159444,159451,15836,159456,159442,159446,105387,159458,159452,79020,159449,159461,159450,15469,50315,159457,159453,4624,159447,159462,87286,51066,137470,33359,159448,159463,159460,4626,33357,159455,159443,159454,159445,60890,159459],"class_list":["post-121177","post","type-post","status-publish","format-standard","has-post-thumbnail","hentry","category-mundo","tag-acao-diferida-para-os-chegados-na-infancia","tag-apple","tag-barack-obama","tag-brad-smith","tag-daca","tag-daca-the-end","tag-deportacao","tag-devin-wenig","tag-diretor-executivo-da-apple","tag-donald-trump","tag-donald-trump-encerra-programa-que-protegia-800-mil-jovens-de-deportacao","tag-empresas-americanas","tag-empresas-lamentam-e-criticam-o-fim-do-daca","tag-estados-unidos","tag-eua","tag-executivo-chefe-do-ebay","tag-executivo-chefe-do-google","tag-facebook","tag-fim-da-daca","tag-fim-do-daca","tag-fundador-do-facebook","tag-google","tag-governo-dos-estados-unidos","tag-ibm","tag-jeff-sessions","tag-jovens-imigrantes","tag-jp-morgan","tag-mark-zuckerberg","tag-microsoft","tag-presidente-da-microsoft","tag-programa-de-obama","tag-sundar-pichai","tag-the-end-daca","tag-tim-cook","tag-wells-fargo"],"_links":{"self":[{"href":"https:\/\/aconteceunovale.com.br\/portal\/index.php?rest_route=\/wp\/v2\/posts\/121177","targetHints":{"allow":["GET"]}}],"collection":[{"href":"https:\/\/aconteceunovale.com.br\/portal\/index.php?rest_route=\/wp\/v2\/posts"}],"about":[{"href":"https:\/\/aconteceunovale.com.br\/portal\/index.php?rest_route=\/wp\/v2\/types\/post"}],"author":[{"embeddable":true,"href":"https:\/\/aconteceunovale.com.br\/portal\/index.php?rest_route=\/wp\/v2\/users\/1"}],"replies":[{"embeddable":true,"href":"https:\/\/aconteceunovale.com.br\/portal\/index.php?rest_route=%2Fwp%2Fv2%2Fcomments&post=121177"}],"version-history":[{"count":0,"href":"https:\/\/aconteceunovale.com.br\/portal\/index.php?rest_route=\/wp\/v2\/posts\/121177\/revisions"}],"wp:featuredmedia":[{"embeddable":true,"href":"https:\/\/aconteceunovale.com.br\/portal\/index.php?rest_route=\/wp\/v2\/media\/107505"}],"wp:attachment":[{"href":"https:\/\/aconteceunovale.com.br\/portal\/index.php?rest_route=%2Fwp%2Fv2%2Fmedia&parent=121177"}],"wp:term":[{"taxonomy":"category","embeddable":true,"href":"https:\/\/aconteceunovale.com.br\/portal\/index.php?rest_route=%2Fwp%2Fv2%2Fcategories&post=121177"},{"taxonomy":"post_tag","embeddable":true,"href":"https:\/\/aconteceunovale.com.br\/portal\/index.php?rest_route=%2Fwp%2Fv2%2Ftags&post=121177"}],"curies":[{"name":"wp","href":"https:\/\/api.w.org\/{rel}","templated":true}]}}