{"id":121164,"date":"2017-09-05T21:58:45","date_gmt":"2017-09-05T23:58:45","guid":{"rendered":"http:\/\/aconteceunovale.com.br\/portal\/?p=121164"},"modified":"2017-09-05T21:58:45","modified_gmt":"2017-09-05T23:58:45","slug":"gas-de-cozinha-fica-122-mais-caro-a-partir-desta-quarta-feira","status":"publish","type":"post","link":"https:\/\/aconteceunovale.com.br\/portal\/?p=121164","title":{"rendered":"G\u00e1s de cozinha fica 12,2% mais caro a partir desta quarta-feira"},"content":{"rendered":"<p>A Petrobras anunciou hoje (5\/9\/2017), no Rio de Janeiro, reajuste de 12,2% para o g\u00e1s liquefeito de petr\u00f3leo (GLP) para uso residencial, o chamado g\u00e1s de cozinha, vendido em botij\u00f5es de at\u00e9 13 quilos. O aumento foi decidido pelo Grupo Executivo de Mercado e Pre\u00e7os (Gemp) da empresa e come\u00e7a a vigorar amanh\u00e3 (6).<\/p>\n<p>Segundo a Petrobras, o Gemp considerou para efeito de ajustes nos pre\u00e7os do g\u00e1s para uso residencial o cen\u00e1rio externo de estoques baixos, al\u00e9m dos reflexos de eventos clim\u00e1ticos, como o furac\u00e3o\u00a0<em>Harvey<\/em>, na maior regi\u00e3o exportadora mundial do produto, que \u00e9 a cidade de Houston, no Texas, Estados Unidos, cujos terminais permanecem fora de opera\u00e7\u00e3o, o que afeta o mercado internacional. Com a menor disponibilidade de g\u00e1s, os mercados consumidores, inclusive o brasileiro, sofreram aumento de pre\u00e7o.<\/p>\n<p>A estatal afirmou, entretanto, que o reajuste aplicado \u201cn\u00e3o repassa integralmente a varia\u00e7\u00e3o de pre\u00e7os do mercado internacional\u201d. O Gemp far\u00e1 nova avalia\u00e7\u00e3o do comportamento do mercado no pr\u00f3ximo dia 21.<\/p>\n<p>A Petrobras destacou que o reajuste previsto foi aplicado sobre os pre\u00e7os praticados sem incid\u00eancia de tributos. Se for integralmente repassado aos pre\u00e7os ao consumidor, a empresa indicou que \u201co pre\u00e7o do botij\u00e3o de GLP P-13 pode ser reajustado, em m\u00e9dia, em 4,2% ou cerca de R$ 2,44 por botij\u00e3o, isso se forem mantidas as margens de distribui\u00e7\u00e3o e de revenda e as al\u00edquotas de tributos\u201d.<\/p>\n<p>A Petrobras reajustou tamb\u00e9m os pre\u00e7os de venda \u00e0s distribuidoras do GLP destinado aos usos industrial e comercial. O aumento m\u00e9dio de 2,5% entra em vigor amanh\u00e3 (6).<\/p>\n<p><img decoding=\"async\" src=\"http:\/\/aconteceunovale.com.br\/portal\/wp-content\/uploads\/2017\/09\/gas_cozinha.jpg\" alt=\"\" \/><em>Botij\u00e3o de g\u00e1s de cozinha fica 12,2% mais caro (Foto: Ag\u00eancia Brasil)<\/em><br \/>\n<\/br><\/p>\n<p><strong>Sindig\u00e1s\u00a0<\/strong><\/p>\n<p>Em nota, o Sindicato Nacional das Empresas Distribuidoras de G\u00e1s Liquefeito de Petr\u00f3leo (Sindig\u00e1s) estimou que o reajuste para o g\u00e1s residencial ficar\u00e1 entre 11,3% e 13,2%, de acordo com o polo de suprimento.<\/p>\n<p>Como o aumento n\u00e3o repassa de forma integral a varia\u00e7\u00e3o de pre\u00e7os do mercado internacional, a entidade calculou que o pre\u00e7o do produto destinado a embalagens at\u00e9 13 quilos ficar\u00e1 16,56% abaixo da paridade de importa\u00e7\u00e3o. Segundo o Sindig\u00e1s, isso inibe investimentos privados em infraestrutura no setor de abastecimento.<\/p>\n<p>Em rela\u00e7\u00e3o ao reajuste nos pre\u00e7os do g\u00e1s industrial, para embalagens acima de 13 quilos, o Sindig\u00e1s indicou que a varia\u00e7\u00e3o ser\u00e1 entre 2,4% a 2,6%, dependendo do polo de suprimento.<\/p>\n<p>O sindicato externou preocupa\u00e7\u00e3o com o reajuste para o g\u00e1s industrial, porque \u201cafasta ainda mais o pre\u00e7o interno dos valores praticados no mercado internacional, impactando justamente setores que precisam reduzir custos\u201d.<\/p>\n<p>De acordo com o Sindig\u00e1s, esse aumento levar\u00e1 o valor do produto destinado a embalagens maiores que 13 quilos a ficar 39,94% acima da paridade de importa\u00e7\u00e3o.<\/p>\n<p><strong>VER PRIMEIRO<\/strong><\/p>\n<p>Receba as not\u00edcias do Aconteceu no Vale em primeira m\u00e3o. Clique em curtir no endere\u00e7o <a href=\"https:\/\/www.facebook.com\/aconteceunovale\" target=\"_blank\"><font color=\"red\">www.facebook.com\/aconteceunovale<\/font><\/a> ou no box abaixo:<\/p>\n<div class=\"fb-like\" data-href=\"https:\/\/www.facebook.com\/aconteceunovale\" data-width=\"120\" data-layout=\"standard\" data-action=\"like\" data-size=\"small\" data-show-faces=\"true\" data-share=\"true\"><\/div>\n<p><\/br><\/p>\n<p><em>(Fonte: Ag\u00eancia Brasil)<\/em><\/p>\n","protected":false},"excerpt":{"rendered":"<p>A Petrobras anunciou hoje (5\/9\/2017), no Rio de Janeiro, reajuste de 12,2% para o g\u00e1s liquefeito de petr\u00f3leo (GLP) para uso residencial, o chamado g\u00e1s de cozinha, vendido em botij\u00f5es de at\u00e9 13 quilos. O aumento foi decidido pelo Grupo Executivo de Mercado e Pre\u00e7os (Gemp) da empresa e come\u00e7a a vigorar amanh\u00e3 (6). Segundo [&hellip;]<\/p>\n","protected":false},"author":1,"featured_media":121165,"comment_status":"open","ping_status":"closed","sticky":false,"template":"","format":"standard","meta":{"amp_status":"","footnotes":""},"categories":[6],"tags":[159430,159429,159428,123774,1018,112547,159426,159427,155141,5499,156768,159431,1104,159432,57625],"class_list":["post-121164","post","type-post","status-publish","format-standard","has-post-thumbnail","hentry","category-br","tag-aumento-do-preco-do-glp","tag-aumento-do-preco-gas-de-cozinha","tag-aumento-gas-de-cozinha","tag-botijao-de-gas","tag-destaque","tag-gas-de-cozinha","tag-gas-de-cozinha-fica-12-2-mais-caro-a-partir-desta-quarta-feira","tag-gas-de-cozinha-fica-12-mais-caro-a-partir-desta-quarta-feira","tag-glp","tag-petrobras","tag-reajuste-gas-de-cozinha","tag-reajuste-glp","tag-rio-de-janeiro","tag-sindicato-nacional-das-empresas-distribuidoras-de-gas-liquefeito-de-petroleo","tag-sindigas"],"_links":{"self":[{"href":"https:\/\/aconteceunovale.com.br\/portal\/index.php?rest_route=\/wp\/v2\/posts\/121164","targetHints":{"allow":["GET"]}}],"collection":[{"href":"https:\/\/aconteceunovale.com.br\/portal\/index.php?rest_route=\/wp\/v2\/posts"}],"about":[{"href":"https:\/\/aconteceunovale.com.br\/portal\/index.php?rest_route=\/wp\/v2\/types\/post"}],"author":[{"embeddable":true,"href":"https:\/\/aconteceunovale.com.br\/portal\/index.php?rest_route=\/wp\/v2\/users\/1"}],"replies":[{"embeddable":true,"href":"https:\/\/aconteceunovale.com.br\/portal\/index.php?rest_route=%2Fwp%2Fv2%2Fcomments&post=121164"}],"version-history":[{"count":0,"href":"https:\/\/aconteceunovale.com.br\/portal\/index.php?rest_route=\/wp\/v2\/posts\/121164\/revisions"}],"wp:featuredmedia":[{"embeddable":true,"href":"https:\/\/aconteceunovale.com.br\/portal\/index.php?rest_route=\/wp\/v2\/media\/121165"}],"wp:attachment":[{"href":"https:\/\/aconteceunovale.com.br\/portal\/index.php?rest_route=%2Fwp%2Fv2%2Fmedia&parent=121164"}],"wp:term":[{"taxonomy":"category","embeddable":true,"href":"https:\/\/aconteceunovale.com.br\/portal\/index.php?rest_route=%2Fwp%2Fv2%2Fcategories&post=121164"},{"taxonomy":"post_tag","embeddable":true,"href":"https:\/\/aconteceunovale.com.br\/portal\/index.php?rest_route=%2Fwp%2Fv2%2Ftags&post=121164"}],"curies":[{"name":"wp","href":"https:\/\/api.w.org\/{rel}","templated":true}]}}