{"id":121157,"date":"2017-09-05T21:41:28","date_gmt":"2017-09-05T23:41:28","guid":{"rendered":"http:\/\/aconteceunovale.com.br\/portal\/?p=121157"},"modified":"2017-09-05T22:29:51","modified_gmt":"2017-09-06T00:29:51","slug":"policia-federal-apreende-mais-de-r-22-milhoes-em-imovel-supostamente-usado-por-ex-ministro-do-governo-temer","status":"publish","type":"post","link":"https:\/\/aconteceunovale.com.br\/portal\/?p=121157","title":{"rendered":"Pol\u00edcia Federal apreende mais de R$ 33 milh\u00f5es em im\u00f3vel supostamente usado por ex-ministro do Governo Temer"},"content":{"rendered":"<p>Em uma opera\u00e7\u00e3o para cumprir mandado de busca e apreens\u00e3o, emitido pela 10\u00aa Vara Federal de Bras\u00edlia, a Pol\u00edcia Federal (PF) encontrou hoje (5\/9\/2017) v\u00e1rias caixas e malas com dinheiro em  im\u00f3vel na Rua Bar\u00e3o de Loreto, no bairro da Gra\u00e7a em Salvador, &#8220;que seria, supostamente, utilizado por Geddel Vieira Lima [ex-ministro] como &#8216;bunker&#8217; para armazenagem de dinheiro em esp\u00e9cie\u201d. De acordo com a PF, \u201cos valores apreendidos ser\u00e3o transportados a um banco onde ser\u00e1 contabilizado e depositado em conta judicial\u201d.<\/p>\n<p>O apartamento pertence, segundo a Justi\u00e7a, a Silvio Silveira, que teria cedido o im\u00f3vel ao ex-ministro, para que guardasse, \u201csupostamente, pertences do pai, falecido em janeiro de 2016&#8221;. Uma den\u00fancia an\u00f4nima, feita por telefone, alertou a pol\u00edcia de que Geddel estaria utilizando o apartamento no bairro da Gra\u00e7a para \u201cguardar caixas com documentos\u201d, o que foi constatado ap\u00f3s consultas realizadas aos moradores do edif\u00edcio.<\/p>\n<p>Ainda de acordo com o documento da 10\u00aa Vara Federal, o im\u00f3vel possui elementos que comprovam a pr\u00e1tica \u201cdos crimes relacionados na manipula\u00e7\u00e3o de cr\u00e9ditos e recursos realizadas na Caixa Econ\u00f4mica Federal\u201d. Por isso, o juiz federal considerou que as pr\u00e1ticas precisam ser investigadas \u201ccom urg\u00eancia\u201d, devido aos fatos relacionados a \u201cvultuosos valores, delitos de lavagem de dinheiro, corrup\u00e7\u00e3o, organiza\u00e7\u00e3o criminosa e participa\u00e7\u00e3o de agentes p\u00fablicos influentes e poderosos\u201d.<\/p>\n<p>A decis\u00e3o do juiz Vallisney de Souza Oliveira, autorizando a opera\u00e7\u00e3o, foi assinada na \u00faltima quarta-feira, 30 de agosto. Chamada de Tesouro Perdido, a opera\u00e7\u00e3o desta ter\u00e7a-feira \u00e9 decorrente de dados colhidos nas \u00faltimas fases da Opera\u00e7\u00e3o Cui Bono.<\/p>\n<p><img decoding=\"async\" src=\"http:\/\/aconteceunovale.com.br\/portal\/wp-content\/uploads\/2017\/09\/malas_gedel2.jpg\" alt=\"\" \/><em>PF acha malas e caixas com dinheiro em im\u00f3vel (Divulga\u00e7\u00e3o\/Pol\u00edcia Federal)<\/em><br \/>\n<\/br><\/p>\n<p><strong>PF j\u00e1 contou mais R$ 33 milh\u00f5es <\/strong><\/p>\n<p>A Pol\u00edcia Federal j\u00e1 contabilizou mais de R$ 33 milh\u00f5es no montante encontrado em um apartamento em Salvador supostamente ligado ao ex-ministro Geddel Vieira Lima. A contagem do dinheiro ainda n\u00e3o terminou.<\/p>\n<p><strong>Opera\u00e7\u00e3o Cui Bono<\/strong><\/p>\n<p>A primeira fase da Opera\u00e7\u00e3o Cui Bono foi deflagrada pela PF em 13 de janeiro deste ano. Ela investigou esquema de fraude na libera\u00e7\u00e3o de cr\u00e9ditos da Caixa Econ\u00f4mica Federal no per\u00edodo entre 2011 e 2013. De acordo com a investiga\u00e7\u00e3o,  entre mar\u00e7o de 2011 e dezembro de 2013, a vice-presid\u00eancia de Pessoa Jur\u00eddica da institui\u00e7\u00e3o era ocupada por Geddel Vieira Lima.<\/p>\n<p>A investiga\u00e7\u00e3o da Opera\u00e7\u00e3o Cui Bono \u2013 express\u00e3o latina que em portugu\u00eas significa \u201ca quem beneficia?\u201d \u2013 \u00e9 um desdobramento da Opera\u00e7\u00e3o Catilin\u00e1rias, deflagrada em dezembro de 2015, no \u00e2mbito da Opera\u00e7\u00e3o Lava Jato, quando policiais federais encontraram um telefone celular na resid\u00eancia do ent\u00e3o presidente da C\u00e2mara dos Deputados, o ex-deputado federal Eduardo Cunha (PMDB-RJ), que revelou intensa troca de mensagens eletr\u00f4nicas entre Cunha e Geddel. A opera\u00e7\u00e3o tinha a finalidade de evitar que provas importantes fossem destru\u00eddas por investigados da Lava Jato.<\/p>\n<p>Atualmente, Geddel Vieira Lima cumpre, atualmente, pris\u00e3o domiciliar no apartamento da fam\u00edlia na Barra, outro bairro nobre de Salvador. Como o estado da Bahia n\u00e3o disp\u00f5e de tornozeleira eletr\u00f4nica, o ex-ministro cumpre a pena sem o equipamento de monitoramento. <\/p>\n<p><strong>VER PRIMEIRO<\/strong><\/p>\n<p>Receba as not\u00edcias do Aconteceu no Vale em primeira m\u00e3o. Clique em curtir no endere\u00e7o <a href=\"https:\/\/www.facebook.com\/aconteceunovale\" target=\"_blank\"><font color=\"red\">www.facebook.com\/aconteceunovale<\/font><\/a> ou no box abaixo:<\/p>\n<div class=\"fb-like\" data-href=\"https:\/\/www.facebook.com\/aconteceunovale\" data-width=\"120\" data-layout=\"standard\" data-action=\"like\" data-size=\"small\" data-show-faces=\"true\" data-share=\"true\"><\/div>\n<p><\/br><\/p>\n<p><em>(Fonte: Ag\u00eancia Brasil)<\/em><\/p>\n","protected":false},"excerpt":{"rendered":"<p>Em uma opera\u00e7\u00e3o para cumprir mandado de busca e apreens\u00e3o, emitido pela 10\u00aa Vara Federal de Bras\u00edlia, a Pol\u00edcia Federal (PF) encontrou hoje (5\/9\/2017) v\u00e1rias caixas e malas com dinheiro em im\u00f3vel na Rua Bar\u00e3o de Loreto, no bairro da Gra\u00e7a em Salvador, &#8220;que seria, supostamente, utilizado por Geddel Vieira Lima [ex-ministro] como &#8216;bunker&#8217; para [&hellip;]<\/p>\n","protected":false},"author":1,"featured_media":121160,"comment_status":"open","ping_status":"closed","sticky":false,"template":"","format":"standard","meta":{"amp_status":"","footnotes":""},"categories":[6,40240],"tags":[159418,159424,159421,159420,159422,159415,159419,159416,159425,159423,159417,159414],"class_list":["post-121157","post","type-post","status-publish","format-standard","has-post-thumbnail","hentry","category-br","category-politica-2","tag-apartamento-usado-por-geddel","tag-caixas-gedel-vieira-lima","tag-dinheiro-em-caixas-gedel-vieira-lima","tag-dinheiro-em-malas","tag-dinheiro-em-malas-gedel-vieira-lima","tag-gedel-vieira-lima","tag-imovel-usado-por-geddel","tag-malas-de-dinheiro","tag-malas-de-dinheiro-gedel-vieira-lima","tag-malas-gedel-vieira-lima","tag-operacao-tesouro-perdido","tag-policia-federal-apreende-mais-de-r-22-milhoes-em-imovel-supostamente-usado-por-ex-ministro-do-governo-temer"],"_links":{"self":[{"href":"https:\/\/aconteceunovale.com.br\/portal\/index.php?rest_route=\/wp\/v2\/posts\/121157","targetHints":{"allow":["GET"]}}],"collection":[{"href":"https:\/\/aconteceunovale.com.br\/portal\/index.php?rest_route=\/wp\/v2\/posts"}],"about":[{"href":"https:\/\/aconteceunovale.com.br\/portal\/index.php?rest_route=\/wp\/v2\/types\/post"}],"author":[{"embeddable":true,"href":"https:\/\/aconteceunovale.com.br\/portal\/index.php?rest_route=\/wp\/v2\/users\/1"}],"replies":[{"embeddable":true,"href":"https:\/\/aconteceunovale.com.br\/portal\/index.php?rest_route=%2Fwp%2Fv2%2Fcomments&post=121157"}],"version-history":[{"count":0,"href":"https:\/\/aconteceunovale.com.br\/portal\/index.php?rest_route=\/wp\/v2\/posts\/121157\/revisions"}],"wp:featuredmedia":[{"embeddable":true,"href":"https:\/\/aconteceunovale.com.br\/portal\/index.php?rest_route=\/wp\/v2\/media\/121160"}],"wp:attachment":[{"href":"https:\/\/aconteceunovale.com.br\/portal\/index.php?rest_route=%2Fwp%2Fv2%2Fmedia&parent=121157"}],"wp:term":[{"taxonomy":"category","embeddable":true,"href":"https:\/\/aconteceunovale.com.br\/portal\/index.php?rest_route=%2Fwp%2Fv2%2Fcategories&post=121157"},{"taxonomy":"post_tag","embeddable":true,"href":"https:\/\/aconteceunovale.com.br\/portal\/index.php?rest_route=%2Fwp%2Fv2%2Ftags&post=121157"}],"curies":[{"name":"wp","href":"https:\/\/api.w.org\/{rel}","templated":true}]}}