{"id":121150,"date":"2017-09-05T20:25:53","date_gmt":"2017-09-05T22:25:53","guid":{"rendered":"http:\/\/aconteceunovale.com.br\/portal\/?p=121150"},"modified":"2017-09-05T20:25:53","modified_gmt":"2017-09-05T22:25:53","slug":"as-cidades-do-vale-ganham-empresa-dirigida-por-jovens-que-promete-revolucionar-os-setores-de-arquitetura-engenharia-design-e-decoracao","status":"publish","type":"post","link":"https:\/\/aconteceunovale.com.br\/portal\/?p=121150","title":{"rendered":"As cidades do Vale ganham empresa dirigida por jovens que promete revolucionar os setores de Arquitetura, Engenharia, Design e Decora\u00e7\u00e3o"},"content":{"rendered":"<p>Idealizado por 3 jovens empreendedores, o <a href=\"https:\/\/www.facebook.com\/haus.estudioo\" target=\"_blank\"><strong>Est\u00fadio Haus<\/strong><\/a> surgiu a partir de um sonho profissional: oferecer ao mercado solu\u00e7\u00f5es inteligentes e sofisticadas nas \u00e1reas de Arquitetura, Engenharia, Design e Decora\u00e7\u00e3o.<\/p>\n<p>Ramon Phelype, Andr\u00e9 Lacerda e Osnar Fernandes s\u00e3o os respons\u00e1veis por trazer para as cidades do Vale \u2013 especialmente Capelinha, Itamarandiba, Diamantina e Carbonita \u2013 o que h\u00e1 de mais atual e inovador em sua \u00e1rea de atua\u00e7\u00e3o. Estes jovens gestores agregam a cada um dos projetos que desenvolvem as tend\u00eancias e inova\u00e7\u00f5es do mercado, incluindo sempre o fator tecnol\u00f3gico e o compromisso com a sustentabilidade.<\/p>\n<p><img decoding=\"async\" src=\"http:\/\/aconteceunovale.com.br\/portal\/wp-content\/uploads\/2017\/09\/studio_haus_1.jpg\" alt=\"\" \/><em>Ramon Phelype, um dos propriet\u00e1rios do Est\u00fadio Haus, desenvolvendo projetos inovadores e sofisticados (Foto: Divulga\u00e7\u00e3o\/Est\u00fadio HAUS)<\/em><br \/>\n<\/br><\/p>\n<p>Vision\u00e1rios com rela\u00e7\u00e3o \u00e0 criatividade, buscam fazer parcerias com grandes fornecedores para trazer aos clientes um projeto de bom gosto com o melhor custo-benef\u00edcio. Os materiais escolhidos para cada obra e projeto s\u00e3o de alto padr\u00e3o, adequados sob medida \u00e0s necessidades, desejos e expectativas de cada cliente. Todos os projetos desenvolvidos apresentam maturidade e primor, o que garante a satisfa\u00e7\u00e3o total de quem tem o privil\u00e9gio de ser atendido pelo <a href=\"https:\/\/www.facebook.com\/haus.estudioo\" target=\"_blank\"><strong>Est\u00fadio Haus<\/strong><\/a>. <\/p>\n<p>Entregar solu\u00e7\u00f5es funcionais e requintadas, que atendam \u00e0s necessidades do cliente, em termos de uso, ao mesmo tempo em que se destacam pela est\u00e9tica original e tecnologia aplicada, cria nos propriet\u00e1rios um sentimento de dever cumprido e em seus clientes a sensa\u00e7\u00e3o de ter feito a melhor escolha para construir, reformar ou decorar sua casa ou empresa.<\/p>\n<p><img decoding=\"async\" src=\"http:\/\/aconteceunovale.com.br\/portal\/wp-content\/uploads\/2017\/09\/studio_haus_3.jpg\" alt=\"\" \/><em>Projeto de Interiores desenvolvido para uma Cozinha moderna e sofisticada (Foto: Divulga\u00e7\u00e3o\/Est\u00fadio HAUS)<\/em><br \/>\n<\/br><\/p>\n<p>O p\u00fablico do <a href=\"https:\/\/www.facebook.com\/haus.estudioo\" target=\"_blank\"><strong>Est\u00fadio Haus<\/strong><\/a> \u00e9 formado por pessoas que entendem sobre a import\u00e2ncia de um projeto desenvolvido com seguran\u00e7a e profissionalismo. O valor de cada projeto n\u00e3o deve ser visto como um gasto, mas como um investimento em uma casa mais aconchegante, uma empresa mais acolhedora, um espa\u00e7o de conviv\u00eancia mais agrad\u00e1vel e pr\u00e1tico. E para realizar este tipo de trabalho, o cliente deve cercar-se de algumas garantias: entrega do resultado final fiel ao projeto aprovado, rigor no cumprimento e aplica\u00e7\u00e3o das regras t\u00e9cnicas, seguran\u00e7a na escolha dos materiais e prestadores de servi\u00e7o, prazo de entrega da obra ou reforma.<\/p>\n<p>Para oferecer, portanto, todas as garantias de que o cliente necessita para sentir-se seguro em contratar seus servi\u00e7os, a <a href=\"https:\/\/www.facebook.com\/haus.estudioo\" target=\"_blank\"><strong>HAUS<\/strong><\/a> proporciona a possibilidade de o cliente visualizar seu projeto arquitet\u00f4nico ou de decora\u00e7\u00e3o antes de mesmo que ele seja executado.<\/p>\n<p>Voc\u00ea j\u00e1 imaginou como seria se voc\u00ea pudesse caminhar pelos c\u00f4modos, interagir com uma TV, abrir a porta do arm\u00e1rio, trocar a cor do sof\u00e1 ou do piso em tempo real? O <a href=\"https:\/\/www.facebook.com\/haus.estudioo\" target=\"_blank\"><strong>Est\u00fadio Haus<\/strong><\/a> pensou! E isso \u00e9 poss\u00edvel por meio da moderna tecnologia que a empresa utiliza e que \u00e9 uma constante aliada da empresa. Atrav\u00e9s da realidade aumentada e da realidade virtual, o cliente pode experimentar as mudan\u00e7as em sua casa, apartamento ou empresa, interagir com suas escolhas e certificar-se de que o que lhe ser\u00e1 entregue condiz com cada uma das suas expectativas. Tudo isso \u00e9 produzido no <a href=\"https:\/\/www.facebook.com\/haus.estudioo\" target=\"_blank\"><strong>Est\u00fadio Haus<\/strong><\/a> para apresenta\u00e7\u00e3o dos projetos aos clientes e estes recursos s\u00e3o novidades do mercado que est\u00e3o chegando para ficar.<\/p>\n<p><img decoding=\"async\" src=\"http:\/\/aconteceunovale.com.br\/portal\/wp-content\/uploads\/2017\/09\/studio_haus_2.jpg\" alt=\"\" \/><em>Uso de realidade virtual e realidade aumentada para melhor visualiza\u00e7\u00e3o dos projetos (Foto: Divulga\u00e7\u00e3o\/Est\u00fadio HAUS)<\/em><br \/>\n<\/br><\/p>\n<p>E por falar em futuro, e se voc\u00ea pudesse controlar todos os equipamentos eletr\u00f4nicos da sua casa pelo seu celular? Parece coisa de fic\u00e7\u00e3o cient\u00edfica, mas a automa\u00e7\u00e3o se tornou mais popular com o barateamento dos computadores, e hoje pode ser aplicada dentro das casas a um pre\u00e7o bem inferior ao que antes era praticado. Percebendo esta caracter\u00edstica do mercado, o <a href=\"https:\/\/www.facebook.com\/haus.estudioo\" target=\"_blank\"><strong>Est\u00fadio Haus<\/strong><\/a> tamb\u00e9m sai na frente ao criar projetos de casas inteligentes, trazendo ainda mais conforto e praticidade para seus clientes.<\/p>\n<p>E n\u00e3o para por a\u00ed! Preocupados com a sustentabilidade e o meio ambiente, os tr\u00eas jovens gestores Ramon, Andr\u00e9 e Osnar prop\u00f5em, ainda, solu\u00e7\u00f5es que beneficiam o cliente e a natureza: produ\u00e7\u00e3o de energia renov\u00e1vel com pain\u00e9is fotovoltaicos, aquecimento de \u00e1gua por energia solar, climatiza\u00e7\u00e3o natural de ambientes, capta\u00e7\u00e3o e reservat\u00f3rio de \u00e1gua pluvial, etc. <\/p>\n<p>O que se percebe \u00e9 que o <a href=\"https:\/\/www.facebook.com\/haus.estudioo\" target=\"_blank\"><strong>Est\u00fadio Haus<\/strong><\/a> \u201cChegou chegando\u201d e promete movimentar toda a regi\u00e3o com seu trabalho vision\u00e1rio e inovador, que se destaca pela ousadia, sofistica\u00e7\u00e3o e tecnologia. <\/p>\n<p>Acompanhe o <a href=\"https:\/\/www.facebook.com\/haus.estudioo\" target=\"_blank\"><strong>Est\u00fadio Haus<\/strong><\/a> nas redes sociais e participe do sorteio de um Projeto de Interiores.<br \/>\n&#8211; <span style=\"text-decoration: underline;\"><span style=\"color: #333399;\"><a href=\"http:\/\/www.facebook.com\/haus.estudioo\" target=\"_blank\"><span style=\"color: #333399; text-decoration: underline;\">www.facebook.com\/haus.estudioo<\/span><\/a><\/span><\/span><br \/>\n&#8211; <span style=\"text-decoration: underline;\"><span style=\"color: #333399;\"><a href=\"http:\/\/www.instagram.com\/estudio.haus\" target=\"_blank\"><span style=\"color: #333399; text-decoration: underline;\">www.instagram.com\/estudio.haus<\/span><\/a><\/span><\/span><\/p>\n<p><\/br><\/p>\n","protected":false},"excerpt":{"rendered":"<p>Idealizado por 3 jovens empreendedores, o Est\u00fadio Haus surgiu a partir de um sonho profissional: oferecer ao mercado solu\u00e7\u00f5es inteligentes e sofisticadas nas \u00e1reas de Arquitetura, Engenharia, Design e Decora\u00e7\u00e3o. Ramon Phelype, Andr\u00e9 Lacerda e Osnar Fernandes s\u00e3o os respons\u00e1veis por trazer para as cidades do Vale \u2013 especialmente Capelinha, Itamarandiba, Diamantina e Carbonita \u2013 [&hellip;]<\/p>\n","protected":false},"author":1,"featured_media":121155,"comment_status":"open","ping_status":"closed","sticky":false,"template":"","format":"standard","meta":{"amp_status":"","footnotes":""},"categories":[120],"tags":[159411,159373,159397,159389,159381,159365,159363,132,557,159376,159400,159392,159384,159368,159375,159399,159391,159383,159367,1018,198,159377,159401,159393,159385,159369,159380,159404,159396,159388,159372,159379,159403,159395,159387,159371,159378,159402,159394,159386,159370,159374,159398,159390,159382,159366,159405,159406,159409,159407,159408,149,159412,159413,159410,159364],"class_list":["post-121150","post","type-post","status-publish","format-standard","has-post-thumbnail","hentry","category-jequi","tag-andre-lacerda","tag-arquitetura-em-capelinha","tag-arquitetura-em-carbonita","tag-arquitetura-em-diamantina","tag-arquitetura-em-itamarandiba","tag-arquitetura-no-vale-do-jequitinhonha","tag-as-cidades-do-vale-ganham-empresa-dirigida-por-jovens-que-promete-revolucionar-os-setores-de-arquitetura-engenharia-design-e-decoracao","tag-capelinha","tag-carbonita","tag-decoracao-em-capelinha","tag-decoracao-em-carbonita","tag-decoracao-em-diamantina","tag-decoracao-em-itamarandiba","tag-decoracao-no-vale-do-jequitinhonha","tag-design-em-capelinha","tag-design-em-carbonita","tag-design-em-diamantina","tag-design-em-itamarandiba","tag-design-no-vale-do-jequitinhonha","tag-destaque","tag-diamantina","tag-empresa-de-arquitetura-em-capelinha","tag-empresa-de-arquitetura-em-carbonita","tag-empresa-de-arquitetura-em-diamantina","tag-empresa-de-arquitetura-em-itamarandiba","tag-empresa-de-arquitetura-no-vale-do-jequitinhonha","tag-empresa-de-decoracao-em-capelinha","tag-empresa-de-decoracao-em-carbonita","tag-empresa-de-decoracao-em-diamantina","tag-empresa-de-decoracao-em-itamarandiba","tag-empresa-de-decoracao-no-vale-do-jequitinhonha","tag-empresa-de-design-em-capelinha","tag-empresa-de-design-em-carbonita","tag-empresa-de-design-em-diamantina","tag-empresa-de-design-em-itamarandiba","tag-empresa-de-design-no-vale-do-jequitinhonha","tag-empresa-de-engenharia-em-capelinha","tag-empresa-de-engenharia-em-carbonita","tag-empresa-de-engenharia-em-diamantina","tag-empresa-de-engenharia-em-itamarandiba","tag-empresa-de-engenharia-no-vale-do-jequitinhonha","tag-engenharia-em-capelinha","tag-engenharia-em-carbonita","tag-engenharia-em-diamantina","tag-engenharia-em-itamarandiba","tag-engenharia-no-vale-do-jequitinhonha","tag-estudio-haus","tag-estudio-haus-capelinha","tag-estudio-haus-carbonita","tag-estudio-haus-diamantina","tag-estudio-haus-itamarandiba","tag-itamarandiba","tag-osnar-fernandes","tag-projeto-de-interiores-desenvolvido-para-uma-cozinha-moderna-e-sofisticada","tag-ramon-phelype","tag-vale-do-jequitinhonha-ganha-empresa-que-promete-revolucionar-os-setores-de-arquitetura"],"_links":{"self":[{"href":"https:\/\/aconteceunovale.com.br\/portal\/index.php?rest_route=\/wp\/v2\/posts\/121150","targetHints":{"allow":["GET"]}}],"collection":[{"href":"https:\/\/aconteceunovale.com.br\/portal\/index.php?rest_route=\/wp\/v2\/posts"}],"about":[{"href":"https:\/\/aconteceunovale.com.br\/portal\/index.php?rest_route=\/wp\/v2\/types\/post"}],"author":[{"embeddable":true,"href":"https:\/\/aconteceunovale.com.br\/portal\/index.php?rest_route=\/wp\/v2\/users\/1"}],"replies":[{"embeddable":true,"href":"https:\/\/aconteceunovale.com.br\/portal\/index.php?rest_route=%2Fwp%2Fv2%2Fcomments&post=121150"}],"version-history":[{"count":0,"href":"https:\/\/aconteceunovale.com.br\/portal\/index.php?rest_route=\/wp\/v2\/posts\/121150\/revisions"}],"wp:featuredmedia":[{"embeddable":true,"href":"https:\/\/aconteceunovale.com.br\/portal\/index.php?rest_route=\/wp\/v2\/media\/121155"}],"wp:attachment":[{"href":"https:\/\/aconteceunovale.com.br\/portal\/index.php?rest_route=%2Fwp%2Fv2%2Fmedia&parent=121150"}],"wp:term":[{"taxonomy":"category","embeddable":true,"href":"https:\/\/aconteceunovale.com.br\/portal\/index.php?rest_route=%2Fwp%2Fv2%2Fcategories&post=121150"},{"taxonomy":"post_tag","embeddable":true,"href":"https:\/\/aconteceunovale.com.br\/portal\/index.php?rest_route=%2Fwp%2Fv2%2Ftags&post=121150"}],"curies":[{"name":"wp","href":"https:\/\/api.w.org\/{rel}","templated":true}]}}