{"id":121140,"date":"2017-09-05T12:24:57","date_gmt":"2017-09-05T14:24:57","guid":{"rendered":"http:\/\/aconteceunovale.com.br\/portal\/?p=121140"},"modified":"2017-09-05T12:24:57","modified_gmt":"2017-09-05T14:24:57","slug":"governador-entrega-milesimo-titulo-de-propriedade-rural-a-beneficiaria-do-municipio-de-setubinha","status":"publish","type":"post","link":"https:\/\/aconteceunovale.com.br\/portal\/?p=121140","title":{"rendered":"Governador entrega mil\u00e9simo t\u00edtulo de propriedade rural a benefici\u00e1ria do munic\u00edpio de Setubinha"},"content":{"rendered":"<p>O anivers\u00e1rio de 68 anos foi comemorado h\u00e1 poucos meses, mas o presente mais esperado por dona Maria Ferreira dos Santos, nos \u00faltimos 30 anos, chegou neste m\u00eas de setembro: o t\u00edtulo de propriedade rural de seu terreno. O documento \u2013 o mil\u00e9simo t\u00edtulo do programa de regulariza\u00e7\u00e3o fundi\u00e1ria rural do Governo de Minas Gerais \u2013 foi entregue pelo governador Fernando Pimentel durante visita, nessa segunda-feira (4\/9), ao terreno de dona Maria, no C\u00f3rrego Jurema, comunidade rural de Setubinha, no Territ\u00f3rio Mucuri.<\/p>\n<p>O governador chegou acompanhado do secret\u00e1rio de Estado de Desenvolvimento Agr\u00e1rio, Professor Neivaldo, e do prefeito municipal, Warlim Barbosa. Conheceu a casa, conversou com os familiares e experimentou alguns quitutes preparados pela matriarca da fam\u00edlia.<\/p>\n<p>\u201c\u201dMuito contente pela entrega. Logo no in\u00edcio da minha gest\u00e3o retomamos um programa de regulariza\u00e7\u00e3o fundi\u00e1ria que estava parado. Para os agricultores familiares que moram e trabalham em terras sem registro, o avan\u00e7o \u00e9 muito importante\u201d, disse Fernando Pimentel, referindo-se ao programa executado por meio da Secretaria de Estado de Desenvolvimento Agr\u00e1rio (Seda).<\/p>\n<p>Dona Maria fez cadastro em mutir\u00e3o organizado pela Seda, teve sua documenta\u00e7\u00e3o analisada, a terra medida e t\u00edtulo emitido. \u201cEu fico muito alegre com tudo isso. Quando a terra n\u00e3o \u00e9 medida e n\u00e3o tem o t\u00edtulo, ela \u00e9 do Estado. Agora que eu tenho o documento quero ver quem tira\u201d, conta, aliviada.<\/p>\n<p>A regulariza\u00e7\u00e3o da \u00e1rea de cerca de quatro hectares, onde mora com o marido Vitoriano, cinco filhos e sete netos, vai trazer tamb\u00e9m mais seguran\u00e7a para a fam\u00edlia. \u201cAgora vou ter mais tranquilidade e sei que quando eu morrer vai ter um lugar garantido para os meus filhos, porque a morte \u00e9 mais certa que a vida, n\u00e9?\u201d, completa dona Maria.<\/p>\n<p>Desde a retomada do programa, em 2015, at\u00e9 agosto, j\u00e1 foram emitidos cerca de 1.500 t\u00edtulos de propriedades rurais, dos quais 1.325 j\u00e1 foram entregues. No per\u00edodo entre 2012 e 2014, em todo o estado, haviam sido entregues apenas 50 t\u00edtulos.<\/p>\n<p><img decoding=\"async\" src=\"http:\/\/aconteceunovale.com.br\/portal\/wp-content\/uploads\/2017\/09\/pimentel_setubinha_1.jpg\" alt=\"\" \/><em>Pimentel visita o C\u00f3rrego Jurema, em Setubinha (Gil Leonardi\/Imprensa MG)<\/em><br \/>\n<\/br><\/p>\n<p><strong>Refer\u00eancia nacional<\/strong><\/p>\n<p>O secret\u00e1rio Professor Neivaldo lembra que o programa mineiro de regulariza\u00e7\u00e3o \u00e9 uma refer\u00eancia nacional. \u201cAl\u00e9m de realizamos o processo com transpar\u00eancia, temos cerca de 5 mil hectares de \u00e1reas inclu\u00eddos gratuitamente no Sistema de Gest\u00e3o Fundi\u00e1ria (Sigef), coordenado pelo Incra. Isso vem gerando interesse de outros estados, que j\u00e1 manifestaram interesse em copiar nosso programa\u201d, conta.<\/p>\n<p><strong>10envolver<\/strong><\/p>\n<p>Com 70% da popula\u00e7\u00e3o residindo na zona rural, Setubinha \u00e9 o primeiro munic\u00edpio do Projeto 10envolver a receber os t\u00edtulos de propriedade rural.  A atividade \u00e9 uma parceria do Governo de Minas Gerais, por meio da Seda, com a Coordenadoria de Inclus\u00e3o e Mobiliza\u00e7\u00e3o Sociais (Cimos) do Minist\u00e9rio P\u00fablico do Estado de Minas Gerais (MPMG), idealizadora do projeto.<\/p>\n<p>O objetivo \u00e9 contribuir para a melhoria da qualidade de vida nos dez munic\u00edpios mineiros com o menor \u00cdndice de Desenvolvimento Humano (IDH). Uma das a\u00e7\u00f5es propostas \u00e9 a quest\u00e3o do reordenamento agr\u00e1rio. Al\u00e9m de Setubinha, benefici\u00e1rios de Serran\u00f3polis de Minas tamb\u00e9m j\u00e1 receberam o t\u00edtulo.<\/p>\n<p><strong>Fotos<\/strong><\/p>\n<p><img decoding=\"async\" src=\"http:\/\/aconteceunovale.com.br\/portal\/wp-content\/uploads\/2017\/09\/pimentel_setubinha_2.jpg\" alt=\"\" \/><\/p>\n<p><img decoding=\"async\" src=\"http:\/\/aconteceunovale.com.br\/portal\/wp-content\/uploads\/2017\/09\/pimentel_setubinha_3.jpg\" alt=\"\" \/><\/p>\n<p><img decoding=\"async\" src=\"http:\/\/aconteceunovale.com.br\/portal\/wp-content\/uploads\/2017\/09\/pimentel_setubinha_4.jpg\" alt=\"\" \/><\/p>\n<p><img decoding=\"async\" src=\"http:\/\/aconteceunovale.com.br\/portal\/wp-content\/uploads\/2017\/09\/pimentel_setubinha_5.jpg\" alt=\"\" \/><\/p>\n<p><img decoding=\"async\" src=\"http:\/\/aconteceunovale.com.br\/portal\/wp-content\/uploads\/2017\/09\/pimentel_setubinha_6.jpg\" alt=\"\" \/><\/p>\n<p><img decoding=\"async\" src=\"http:\/\/aconteceunovale.com.br\/portal\/wp-content\/uploads\/2017\/09\/pimentel_setubinha_7.jpg\" alt=\"\" \/><br \/>\n<\/br><\/p>\n<p><strong>VER PRIMEIRO<\/strong><\/p>\n<p>Receba as not\u00edcias do Aconteceu no Vale em primeira m\u00e3o. Clique em curtir no endere\u00e7o <a href=\"https:\/\/www.facebook.com\/aconteceunovale\" target=\"_blank\"><font color=\"red\">www.facebook.com\/aconteceunovale<\/font><\/a> ou no box abaixo:<\/p>\n<div class=\"fb-like\" data-href=\"https:\/\/www.facebook.com\/aconteceunovale\" data-width=\"120\" data-layout=\"standard\" data-action=\"like\" data-size=\"small\" data-show-faces=\"true\" data-share=\"true\"><\/div>\n<p><\/br><\/p>\n<p><em>(Fonte: Ag\u00eancia Minas \/ Cr\u00e9ditos fotos: Gil Leonardi\/Imprensa MG)<\/em><\/p>\n","protected":false},"excerpt":{"rendered":"<p>O anivers\u00e1rio de 68 anos foi comemorado h\u00e1 poucos meses, mas o presente mais esperado por dona Maria Ferreira dos Santos, nos \u00faltimos 30 anos, chegou neste m\u00eas de setembro: o t\u00edtulo de propriedade rural de seu terreno. O documento \u2013 o mil\u00e9simo t\u00edtulo do programa de regulariza\u00e7\u00e3o fundi\u00e1ria rural do Governo de Minas Gerais [&hellip;]<\/p>\n","protected":false},"author":1,"featured_media":121141,"comment_status":"open","ping_status":"closed","sticky":false,"template":"","format":"standard","meta":{"amp_status":"","footnotes":""},"categories":[122],"tags":[159360,1018,12826,159355,159354,159362,159357,159358,159356,93855,91166,159359,168,159361],"class_list":["post-121140","post","type-post","status-publish","format-standard","has-post-thumbnail","hentry","category-mucuri","tag-corrego-jurema","tag-destaque","tag-fernando-pimentel","tag-fernando-pimentel-em-setubinha","tag-fernando-pimentel-entrega-milesimo-titulo-de-propriedade-rural-a-beneficiaria-do-municipio-de-setubinha","tag-governador-entrega-milesimo-titulo-de-propriedade-rural-a-beneficiaria-do-municipio-de-setubinha","tag-maria-ferreira-dos-santos","tag-milesimo-titulo-do-programa-de-regularizacao-fundiaria-rural-do-governo-de-minas-gerais","tag-pimentel-em-setubinha","tag-professor-neivaldo","tag-projeto-10envolver","tag-regularizacao-fundiaria-rural-do-governo-de-minas-gerais","tag-setubinha","tag-warlim-barbosa"],"_links":{"self":[{"href":"https:\/\/aconteceunovale.com.br\/portal\/index.php?rest_route=\/wp\/v2\/posts\/121140","targetHints":{"allow":["GET"]}}],"collection":[{"href":"https:\/\/aconteceunovale.com.br\/portal\/index.php?rest_route=\/wp\/v2\/posts"}],"about":[{"href":"https:\/\/aconteceunovale.com.br\/portal\/index.php?rest_route=\/wp\/v2\/types\/post"}],"author":[{"embeddable":true,"href":"https:\/\/aconteceunovale.com.br\/portal\/index.php?rest_route=\/wp\/v2\/users\/1"}],"replies":[{"embeddable":true,"href":"https:\/\/aconteceunovale.com.br\/portal\/index.php?rest_route=%2Fwp%2Fv2%2Fcomments&post=121140"}],"version-history":[{"count":0,"href":"https:\/\/aconteceunovale.com.br\/portal\/index.php?rest_route=\/wp\/v2\/posts\/121140\/revisions"}],"wp:featuredmedia":[{"embeddable":true,"href":"https:\/\/aconteceunovale.com.br\/portal\/index.php?rest_route=\/wp\/v2\/media\/121141"}],"wp:attachment":[{"href":"https:\/\/aconteceunovale.com.br\/portal\/index.php?rest_route=%2Fwp%2Fv2%2Fmedia&parent=121140"}],"wp:term":[{"taxonomy":"category","embeddable":true,"href":"https:\/\/aconteceunovale.com.br\/portal\/index.php?rest_route=%2Fwp%2Fv2%2Fcategories&post=121140"},{"taxonomy":"post_tag","embeddable":true,"href":"https:\/\/aconteceunovale.com.br\/portal\/index.php?rest_route=%2Fwp%2Fv2%2Ftags&post=121140"}],"curies":[{"name":"wp","href":"https:\/\/api.w.org\/{rel}","templated":true}]}}