{"id":121125,"date":"2017-09-05T10:50:32","date_gmt":"2017-09-05T12:50:32","guid":{"rendered":"http:\/\/aconteceunovale.com.br\/portal\/?p=121125"},"modified":"2017-09-05T10:50:32","modified_gmt":"2017-09-05T12:50:32","slug":"edital-da-lei-estadual-de-incentivo-a-cultura-2017-destina-valor-recorde-a-projetos-e-abre-leque-no-interior","status":"publish","type":"post","link":"https:\/\/aconteceunovale.com.br\/portal\/?p=121125","title":{"rendered":"Edital da Lei Estadual de Incentivo \u00e0 Cultura 2017 destina valor recorde a projetos e abre leque no interior"},"content":{"rendered":"<p>Termina no final deste m\u00eas, em 30 de setembro, o prazo para inscri\u00e7\u00e3o no edital da Lei Estadual de incentivo \u00e0 Cultura 2017. Nesta edi\u00e7\u00e3o, ser\u00e3o concedidos R$ 92,3 milh\u00f5es em incentivos, o maior valor j\u00e1 registrado em toda a hist\u00f3ria da lei. A quantia chega a ser cerca de quatro vezes maior do que o montante investido em 2016, quando foram destinados R$ 22,5 milh\u00f5es.<\/p>\n<p>Com o montante recorde, o objetivo do Governo de Minas Gerais \u00e9 apoiar ainda mais projetos advindos do interior do estado, seguindo a tend\u00eancia de 2016, quando propostas oriundas de fora da capital receberam 56% de todo os recursos investidos, o maior percentual desde 1998, ano da primeira edi\u00e7\u00e3o do mecanismo de fomento.<\/p>\n<p>Para assegurar esse investimento crescente no interior, entre os crit\u00e9rios avaliados nesta edi\u00e7\u00e3o do edital est\u00e3o a democratiza\u00e7\u00e3o e a territorializa\u00e7\u00e3o, que garantem a destina\u00e7\u00e3o de 45% da verba total &#8211; R$ 41,5 milh\u00f5es &#8211; a projetos de proponentes de fora da capital.<\/p>\n<p>\u201cVamos investir sim o maior valor que esse estado, em toda a sua hist\u00f3ria, j\u00e1 investiu no setor cultural. O que n\u00e3o falta em Minas Gerais \u00e9 arte, isso faz parte da nossa hist\u00f3ria. N\u00f3s estamos trabalhando fortemente para que Minas Gerais se torne o maior polo audiovisual do Brasil e posicionar Minas Gerais j\u00e1 com o p\u00e9 no futuro\u201d, enfatizou o governador Fernando Pimentel durante o lan\u00e7amento do edital em maio deste ano.<\/p>\n<p>\u201cConseguimos o maior montante j\u00e1 liberado para capta\u00e7\u00e3o de recursos em um momento de dificuldades. Cultura \u00e9 prioridade, cultura \u00e9 fundamental para a cidadania e o desenvolvimento socioecon\u00f4mico, cultural e pol\u00edtico do nosso estado\u201d, afirmou o secret\u00e1rio de Cultura, Angelo Oswaldo, tamb\u00e9m no lan\u00e7amento do edital.<\/p>\n<p><strong>Sobre o edital<\/strong><\/p>\n<p>O edital, coordenado pela\u00a0Secretaria de Cultura, visa viabilizar a realiza\u00e7\u00e3o de projetos culturais por meio de recursos da Lei Estadual de Incentivo \u00e0 Cultura via ren\u00fancia fiscal atrelada ao Imposto sobre Circula\u00e7\u00e3o de Mercadorias e Servi\u00e7os (ICMS). O formato foi constru\u00eddo ap\u00f3s consulta p\u00fablica e di\u00e1logo com o Conselho Estadual de Pol\u00edtica Cultural.<\/p>\n<p>Os projetos inscritos passam por verifica\u00e7\u00e3o documental realizada pela Secretaria de Cultura. Posteriormente, a an\u00e1lise do crit\u00e9rio art\u00edstico-cultural ser\u00e1 feita pela Comiss\u00e3o T\u00e9cnica de An\u00e1lise de Projetos, composta paritariamente por representantes do poder p\u00fablico e sociedade civil.<\/p>\n<p>Na etapa seguinte, as propostas selecionadas recebem a Autoriza\u00e7\u00e3o de Capta\u00e7\u00e3o. Somente ap\u00f3s essa etapa os proponentes devem realizar a capta\u00e7\u00e3o de recursos, bem como providenciar a emiss\u00e3o de sua Declara\u00e7\u00e3o de Incentivo.<\/p>\n<p>Dentre as novidades, destaca-se que cada uma das oito categorias art\u00edsticas contempladas pelo edital conta com montante de recursos previamente estabelecido, de forma a garantir uma melhor distribui\u00e7\u00e3o dos mesmos a projetos com perfis diferentes, evitando a concentra\u00e7\u00e3o da verba em propostas similares.<\/p>\n<p>Entre as categorias tamb\u00e9m h\u00e1 novidades: cria\u00e7\u00e3o art\u00edstica e novos artistas; circula\u00e7\u00e3o de manifesta\u00e7\u00f5es culturais, oficinas e forma\u00e7\u00e3o cultural, e eventos com no m\u00ednimo tr\u00eas edi\u00e7\u00f5es.<\/p>\n<p>Mais informa\u00e7\u00f5es sobre o edital 2017 podem ser obtidas no site da Secretaria de Cultura (<span style=\"text-decoration: underline;\"><span style=\"color: #ff0000;\"><a href=\"http:\/\/www.cultura.mg.gov.br\/\"><span style=\"color: #ff0000; text-decoration: underline;\">www.cultura.mg.gov.br<\/span><\/a><\/span><\/span>).<\/p>\n<p><strong>VER PRIMEIRO<\/strong><\/p>\n<p>Receba as not\u00edcias do Aconteceu no Vale em primeira m\u00e3o. Clique em curtir no endere\u00e7o <a href=\"https:\/\/www.facebook.com\/aconteceunovale\" target=\"_blank\"><font color=\"red\">www.facebook.com\/aconteceunovale<\/font><\/a> ou no box abaixo:<\/p>\n<div class=\"fb-like\" data-href=\"https:\/\/www.facebook.com\/aconteceunovale\" data-width=\"120\" data-layout=\"standard\" data-action=\"like\" data-size=\"small\" data-show-faces=\"true\" data-share=\"true\"><\/div>\n<p><\/br><\/p>\n<p><em>(Fonte: Ag\u00eancia Minas)<\/em><\/p>\n","protected":false},"excerpt":{"rendered":"<p>Termina no final deste m\u00eas, em 30 de setembro, o prazo para inscri\u00e7\u00e3o no edital da Lei Estadual de incentivo \u00e0 Cultura 2017. Nesta edi\u00e7\u00e3o, ser\u00e3o concedidos R$ 92,3 milh\u00f5es em incentivos, o maior valor j\u00e1 registrado em toda a hist\u00f3ria da lei. A quantia chega a ser cerca de quatro vezes maior do que [&hellip;]<\/p>\n","protected":false},"author":1,"featured_media":121126,"comment_status":"open","ping_status":"closed","sticky":false,"template":"","format":"standard","meta":{"amp_status":"","footnotes":""},"categories":[123],"tags":[151023,159309,159308,151024,151025,159310,151027,159311],"class_list":["post-121125","post","type-post","status-publish","format-standard","has-post-thumbnail","hentry","category-gerais","tag-edital-da-lei-estadual-de-incentivo-a-cultura-2017","tag-edital-da-lei-estadual-de-incentivo-a-cultura-2017-destina-cerca-de-r-92-milhoes","tag-edital-da-lei-estadual-de-incentivo-a-cultura-2017-destina-valor-recorde-a-projetos-e-abre-leque-no-interior","tag-incentivo-a-cultura","tag-incentivo-a-cultura-em-minas-gerais","tag-lei-estadual-de-incentivo-a-cultura-2017","tag-recursos-para-cultura-em-minas-gerais","tag-verba-para-cultura-em-minas-gerais"],"yoast_head":"<!-- This site is optimized with the Yoast SEO plugin v28.3 - https:\/\/yoast.com\/product\/yoast-seo-wordpress\/ -->\n<title>Edital da Lei Estadual de Incentivo \u00e0 Cultura 2017 destina valor recorde a projetos e abre leque no interior - Aconteceu no Vale<\/title>\n<meta name=\"robots\" content=\"index, follow, max-snippet:-1, max-image-preview:large, max-video-preview:-1\" \/>\n<link rel=\"canonical\" href=\"https:\/\/aconteceunovale.com.br\/portal\/?p=121125\" \/>\n<meta property=\"og:locale\" content=\"pt_BR\" \/>\n<meta property=\"og:type\" content=\"article\" \/>\n<meta property=\"og:title\" content=\"Edital da Lei Estadual de Incentivo \u00e0 Cultura 2017 destina valor recorde a projetos e abre leque no interior - Aconteceu no Vale\" \/>\n<meta property=\"og:description\" content=\"Termina no final deste m\u00eas, em 30 de setembro, o prazo para inscri\u00e7\u00e3o no edital da Lei Estadual de incentivo \u00e0 Cultura 2017. Nesta edi\u00e7\u00e3o, ser\u00e3o concedidos R$ 92,3 milh\u00f5es em incentivos, o maior valor j\u00e1 registrado em toda a hist\u00f3ria da lei. A quantia chega a ser cerca de quatro vezes maior do que [&hellip;]\" \/>\n<meta property=\"og:url\" content=\"https:\/\/aconteceunovale.com.br\/portal\/?p=121125\" \/>\n<meta property=\"og:site_name\" content=\"Aconteceu no Vale\" \/>\n<meta property=\"article:publisher\" content=\"https:\/\/www.facebook.com\/aconteceunovale\/\" \/>\n<meta property=\"article:published_time\" content=\"2017-09-05T12:50:32+00:00\" \/>\n<meta property=\"og:image\" content=\"https:\/\/aconteceunovale.com.br\/portal\/wp-content\/uploads\/2017\/09\/edital_cultura_mg.jpg\" \/>\n\t<meta property=\"og:image:width\" content=\"598\" \/>\n\t<meta property=\"og:image:height\" content=\"350\" \/>\n\t<meta property=\"og:image:type\" content=\"image\/jpeg\" \/>\n<meta name=\"author\" content=\"Aconteceu no Vale\" \/>\n<meta name=\"twitter:card\" content=\"summary_large_image\" \/>\n<meta name=\"twitter:creator\" content=\"@noticiadosvales\" \/>\n<meta name=\"twitter:site\" content=\"@noticiadosvales\" \/>\n<meta name=\"twitter:label1\" content=\"Escrito por\" \/>\n\t<meta name=\"twitter:data1\" content=\"Aconteceu no Vale\" \/>\n\t<meta name=\"twitter:label2\" content=\"Est. tempo de leitura\" \/>\n\t<meta name=\"twitter:data2\" content=\"3 minutos\" \/>\n<script type=\"application\/ld+json\" class=\"yoast-schema-graph\">{\"@context\":\"https:\\\/\\\/schema.org\",\"@graph\":[{\"@type\":\"Article\",\"@id\":\"https:\\\/\\\/aconteceunovale.com.br\\\/portal\\\/?p=121125#article\",\"isPartOf\":{\"@id\":\"https:\\\/\\\/aconteceunovale.com.br\\\/portal\\\/?p=121125\"},\"author\":{\"name\":\"Aconteceu no Vale\",\"@id\":\"https:\\\/\\\/aconteceunovale.com.br\\\/portal\\\/#\\\/schema\\\/person\\\/633529146f2c94272bef50ac2953d589\"},\"headline\":\"Edital da Lei Estadual de Incentivo \u00e0 Cultura 2017 destina valor recorde a projetos e abre leque no interior\",\"datePublished\":\"2017-09-05T12:50:32+00:00\",\"mainEntityOfPage\":{\"@id\":\"https:\\\/\\\/aconteceunovale.com.br\\\/portal\\\/?p=121125\"},\"wordCount\":593,\"commentCount\":0,\"image\":{\"@id\":\"https:\\\/\\\/aconteceunovale.com.br\\\/portal\\\/?p=121125#primaryimage\"},\"thumbnailUrl\":\"https:\\\/\\\/aconteceunovale.com.br\\\/portal\\\/wp-content\\\/uploads\\\/2017\\\/09\\\/edital_cultura_mg.jpg\",\"keywords\":[\"Edital da Lei Estadual de Incentivo \u00e0 Cultura 2017\",\"Edital da Lei Estadual de Incentivo \u00e0 Cultura 2017 destina cerca de R$ 92 milh\u00f5es\",\"Edital da Lei Estadual de Incentivo \u00e0 Cultura 2017 destina valor recorde a projetos e abre leque no interior\",\"Incentivo \u00e0 Cultura\",\"Incentivo \u00e0 Cultura em Minas Gerais\",\"Lei Estadual de Incentivo \u00e0 Cultura 2017\",\"Recursos para cultura em Minas Gerais\",\"Verba para cultura em Minas Gerais\"],\"articleSection\":[\"Minas Gerais\"],\"inLanguage\":\"pt-BR\",\"potentialAction\":[{\"@type\":\"CommentAction\",\"name\":\"Comment\",\"target\":[\"https:\\\/\\\/aconteceunovale.com.br\\\/portal\\\/?p=121125#respond\"]}]},{\"@type\":\"WebPage\",\"@id\":\"https:\\\/\\\/aconteceunovale.com.br\\\/portal\\\/?p=121125\",\"url\":\"https:\\\/\\\/aconteceunovale.com.br\\\/portal\\\/?p=121125\",\"name\":\"Edital da Lei Estadual de Incentivo \u00e0 Cultura 2017 destina valor recorde a projetos e abre leque no interior - Aconteceu no Vale\",\"isPartOf\":{\"@id\":\"https:\\\/\\\/aconteceunovale.com.br\\\/portal\\\/#website\"},\"primaryImageOfPage\":{\"@id\":\"https:\\\/\\\/aconteceunovale.com.br\\\/portal\\\/?p=121125#primaryimage\"},\"image\":{\"@id\":\"https:\\\/\\\/aconteceunovale.com.br\\\/portal\\\/?p=121125#primaryimage\"},\"thumbnailUrl\":\"https:\\\/\\\/aconteceunovale.com.br\\\/portal\\\/wp-content\\\/uploads\\\/2017\\\/09\\\/edital_cultura_mg.jpg\",\"datePublished\":\"2017-09-05T12:50:32+00:00\",\"author\":{\"@id\":\"https:\\\/\\\/aconteceunovale.com.br\\\/portal\\\/#\\\/schema\\\/person\\\/633529146f2c94272bef50ac2953d589\"},\"breadcrumb\":{\"@id\":\"https:\\\/\\\/aconteceunovale.com.br\\\/portal\\\/?p=121125#breadcrumb\"},\"inLanguage\":\"pt-BR\",\"potentialAction\":[{\"@type\":\"ReadAction\",\"target\":[\"https:\\\/\\\/aconteceunovale.com.br\\\/portal\\\/?p=121125\"]}]},{\"@type\":\"ImageObject\",\"inLanguage\":\"pt-BR\",\"@id\":\"https:\\\/\\\/aconteceunovale.com.br\\\/portal\\\/?p=121125#primaryimage\",\"url\":\"https:\\\/\\\/aconteceunovale.com.br\\\/portal\\\/wp-content\\\/uploads\\\/2017\\\/09\\\/edital_cultura_mg.jpg\",\"contentUrl\":\"https:\\\/\\\/aconteceunovale.com.br\\\/portal\\\/wp-content\\\/uploads\\\/2017\\\/09\\\/edital_cultura_mg.jpg\",\"width\":598,\"height\":350},{\"@type\":\"BreadcrumbList\",\"@id\":\"https:\\\/\\\/aconteceunovale.com.br\\\/portal\\\/?p=121125#breadcrumb\",\"itemListElement\":[{\"@type\":\"ListItem\",\"position\":1,\"name\":\"In\u00edcio\",\"item\":\"https:\\\/\\\/aconteceunovale.com.br\\\/portal\\\/\"},{\"@type\":\"ListItem\",\"position\":2,\"name\":\"Edital da Lei Estadual de Incentivo \u00e0 Cultura 2017 destina valor recorde a projetos e abre leque no interior\"}]},{\"@type\":\"WebSite\",\"@id\":\"https:\\\/\\\/aconteceunovale.com.br\\\/portal\\\/#website\",\"url\":\"https:\\\/\\\/aconteceunovale.com.br\\\/portal\\\/\",\"name\":\"Aconteceu no Vale\",\"description\":\"Portal de Not\u00edcias\",\"potentialAction\":[{\"@type\":\"SearchAction\",\"target\":{\"@type\":\"EntryPoint\",\"urlTemplate\":\"https:\\\/\\\/aconteceunovale.com.br\\\/portal\\\/?s={search_term_string}\"},\"query-input\":{\"@type\":\"PropertyValueSpecification\",\"valueRequired\":true,\"valueName\":\"search_term_string\"}}],\"inLanguage\":\"pt-BR\"},{\"@type\":\"Person\",\"@id\":\"https:\\\/\\\/aconteceunovale.com.br\\\/portal\\\/#\\\/schema\\\/person\\\/633529146f2c94272bef50ac2953d589\",\"name\":\"Aconteceu no Vale\",\"description\":\"Equipe de reportagem do Aconteceu no Vale, portal de not\u00edcias do Vale do Jequitinhonha, em Minas Gerais. Cobrimos as 51 cidades do Vale desde 2013. Sugest\u00f5es de pauta e pedidos de corre\u00e7\u00e3o: contato@aconteceunovale.com.br\",\"sameAs\":[\"http:\\\/\\\/www.aconteceunovale.com.br\"],\"url\":\"https:\\\/\\\/aconteceunovale.com.br\\\/portal\\\/?author=1\"}]}<\/script>\n<!-- \/ Yoast SEO plugin. -->","yoast_head_json":{"title":"Edital da Lei Estadual de Incentivo \u00e0 Cultura 2017 destina valor recorde a projetos e abre leque no interior - Aconteceu no Vale","robots":{"index":"index","follow":"follow","max-snippet":"max-snippet:-1","max-image-preview":"max-image-preview:large","max-video-preview":"max-video-preview:-1"},"canonical":"https:\/\/aconteceunovale.com.br\/portal\/?p=121125","og_locale":"pt_BR","og_type":"article","og_title":"Edital da Lei Estadual de Incentivo \u00e0 Cultura 2017 destina valor recorde a projetos e abre leque no interior - Aconteceu no Vale","og_description":"Termina no final deste m\u00eas, em 30 de setembro, o prazo para inscri\u00e7\u00e3o no edital da Lei Estadual de incentivo \u00e0 Cultura 2017. Nesta edi\u00e7\u00e3o, ser\u00e3o concedidos R$ 92,3 milh\u00f5es em incentivos, o maior valor j\u00e1 registrado em toda a hist\u00f3ria da lei. A quantia chega a ser cerca de quatro vezes maior do que [&hellip;]","og_url":"https:\/\/aconteceunovale.com.br\/portal\/?p=121125","og_site_name":"Aconteceu no Vale","article_publisher":"https:\/\/www.facebook.com\/aconteceunovale\/","article_published_time":"2017-09-05T12:50:32+00:00","og_image":[{"width":598,"height":350,"url":"https:\/\/aconteceunovale.com.br\/portal\/wp-content\/uploads\/2017\/09\/edital_cultura_mg.jpg","type":"image\/jpeg"}],"author":"Aconteceu no Vale","twitter_card":"summary_large_image","twitter_creator":"@noticiadosvales","twitter_site":"@noticiadosvales","twitter_misc":{"Escrito por":"Aconteceu no Vale","Est. tempo de leitura":"3 minutos"},"schema":{"@context":"https:\/\/schema.org","@graph":[{"@type":"Article","@id":"https:\/\/aconteceunovale.com.br\/portal\/?p=121125#article","isPartOf":{"@id":"https:\/\/aconteceunovale.com.br\/portal\/?p=121125"},"author":{"name":"Aconteceu no Vale","@id":"https:\/\/aconteceunovale.com.br\/portal\/#\/schema\/person\/633529146f2c94272bef50ac2953d589"},"headline":"Edital da Lei Estadual de Incentivo \u00e0 Cultura 2017 destina valor recorde a projetos e abre leque no interior","datePublished":"2017-09-05T12:50:32+00:00","mainEntityOfPage":{"@id":"https:\/\/aconteceunovale.com.br\/portal\/?p=121125"},"wordCount":593,"commentCount":0,"image":{"@id":"https:\/\/aconteceunovale.com.br\/portal\/?p=121125#primaryimage"},"thumbnailUrl":"https:\/\/aconteceunovale.com.br\/portal\/wp-content\/uploads\/2017\/09\/edital_cultura_mg.jpg","keywords":["Edital da Lei Estadual de Incentivo \u00e0 Cultura 2017","Edital da Lei Estadual de Incentivo \u00e0 Cultura 2017 destina cerca de R$ 92 milh\u00f5es","Edital da Lei Estadual de Incentivo \u00e0 Cultura 2017 destina valor recorde a projetos e abre leque no interior","Incentivo \u00e0 Cultura","Incentivo \u00e0 Cultura em Minas Gerais","Lei Estadual de Incentivo \u00e0 Cultura 2017","Recursos para cultura em Minas Gerais","Verba para cultura em Minas Gerais"],"articleSection":["Minas Gerais"],"inLanguage":"pt-BR","potentialAction":[{"@type":"CommentAction","name":"Comment","target":["https:\/\/aconteceunovale.com.br\/portal\/?p=121125#respond"]}]},{"@type":"WebPage","@id":"https:\/\/aconteceunovale.com.br\/portal\/?p=121125","url":"https:\/\/aconteceunovale.com.br\/portal\/?p=121125","name":"Edital da Lei Estadual de Incentivo \u00e0 Cultura 2017 destina valor recorde a projetos e abre leque no interior - Aconteceu no Vale","isPartOf":{"@id":"https:\/\/aconteceunovale.com.br\/portal\/#website"},"primaryImageOfPage":{"@id":"https:\/\/aconteceunovale.com.br\/portal\/?p=121125#primaryimage"},"image":{"@id":"https:\/\/aconteceunovale.com.br\/portal\/?p=121125#primaryimage"},"thumbnailUrl":"https:\/\/aconteceunovale.com.br\/portal\/wp-content\/uploads\/2017\/09\/edital_cultura_mg.jpg","datePublished":"2017-09-05T12:50:32+00:00","author":{"@id":"https:\/\/aconteceunovale.com.br\/portal\/#\/schema\/person\/633529146f2c94272bef50ac2953d589"},"breadcrumb":{"@id":"https:\/\/aconteceunovale.com.br\/portal\/?p=121125#breadcrumb"},"inLanguage":"pt-BR","potentialAction":[{"@type":"ReadAction","target":["https:\/\/aconteceunovale.com.br\/portal\/?p=121125"]}]},{"@type":"ImageObject","inLanguage":"pt-BR","@id":"https:\/\/aconteceunovale.com.br\/portal\/?p=121125#primaryimage","url":"https:\/\/aconteceunovale.com.br\/portal\/wp-content\/uploads\/2017\/09\/edital_cultura_mg.jpg","contentUrl":"https:\/\/aconteceunovale.com.br\/portal\/wp-content\/uploads\/2017\/09\/edital_cultura_mg.jpg","width":598,"height":350},{"@type":"BreadcrumbList","@id":"https:\/\/aconteceunovale.com.br\/portal\/?p=121125#breadcrumb","itemListElement":[{"@type":"ListItem","position":1,"name":"In\u00edcio","item":"https:\/\/aconteceunovale.com.br\/portal\/"},{"@type":"ListItem","position":2,"name":"Edital da Lei Estadual de Incentivo \u00e0 Cultura 2017 destina valor recorde a projetos e abre leque no interior"}]},{"@type":"WebSite","@id":"https:\/\/aconteceunovale.com.br\/portal\/#website","url":"https:\/\/aconteceunovale.com.br\/portal\/","name":"Aconteceu no Vale","description":"Portal de Not\u00edcias","potentialAction":[{"@type":"SearchAction","target":{"@type":"EntryPoint","urlTemplate":"https:\/\/aconteceunovale.com.br\/portal\/?s={search_term_string}"},"query-input":{"@type":"PropertyValueSpecification","valueRequired":true,"valueName":"search_term_string"}}],"inLanguage":"pt-BR"},{"@type":"Person","@id":"https:\/\/aconteceunovale.com.br\/portal\/#\/schema\/person\/633529146f2c94272bef50ac2953d589","name":"Aconteceu no Vale","description":"Equipe de reportagem do Aconteceu no Vale, portal de not\u00edcias do Vale do Jequitinhonha, em Minas Gerais. Cobrimos as 51 cidades do Vale desde 2013. Sugest\u00f5es de pauta e pedidos de corre\u00e7\u00e3o: contato@aconteceunovale.com.br","sameAs":["http:\/\/www.aconteceunovale.com.br"],"url":"https:\/\/aconteceunovale.com.br\/portal\/?author=1"}]}},"_links":{"self":[{"href":"https:\/\/aconteceunovale.com.br\/portal\/index.php?rest_route=\/wp\/v2\/posts\/121125","targetHints":{"allow":["GET"]}}],"collection":[{"href":"https:\/\/aconteceunovale.com.br\/portal\/index.php?rest_route=\/wp\/v2\/posts"}],"about":[{"href":"https:\/\/aconteceunovale.com.br\/portal\/index.php?rest_route=\/wp\/v2\/types\/post"}],"author":[{"embeddable":true,"href":"https:\/\/aconteceunovale.com.br\/portal\/index.php?rest_route=\/wp\/v2\/users\/1"}],"replies":[{"embeddable":true,"href":"https:\/\/aconteceunovale.com.br\/portal\/index.php?rest_route=%2Fwp%2Fv2%2Fcomments&post=121125"}],"version-history":[{"count":0,"href":"https:\/\/aconteceunovale.com.br\/portal\/index.php?rest_route=\/wp\/v2\/posts\/121125\/revisions"}],"wp:featuredmedia":[{"embeddable":true,"href":"https:\/\/aconteceunovale.com.br\/portal\/index.php?rest_route=\/wp\/v2\/media\/121126"}],"wp:attachment":[{"href":"https:\/\/aconteceunovale.com.br\/portal\/index.php?rest_route=%2Fwp%2Fv2%2Fmedia&parent=121125"}],"wp:term":[{"taxonomy":"category","embeddable":true,"href":"https:\/\/aconteceunovale.com.br\/portal\/index.php?rest_route=%2Fwp%2Fv2%2Fcategories&post=121125"},{"taxonomy":"post_tag","embeddable":true,"href":"https:\/\/aconteceunovale.com.br\/portal\/index.php?rest_route=%2Fwp%2Fv2%2Ftags&post=121125"}],"curies":[{"name":"wp","href":"https:\/\/api.w.org\/{rel}","templated":true}]}}