{"id":121113,"date":"2017-09-04T23:47:54","date_gmt":"2017-09-05T01:47:54","guid":{"rendered":"http:\/\/aconteceunovale.com.br\/portal\/?p=121113"},"modified":"2017-09-04T23:47:54","modified_gmt":"2017-09-05T01:47:54","slug":"varios-bairros-de-montes-claros-podem-ficar-sem-agua-ate-quinta-feira","status":"publish","type":"post","link":"https:\/\/aconteceunovale.com.br\/portal\/?p=121113","title":{"rendered":"V\u00e1rios bairros de Montes Claros podem ficar sem \u00e1gua at\u00e9 quinta-feira"},"content":{"rendered":"<p>V\u00e1rios bairros de Montes Claros poder\u00e3o ficar sem abastecimento de \u00e1gua a partir desta segunda (04\/09\/2017) at\u00e9 a pr\u00f3xima quinta-feira (7). A informa\u00e7\u00e3o foi confirmada pela Copasa na manh\u00e3 desta segunda. A institui\u00e7\u00e3o informou que est\u00e1 adotando novos procedimentos operacionais para melhorar o abastecimento, que est\u00e1 sendo feito em forma de rod\u00edzio de 30 horas.<\/p>\n<p>\u201cAtualmente na mesma regi\u00e3o de rod\u00edzio, n\u00f3s temos zonas baixas e altas. Dependendo do gasto de \u00e1gua na zona baixa, o abastecimento na regi\u00e3o alta fica comprometido. Ent\u00e3o, estamos instalando novos registros na rede de distribui\u00e7\u00e3o para separar a zona baixa da alta. E, com isso, esperamos resolver o abastecimento destas regi\u00f5es altas, no sistema de rod\u00edzio. Em seguida, vamos abastecer as regi\u00f5es baixas em um dia e, no dia seguinte, as regi\u00f5es altas. Vamos aferir os resultados em campo e esperamos adotar um novo modelo de rod\u00edzio a partir da pr\u00f3xima sexta-feira\u201d, explicou o Superintende de Opera\u00e7\u00f5es Norte, Roberto Luiz Botelho.<\/p>\n<p><strong>Veja a lista de bairros que poder\u00e3o ser afetados:<\/strong><\/p>\n<p>Alice Maia, Alto S\u00e3o Jo\u00e3o, Barcelona Parque, Bela Vista, C\u00e2ndida C\u00e2mara, Chiquinho Guimar\u00e3es, Cintra, Conjunto Jos\u00e9 Correa Machado, Dona Greg\u00f3ria, Edgar Pereira, Floresta, Funcion\u00e1rios, Grande Maracan\u00e3, Ibituruna, Jaragu\u00e1 I, Lourdes, Mangues, Morada do Sol, Nossa Senhora das Gra\u00e7as, Nova Morada, Panorama I, Panorama II, Renascen\u00e7a, Residencial Vila do Cedro, Sagrada Fam\u00edlia, Santa Cec\u00edlia, Santa Rita I e II, S\u00e3o Jos\u00e9, S\u00e3o Luiz, Tancredo Neves, Todos os Santos II, Vila Ant\u00f4nio Narciso, Vila Atl\u00e2ntica, Vila Campos, Vila Exposi\u00e7\u00e3o, Vila Ip\u00ea, Vila Jo\u00e3o Gordo, Vila Mauric\u00e9ia, Vila Oliveira, Vila Regina, Vila Santa Maria e Vila Tiradentes.<\/p>\n<p>Outras informa\u00e7\u00f5es sobre o cronograma de rod\u00edzio podem ser obtidas no <span style=\"text-decoration: underline;\"><span style=\"color: #ff0000;\"><a href=\"http:\/\/www.copasa.com.br\/wps\/portal\/internet\/imprensa\/noticias\/plano-de-racionamento\/filter?area=\/site-copasa-conteudos\/internet\/perfil\/imprensa\/noticias\/plano-de-racionamento\/em-racionamento\/co-montes-claros\" target=\"_blank\"><span style=\"color: #ff0000; text-decoration: underline;\">site da Copasa<\/span><\/a><\/span><\/span>.<\/p>\n<p><strong>VER PRIMEIRO<\/strong><\/p>\n<p>Receba as not\u00edcias do Aconteceu no Vale em primeira m\u00e3o. Clique em curtir no endere\u00e7o <a href=\"https:\/\/www.facebook.com\/aconteceunovale\" target=\"_blank\"><font color=\"red\">www.facebook.com\/aconteceunovale<\/font><\/a> ou no box abaixo:<\/p>\n<div class=\"fb-like\" data-href=\"https:\/\/www.facebook.com\/aconteceunovale\" data-width=\"120\" data-layout=\"standard\" data-action=\"like\" data-size=\"small\" data-show-faces=\"true\" data-share=\"true\"><\/div>\n<p><\/br><\/p>\n<p><em>(Fonte: G1 Grande Minas)<\/em><\/p>\n","protected":false},"excerpt":{"rendered":"<p>V\u00e1rios bairros de Montes Claros poder\u00e3o ficar sem abastecimento de \u00e1gua a partir desta segunda (04\/09\/2017) at\u00e9 a pr\u00f3xima quinta-feira (7). A informa\u00e7\u00e3o foi confirmada pela Copasa na manh\u00e3 desta segunda. A institui\u00e7\u00e3o informou que est\u00e1 adotando novos procedimentos operacionais para melhorar o abastecimento, que est\u00e1 sendo feito em forma de rod\u00edzio de 30 horas. [&hellip;]<\/p>\n","protected":false},"author":1,"featured_media":121115,"comment_status":"open","ping_status":"closed","sticky":false,"template":"","format":"standard","meta":{"amp_status":"","footnotes":""},"categories":[1236],"tags":[65009,151917,152379,1018,60874,62304,210,152378,60875,159292,159291],"class_list":["post-121113","post","type-post","status-publish","format-standard","has-post-thumbnail","hentry","category-norte_de_minas","tag-abastecimento-de-agua-em-montes-claros","tag-copasa-montes-claros","tag-desabastecimento-de-agua-em-montes-claros","tag-destaque","tag-estiagem-em-montes-claros","tag-falta-de-agua-em-montes-claros","tag-montes-claros","tag-rodizio-de-agua-em-montes-claros","tag-seca-em-montes-claros","tag-site-copasa-montes-claros","tag-varios-bairros-de-montes-claros-podem-ficar-sem-agua-a-partir-desta-segunda-feira"],"yoast_head":"<!-- This site is optimized with the Yoast SEO plugin v28.3 - https:\/\/yoast.com\/product\/yoast-seo-wordpress\/ -->\n<title>V\u00e1rios bairros de Montes Claros podem ficar sem \u00e1gua at\u00e9 quinta-feira - Aconteceu no Vale<\/title>\n<meta name=\"robots\" content=\"index, follow, max-snippet:-1, max-image-preview:large, max-video-preview:-1\" \/>\n<link rel=\"canonical\" href=\"https:\/\/aconteceunovale.com.br\/portal\/?p=121113\" \/>\n<meta property=\"og:locale\" content=\"pt_BR\" \/>\n<meta property=\"og:type\" content=\"article\" \/>\n<meta property=\"og:title\" content=\"V\u00e1rios bairros de Montes Claros podem ficar sem \u00e1gua at\u00e9 quinta-feira - Aconteceu no Vale\" \/>\n<meta property=\"og:description\" content=\"V\u00e1rios bairros de Montes Claros poder\u00e3o ficar sem abastecimento de \u00e1gua a partir desta segunda (04\/09\/2017) at\u00e9 a pr\u00f3xima quinta-feira (7). A informa\u00e7\u00e3o foi confirmada pela Copasa na manh\u00e3 desta segunda. A institui\u00e7\u00e3o informou que est\u00e1 adotando novos procedimentos operacionais para melhorar o abastecimento, que est\u00e1 sendo feito em forma de rod\u00edzio de 30 horas. [&hellip;]\" \/>\n<meta property=\"og:url\" content=\"https:\/\/aconteceunovale.com.br\/portal\/?p=121113\" \/>\n<meta property=\"og:site_name\" content=\"Aconteceu no Vale\" \/>\n<meta property=\"article:publisher\" content=\"https:\/\/www.facebook.com\/aconteceunovale\/\" \/>\n<meta property=\"article:published_time\" content=\"2017-09-05T01:47:54+00:00\" \/>\n<meta property=\"og:image\" content=\"https:\/\/aconteceunovale.com.br\/portal\/wp-content\/uploads\/2017\/09\/falta_agua_moc.jpg\" \/>\n\t<meta property=\"og:image:width\" content=\"1\" \/>\n\t<meta property=\"og:image:height\" content=\"1\" \/>\n\t<meta property=\"og:image:type\" content=\"image\/jpeg\" \/>\n<meta name=\"author\" content=\"Aconteceu no Vale\" \/>\n<meta name=\"twitter:card\" content=\"summary_large_image\" \/>\n<meta name=\"twitter:creator\" content=\"@noticiadosvales\" \/>\n<meta name=\"twitter:site\" content=\"@noticiadosvales\" \/>\n<meta name=\"twitter:label1\" content=\"Escrito por\" \/>\n\t<meta name=\"twitter:data1\" content=\"Aconteceu no Vale\" \/>\n\t<meta name=\"twitter:label2\" content=\"Est. tempo de leitura\" \/>\n\t<meta name=\"twitter:data2\" content=\"2 minutos\" \/>\n<script type=\"application\/ld+json\" class=\"yoast-schema-graph\">{\"@context\":\"https:\\\/\\\/schema.org\",\"@graph\":[{\"@type\":\"Article\",\"@id\":\"https:\\\/\\\/aconteceunovale.com.br\\\/portal\\\/?p=121113#article\",\"isPartOf\":{\"@id\":\"https:\\\/\\\/aconteceunovale.com.br\\\/portal\\\/?p=121113\"},\"author\":{\"name\":\"Aconteceu no Vale\",\"@id\":\"https:\\\/\\\/aconteceunovale.com.br\\\/portal\\\/#\\\/schema\\\/person\\\/633529146f2c94272bef50ac2953d589\"},\"headline\":\"V\u00e1rios bairros de Montes Claros podem ficar sem \u00e1gua at\u00e9 quinta-feira\",\"datePublished\":\"2017-09-05T01:47:54+00:00\",\"mainEntityOfPage\":{\"@id\":\"https:\\\/\\\/aconteceunovale.com.br\\\/portal\\\/?p=121113\"},\"wordCount\":355,\"commentCount\":0,\"image\":{\"@id\":\"https:\\\/\\\/aconteceunovale.com.br\\\/portal\\\/?p=121113#primaryimage\"},\"thumbnailUrl\":\"https:\\\/\\\/aconteceunovale.com.br\\\/portal\\\/wp-content\\\/uploads\\\/2017\\\/09\\\/falta_agua_moc.jpg\",\"keywords\":[\"abastecimento de \u00e1gua em montes claros\",\"Copasa Montes Claros\",\"Desabastecimento de \u00e1gua em Montes Claros\",\"destaque\",\"estiagem em montes claros\",\"falta de \u00e1gua em montes claros\",\"Montes Claros\",\"Rod\u00edzio de \u00e1gua em Montes Claros\",\"seca em montes claros\",\"Site Copasa Montes Claros\",\"V\u00e1rios bairros de Montes Claros podem ficar sem \u00e1gua a partir desta segunda-feira\"],\"articleSection\":[\"Norte de Minas\"],\"inLanguage\":\"pt-BR\",\"potentialAction\":[{\"@type\":\"CommentAction\",\"name\":\"Comment\",\"target\":[\"https:\\\/\\\/aconteceunovale.com.br\\\/portal\\\/?p=121113#respond\"]}]},{\"@type\":\"WebPage\",\"@id\":\"https:\\\/\\\/aconteceunovale.com.br\\\/portal\\\/?p=121113\",\"url\":\"https:\\\/\\\/aconteceunovale.com.br\\\/portal\\\/?p=121113\",\"name\":\"V\u00e1rios bairros de Montes Claros podem ficar sem \u00e1gua at\u00e9 quinta-feira - Aconteceu no Vale\",\"isPartOf\":{\"@id\":\"https:\\\/\\\/aconteceunovale.com.br\\\/portal\\\/#website\"},\"primaryImageOfPage\":{\"@id\":\"https:\\\/\\\/aconteceunovale.com.br\\\/portal\\\/?p=121113#primaryimage\"},\"image\":{\"@id\":\"https:\\\/\\\/aconteceunovale.com.br\\\/portal\\\/?p=121113#primaryimage\"},\"thumbnailUrl\":\"https:\\\/\\\/aconteceunovale.com.br\\\/portal\\\/wp-content\\\/uploads\\\/2017\\\/09\\\/falta_agua_moc.jpg\",\"datePublished\":\"2017-09-05T01:47:54+00:00\",\"author\":{\"@id\":\"https:\\\/\\\/aconteceunovale.com.br\\\/portal\\\/#\\\/schema\\\/person\\\/633529146f2c94272bef50ac2953d589\"},\"breadcrumb\":{\"@id\":\"https:\\\/\\\/aconteceunovale.com.br\\\/portal\\\/?p=121113#breadcrumb\"},\"inLanguage\":\"pt-BR\",\"potentialAction\":[{\"@type\":\"ReadAction\",\"target\":[\"https:\\\/\\\/aconteceunovale.com.br\\\/portal\\\/?p=121113\"]}]},{\"@type\":\"ImageObject\",\"inLanguage\":\"pt-BR\",\"@id\":\"https:\\\/\\\/aconteceunovale.com.br\\\/portal\\\/?p=121113#primaryimage\",\"url\":\"https:\\\/\\\/aconteceunovale.com.br\\\/portal\\\/wp-content\\\/uploads\\\/2017\\\/09\\\/falta_agua_moc.jpg\",\"contentUrl\":\"https:\\\/\\\/aconteceunovale.com.br\\\/portal\\\/wp-content\\\/uploads\\\/2017\\\/09\\\/falta_agua_moc.jpg\"},{\"@type\":\"BreadcrumbList\",\"@id\":\"https:\\\/\\\/aconteceunovale.com.br\\\/portal\\\/?p=121113#breadcrumb\",\"itemListElement\":[{\"@type\":\"ListItem\",\"position\":1,\"name\":\"In\u00edcio\",\"item\":\"https:\\\/\\\/aconteceunovale.com.br\\\/portal\\\/\"},{\"@type\":\"ListItem\",\"position\":2,\"name\":\"V\u00e1rios bairros de Montes Claros podem ficar sem \u00e1gua at\u00e9 quinta-feira\"}]},{\"@type\":\"WebSite\",\"@id\":\"https:\\\/\\\/aconteceunovale.com.br\\\/portal\\\/#website\",\"url\":\"https:\\\/\\\/aconteceunovale.com.br\\\/portal\\\/\",\"name\":\"Aconteceu no Vale\",\"description\":\"Portal de Not\u00edcias\",\"potentialAction\":[{\"@type\":\"SearchAction\",\"target\":{\"@type\":\"EntryPoint\",\"urlTemplate\":\"https:\\\/\\\/aconteceunovale.com.br\\\/portal\\\/?s={search_term_string}\"},\"query-input\":{\"@type\":\"PropertyValueSpecification\",\"valueRequired\":true,\"valueName\":\"search_term_string\"}}],\"inLanguage\":\"pt-BR\"},{\"@type\":\"Person\",\"@id\":\"https:\\\/\\\/aconteceunovale.com.br\\\/portal\\\/#\\\/schema\\\/person\\\/633529146f2c94272bef50ac2953d589\",\"name\":\"Aconteceu no Vale\",\"description\":\"Equipe de reportagem do Aconteceu no Vale, portal de not\u00edcias do Vale do Jequitinhonha, em Minas Gerais. Cobrimos as 51 cidades do Vale desde 2013. Sugest\u00f5es de pauta e pedidos de corre\u00e7\u00e3o: contato@aconteceunovale.com.br\",\"sameAs\":[\"http:\\\/\\\/www.aconteceunovale.com.br\"],\"url\":\"https:\\\/\\\/aconteceunovale.com.br\\\/portal\\\/?author=1\"}]}<\/script>\n<!-- \/ Yoast SEO plugin. -->","yoast_head_json":{"title":"V\u00e1rios bairros de Montes Claros podem ficar sem \u00e1gua at\u00e9 quinta-feira - Aconteceu no Vale","robots":{"index":"index","follow":"follow","max-snippet":"max-snippet:-1","max-image-preview":"max-image-preview:large","max-video-preview":"max-video-preview:-1"},"canonical":"https:\/\/aconteceunovale.com.br\/portal\/?p=121113","og_locale":"pt_BR","og_type":"article","og_title":"V\u00e1rios bairros de Montes Claros podem ficar sem \u00e1gua at\u00e9 quinta-feira - Aconteceu no Vale","og_description":"V\u00e1rios bairros de Montes Claros poder\u00e3o ficar sem abastecimento de \u00e1gua a partir desta segunda (04\/09\/2017) at\u00e9 a pr\u00f3xima quinta-feira (7). A informa\u00e7\u00e3o foi confirmada pela Copasa na manh\u00e3 desta segunda. A institui\u00e7\u00e3o informou que est\u00e1 adotando novos procedimentos operacionais para melhorar o abastecimento, que est\u00e1 sendo feito em forma de rod\u00edzio de 30 horas. [&hellip;]","og_url":"https:\/\/aconteceunovale.com.br\/portal\/?p=121113","og_site_name":"Aconteceu no Vale","article_publisher":"https:\/\/www.facebook.com\/aconteceunovale\/","article_published_time":"2017-09-05T01:47:54+00:00","og_image":[{"url":"https:\/\/aconteceunovale.com.br\/portal\/wp-content\/uploads\/2017\/09\/falta_agua_moc.jpg","width":1,"height":1,"type":"image\/jpeg"}],"author":"Aconteceu no Vale","twitter_card":"summary_large_image","twitter_creator":"@noticiadosvales","twitter_site":"@noticiadosvales","twitter_misc":{"Escrito por":"Aconteceu no Vale","Est. tempo de leitura":"2 minutos"},"schema":{"@context":"https:\/\/schema.org","@graph":[{"@type":"Article","@id":"https:\/\/aconteceunovale.com.br\/portal\/?p=121113#article","isPartOf":{"@id":"https:\/\/aconteceunovale.com.br\/portal\/?p=121113"},"author":{"name":"Aconteceu no Vale","@id":"https:\/\/aconteceunovale.com.br\/portal\/#\/schema\/person\/633529146f2c94272bef50ac2953d589"},"headline":"V\u00e1rios bairros de Montes Claros podem ficar sem \u00e1gua at\u00e9 quinta-feira","datePublished":"2017-09-05T01:47:54+00:00","mainEntityOfPage":{"@id":"https:\/\/aconteceunovale.com.br\/portal\/?p=121113"},"wordCount":355,"commentCount":0,"image":{"@id":"https:\/\/aconteceunovale.com.br\/portal\/?p=121113#primaryimage"},"thumbnailUrl":"https:\/\/aconteceunovale.com.br\/portal\/wp-content\/uploads\/2017\/09\/falta_agua_moc.jpg","keywords":["abastecimento de \u00e1gua em montes claros","Copasa Montes Claros","Desabastecimento de \u00e1gua em Montes Claros","destaque","estiagem em montes claros","falta de \u00e1gua em montes claros","Montes Claros","Rod\u00edzio de \u00e1gua em Montes Claros","seca em montes claros","Site Copasa Montes Claros","V\u00e1rios bairros de Montes Claros podem ficar sem \u00e1gua a partir desta segunda-feira"],"articleSection":["Norte de Minas"],"inLanguage":"pt-BR","potentialAction":[{"@type":"CommentAction","name":"Comment","target":["https:\/\/aconteceunovale.com.br\/portal\/?p=121113#respond"]}]},{"@type":"WebPage","@id":"https:\/\/aconteceunovale.com.br\/portal\/?p=121113","url":"https:\/\/aconteceunovale.com.br\/portal\/?p=121113","name":"V\u00e1rios bairros de Montes Claros podem ficar sem \u00e1gua at\u00e9 quinta-feira - Aconteceu no Vale","isPartOf":{"@id":"https:\/\/aconteceunovale.com.br\/portal\/#website"},"primaryImageOfPage":{"@id":"https:\/\/aconteceunovale.com.br\/portal\/?p=121113#primaryimage"},"image":{"@id":"https:\/\/aconteceunovale.com.br\/portal\/?p=121113#primaryimage"},"thumbnailUrl":"https:\/\/aconteceunovale.com.br\/portal\/wp-content\/uploads\/2017\/09\/falta_agua_moc.jpg","datePublished":"2017-09-05T01:47:54+00:00","author":{"@id":"https:\/\/aconteceunovale.com.br\/portal\/#\/schema\/person\/633529146f2c94272bef50ac2953d589"},"breadcrumb":{"@id":"https:\/\/aconteceunovale.com.br\/portal\/?p=121113#breadcrumb"},"inLanguage":"pt-BR","potentialAction":[{"@type":"ReadAction","target":["https:\/\/aconteceunovale.com.br\/portal\/?p=121113"]}]},{"@type":"ImageObject","inLanguage":"pt-BR","@id":"https:\/\/aconteceunovale.com.br\/portal\/?p=121113#primaryimage","url":"https:\/\/aconteceunovale.com.br\/portal\/wp-content\/uploads\/2017\/09\/falta_agua_moc.jpg","contentUrl":"https:\/\/aconteceunovale.com.br\/portal\/wp-content\/uploads\/2017\/09\/falta_agua_moc.jpg"},{"@type":"BreadcrumbList","@id":"https:\/\/aconteceunovale.com.br\/portal\/?p=121113#breadcrumb","itemListElement":[{"@type":"ListItem","position":1,"name":"In\u00edcio","item":"https:\/\/aconteceunovale.com.br\/portal\/"},{"@type":"ListItem","position":2,"name":"V\u00e1rios bairros de Montes Claros podem ficar sem \u00e1gua at\u00e9 quinta-feira"}]},{"@type":"WebSite","@id":"https:\/\/aconteceunovale.com.br\/portal\/#website","url":"https:\/\/aconteceunovale.com.br\/portal\/","name":"Aconteceu no Vale","description":"Portal de Not\u00edcias","potentialAction":[{"@type":"SearchAction","target":{"@type":"EntryPoint","urlTemplate":"https:\/\/aconteceunovale.com.br\/portal\/?s={search_term_string}"},"query-input":{"@type":"PropertyValueSpecification","valueRequired":true,"valueName":"search_term_string"}}],"inLanguage":"pt-BR"},{"@type":"Person","@id":"https:\/\/aconteceunovale.com.br\/portal\/#\/schema\/person\/633529146f2c94272bef50ac2953d589","name":"Aconteceu no Vale","description":"Equipe de reportagem do Aconteceu no Vale, portal de not\u00edcias do Vale do Jequitinhonha, em Minas Gerais. Cobrimos as 51 cidades do Vale desde 2013. Sugest\u00f5es de pauta e pedidos de corre\u00e7\u00e3o: contato@aconteceunovale.com.br","sameAs":["http:\/\/www.aconteceunovale.com.br"],"url":"https:\/\/aconteceunovale.com.br\/portal\/?author=1"}]}},"_links":{"self":[{"href":"https:\/\/aconteceunovale.com.br\/portal\/index.php?rest_route=\/wp\/v2\/posts\/121113","targetHints":{"allow":["GET"]}}],"collection":[{"href":"https:\/\/aconteceunovale.com.br\/portal\/index.php?rest_route=\/wp\/v2\/posts"}],"about":[{"href":"https:\/\/aconteceunovale.com.br\/portal\/index.php?rest_route=\/wp\/v2\/types\/post"}],"author":[{"embeddable":true,"href":"https:\/\/aconteceunovale.com.br\/portal\/index.php?rest_route=\/wp\/v2\/users\/1"}],"replies":[{"embeddable":true,"href":"https:\/\/aconteceunovale.com.br\/portal\/index.php?rest_route=%2Fwp%2Fv2%2Fcomments&post=121113"}],"version-history":[{"count":0,"href":"https:\/\/aconteceunovale.com.br\/portal\/index.php?rest_route=\/wp\/v2\/posts\/121113\/revisions"}],"wp:featuredmedia":[{"embeddable":true,"href":"https:\/\/aconteceunovale.com.br\/portal\/index.php?rest_route=\/wp\/v2\/media\/121115"}],"wp:attachment":[{"href":"https:\/\/aconteceunovale.com.br\/portal\/index.php?rest_route=%2Fwp%2Fv2%2Fmedia&parent=121113"}],"wp:term":[{"taxonomy":"category","embeddable":true,"href":"https:\/\/aconteceunovale.com.br\/portal\/index.php?rest_route=%2Fwp%2Fv2%2Fcategories&post=121113"},{"taxonomy":"post_tag","embeddable":true,"href":"https:\/\/aconteceunovale.com.br\/portal\/index.php?rest_route=%2Fwp%2Fv2%2Ftags&post=121113"}],"curies":[{"name":"wp","href":"https:\/\/api.w.org\/{rel}","templated":true}]}}