{"id":121104,"date":"2017-09-04T23:19:38","date_gmt":"2017-09-05T01:19:38","guid":{"rendered":"http:\/\/aconteceunovale.com.br\/portal\/?p=121104"},"modified":"2017-09-04T23:19:38","modified_gmt":"2017-09-05T01:19:38","slug":"homem-e-assassinado-ao-tentar-ajudar-vitima-de-assalto-em-montes-claros","status":"publish","type":"post","link":"https:\/\/aconteceunovale.com.br\/portal\/?p=121104","title":{"rendered":"Homem \u00e9 assassinado ao tentar ajudar v\u00edtima de assalto em Montes Claros"},"content":{"rendered":"<p>Um homem de 38 anos foi assassinado com um tiro na cabe\u00e7a na tarde desta segunda-feira (04\/09\/2017) em Montes Claros, na regi\u00e3o Norte de Minas Gerais. Segundo informa\u00e7\u00f5es da Pol\u00edcia Militar (PM), v\u00edtima Jo\u00e3o S\u00e9rgio dos Santos Pereira tentou ajudar uma mulher que estava sendo roubada por dois homens, na Rua Padre Augusto, no Centro da cidade.<\/p>\n<p>Ainda de acordo com a PM, os homens estavam em uma moto e subtra\u00edram a bolsa da mulher. Jo\u00e3o S\u00e9rgio viu a a\u00e7\u00e3o criminosa e correu atr\u00e1s dos infratores. Neste momento, o garupa efetuou um disparo em dire\u00e7\u00e3o a ele, o atingindo na cabe\u00e7a.<\/p>\n<p>Jo\u00e3o S\u00e9rgio foi socorrido pelo Corpo de Bombeiros e levado a um hospital, mas n\u00e3o resistiu aos ferimentos e veio a \u00f3bito. Os autores s\u00e3o procurados pela pol\u00edcia.<\/p>\n<p><img decoding=\"async\" src=\"http:\/\/aconteceunovale.com.br\/portal\/wp-content\/uploads\/2017\/09\/morto_moc.png\" alt=\"\" \/><em>Homem foi morto tentando ajudar mulher v\u00edtima de assalto (Foto: Reprodu\u00e7\u00e3o\/Facebook)<\/em><br \/>\n<\/br><\/p>\n<h4>Morto durante festa no Distrito Industrial<\/h4>\n<p>Um homem de 36 anos foi morto ap\u00f3s se envolver em uma briga durante uma festa no Bairro Distrito Industrial, em Montes Claros, na noite desse domingo (3). De acordo com a Pol\u00edcia Militar, a v\u00edtima estava dan\u00e7ando com uma mulher, de 22, quando o ex-companheiro dela, de 39, chegou ao local. Testemunhas contaram \u00e0 PM que houve uma provoca\u00e7\u00e3o do casal e que o homem, por ci\u00fames, pegou uma faca e golpeou a v\u00edtima. A mulher n\u00e3o foi atingida.<\/p>\n<p>Odivan Fernandes Torres chegou a ser socorrido \u00e0 Santa Casa, mas morreu na madrugada desta segunda-feira (4), de acordo com a assessoria do hospital.<\/p>\n<p>Segundo a pol\u00edcia, um homem, de 40 anos, tentou intervir na briga e foi esfaqueado na clav\u00edcula e costas. Ele foi encaminhado ao hospital e j\u00e1 recebeu alta.<\/p>\n<p>O suspeito do crime ainda n\u00e3o foi preso e a Pol\u00edcia Civil vai investigar o caso.<\/p>\n<p><strong>VER PRIMEIRO<\/strong><\/p>\n<p>Receba as not\u00edcias do Aconteceu no Vale em primeira m\u00e3o. Clique em curtir no endere\u00e7o <a href=\"https:\/\/www.facebook.com\/aconteceunovale\" target=\"_blank\"><font color=\"red\">www.facebook.com\/aconteceunovale<\/font><\/a> ou no box abaixo:<\/p>\n<div class=\"fb-like\" data-href=\"https:\/\/www.facebook.com\/aconteceunovale\" data-width=\"120\" data-layout=\"standard\" data-action=\"like\" data-size=\"small\" data-show-faces=\"true\" data-share=\"true\"><\/div>\n<p><\/br><\/p>\n<p><em>(Fonte: G1 Grande Minas)<\/em><\/p>\n","protected":false},"excerpt":{"rendered":"<p>Um homem de 38 anos foi assassinado com um tiro na cabe\u00e7a na tarde desta segunda-feira (04\/09\/2017) em Montes Claros, na regi\u00e3o Norte de Minas Gerais. Segundo informa\u00e7\u00f5es da Pol\u00edcia Militar (PM), v\u00edtima Jo\u00e3o S\u00e9rgio dos Santos Pereira tentou ajudar uma mulher que estava sendo roubada por dois homens, na Rua Padre Augusto, no Centro [&hellip;]<\/p>\n","protected":false},"author":1,"featured_media":121105,"comment_status":"open","ping_status":"closed","sticky":false,"template":"","format":"standard","meta":{"amp_status":"","footnotes":""},"categories":[1236],"tags":[9847,53918,159281,25220,159280,210,53916,159284,159282,159283,63142,159285,46966,73285],"class_list":["post-121104","post","type-post","status-publish","format-standard","has-post-thumbnail","hentry","category-norte_de_minas","tag-assalto-em-montes-claros","tag-assassinato-em-montes-claros","tag-homem-e-assassinado-ao-tentar-ajudar-vitima-de-assalto-em-montes-claros","tag-homicidio-em-montes-claros","tag-joao-sergio-dos-santos-pereira","tag-montes-claros","tag-morte-em-montes-claros","tag-morto-durante-festa-em-montes-claros","tag-morto-durante-festa-no-distrito-industrial","tag-morto-durante-festa-no-distrito-industrial-em-montes-claros","tag-morto-em-montes-claros","tag-odivan-fernandes-torres","tag-roubo-em-montes-claros","tag-violencia-em-montes-claros"],"_links":{"self":[{"href":"https:\/\/aconteceunovale.com.br\/portal\/index.php?rest_route=\/wp\/v2\/posts\/121104","targetHints":{"allow":["GET"]}}],"collection":[{"href":"https:\/\/aconteceunovale.com.br\/portal\/index.php?rest_route=\/wp\/v2\/posts"}],"about":[{"href":"https:\/\/aconteceunovale.com.br\/portal\/index.php?rest_route=\/wp\/v2\/types\/post"}],"author":[{"embeddable":true,"href":"https:\/\/aconteceunovale.com.br\/portal\/index.php?rest_route=\/wp\/v2\/users\/1"}],"replies":[{"embeddable":true,"href":"https:\/\/aconteceunovale.com.br\/portal\/index.php?rest_route=%2Fwp%2Fv2%2Fcomments&post=121104"}],"version-history":[{"count":0,"href":"https:\/\/aconteceunovale.com.br\/portal\/index.php?rest_route=\/wp\/v2\/posts\/121104\/revisions"}],"wp:featuredmedia":[{"embeddable":true,"href":"https:\/\/aconteceunovale.com.br\/portal\/index.php?rest_route=\/wp\/v2\/media\/121105"}],"wp:attachment":[{"href":"https:\/\/aconteceunovale.com.br\/portal\/index.php?rest_route=%2Fwp%2Fv2%2Fmedia&parent=121104"}],"wp:term":[{"taxonomy":"category","embeddable":true,"href":"https:\/\/aconteceunovale.com.br\/portal\/index.php?rest_route=%2Fwp%2Fv2%2Fcategories&post=121104"},{"taxonomy":"post_tag","embeddable":true,"href":"https:\/\/aconteceunovale.com.br\/portal\/index.php?rest_route=%2Fwp%2Fv2%2Ftags&post=121104"}],"curies":[{"name":"wp","href":"https:\/\/api.w.org\/{rel}","templated":true}]}}