{"id":121089,"date":"2017-09-04T21:44:50","date_gmt":"2017-09-04T23:44:50","guid":{"rendered":"http:\/\/aconteceunovale.com.br\/portal\/?p=121089"},"modified":"2017-09-04T21:44:50","modified_gmt":"2017-09-04T23:44:50","slug":"vigilancia-sanitaria-proibe-venda-e-uso-de-lotes-de-locao-capilar","status":"publish","type":"post","link":"https:\/\/aconteceunovale.com.br\/portal\/?p=121089","title":{"rendered":"Vigil\u00e2ncia Sanit\u00e1ria pro\u00edbe venda e uso de lotes de lo\u00e7\u00e3o capilar"},"content":{"rendered":"<p>A Ag\u00eancia Nacional de Vigil\u00e2ncia Sanit\u00e1ria (Anvisa) proibiu a distribui\u00e7\u00e3o, comercializa\u00e7\u00e3o e uso dos lotes da lo\u00e7\u00e3o capilar Lo\u00e7\u00e3o Cam\u00e9lia do Brasil, da empresa Suissa Industrial e Comercial Ltda. A resolu\u00e7\u00e3o foi publicada hoje (4) no\u00a0<span style=\"text-decoration: underline;\"><span style=\"color: #ff0000;\"><a href=\"http:\/\/pesquisa.in.gov.br\/imprensa\/jsp\/visualiza\/index.jsp?jornal=1&amp;pagina=49&amp;data=04\/09\/2017\" target=\"_blank\"><span style=\"color: #ff0000; text-decoration: underline;\"><em>Di\u00e1rio Oficial da Uni\u00e3o<\/em>\u00a0<\/span><\/a><\/span><\/span>.<\/p>\n<p>Segundo a Anvisa, um laudo emitido pela Funda\u00e7\u00e3o Ezequiel Dias de Minas Gerais (Funed), apontou irregularidades no r\u00f3tulo do produto, que estava com o registro vencido desde 30 de novembro de 2014, sendo regularizado apenas em 7 de julho de 2016. A fabricante dever\u00e1 tirar do mercado o estoque do produto relativo a esse per\u00edodo per\u00edodo.<\/p>\n<p>Segundo a empresa, como existe a obrigatoriedade de impress\u00e3o do n\u00famero do processo de registro na embalagem, alguns lotes sa\u00edram com o n\u00famero errado, por um problema burocr\u00e1tico, mas n\u00e3o h\u00e1 risco \u00e0 popula\u00e7\u00e3o com o uso do produto. A lo\u00e7\u00e3o \u00e9 vendida pela empresa como capaz de restituir progressivamente a cor dos cabelos, e auxiliar no tratamento cosm\u00e9tico da caspa.<\/p>\n<p><strong>VER PRIMEIRO<\/strong><\/p>\n<p>Receba as not\u00edcias do Aconteceu no Vale em primeira m\u00e3o. Clique em curtir no endere\u00e7o <a href=\"https:\/\/www.facebook.com\/aconteceunovale\" target=\"_blank\"><font color=\"red\">www.facebook.com\/aconteceunovale<\/font><\/a> ou no box abaixo:<\/p>\n<div class=\"fb-like\" data-href=\"https:\/\/www.facebook.com\/aconteceunovale\" data-width=\"120\" data-layout=\"standard\" data-action=\"like\" data-size=\"small\" data-show-faces=\"true\" data-share=\"true\"><\/div>\n<p><\/br><\/p>\n<p><em>(Fonte: Ag\u00eancia Brasil)<\/em><\/p>\n","protected":false},"excerpt":{"rendered":"<p>A Ag\u00eancia Nacional de Vigil\u00e2ncia Sanit\u00e1ria (Anvisa) proibiu a distribui\u00e7\u00e3o, comercializa\u00e7\u00e3o e uso dos lotes da lo\u00e7\u00e3o capilar Lo\u00e7\u00e3o Cam\u00e9lia do Brasil, da empresa Suissa Industrial e Comercial Ltda. A resolu\u00e7\u00e3o foi publicada hoje (4) no\u00a0Di\u00e1rio Oficial da Uni\u00e3o\u00a0. Segundo a Anvisa, um laudo emitido pela Funda\u00e7\u00e3o Ezequiel Dias de Minas Gerais (Funed), apontou irregularidades [&hellip;]<\/p>\n","protected":false},"author":1,"featured_media":121090,"comment_status":"open","ping_status":"closed","sticky":false,"template":"","format":"standard","meta":{"amp_status":"","footnotes":""},"categories":[6,40242],"tags":[2278,43970,38748,159264,45409,159268,159265,159267,159266],"class_list":["post-121089","post","type-post","status-publish","format-standard","has-post-thumbnail","hentry","category-br","category-saude-2","tag-anvisa","tag-fundacao-ezequiel-dias-de-minas-gerais","tag-funed","tag-locao-camelia-do-brasil","tag-proibicao-de-venda","tag-proibicao-locao-camelia-do-brasil","tag-suisse","tag-suspensao-locao-camelia-do-brasil","tag-vigilancia-sanitaria-proibe-venda-e-uso-de-lotes-de-locao-capilar"],"yoast_head":"<!-- This site is optimized with the Yoast SEO plugin v28.3 - https:\/\/yoast.com\/product\/yoast-seo-wordpress\/ -->\n<title>Vigil\u00e2ncia Sanit\u00e1ria pro\u00edbe venda e uso de lotes de lo\u00e7\u00e3o capilar - Aconteceu no Vale<\/title>\n<meta name=\"robots\" content=\"index, follow, max-snippet:-1, max-image-preview:large, max-video-preview:-1\" \/>\n<link rel=\"canonical\" href=\"https:\/\/aconteceunovale.com.br\/portal\/?p=121089\" \/>\n<meta property=\"og:locale\" content=\"pt_BR\" \/>\n<meta property=\"og:type\" content=\"article\" \/>\n<meta property=\"og:title\" content=\"Vigil\u00e2ncia Sanit\u00e1ria pro\u00edbe venda e uso de lotes de lo\u00e7\u00e3o capilar - Aconteceu no Vale\" \/>\n<meta property=\"og:description\" content=\"A Ag\u00eancia Nacional de Vigil\u00e2ncia Sanit\u00e1ria (Anvisa) proibiu a distribui\u00e7\u00e3o, comercializa\u00e7\u00e3o e uso dos lotes da lo\u00e7\u00e3o capilar Lo\u00e7\u00e3o Cam\u00e9lia do Brasil, da empresa Suissa Industrial e Comercial Ltda. A resolu\u00e7\u00e3o foi publicada hoje (4) no\u00a0Di\u00e1rio Oficial da Uni\u00e3o\u00a0. Segundo a Anvisa, um laudo emitido pela Funda\u00e7\u00e3o Ezequiel Dias de Minas Gerais (Funed), apontou irregularidades [&hellip;]\" \/>\n<meta property=\"og:url\" content=\"https:\/\/aconteceunovale.com.br\/portal\/?p=121089\" \/>\n<meta property=\"og:site_name\" content=\"Aconteceu no Vale\" \/>\n<meta property=\"article:publisher\" content=\"https:\/\/www.facebook.com\/aconteceunovale\/\" \/>\n<meta property=\"article:published_time\" content=\"2017-09-04T23:44:50+00:00\" \/>\n<meta property=\"og:image\" content=\"https:\/\/aconteceunovale.com.br\/portal\/wp-content\/uploads\/2017\/09\/camelia.jpg\" \/>\n\t<meta property=\"og:image:width\" content=\"518\" \/>\n\t<meta property=\"og:image:height\" content=\"240\" \/>\n\t<meta property=\"og:image:type\" content=\"image\/jpeg\" \/>\n<meta name=\"author\" content=\"Aconteceu no Vale\" \/>\n<meta name=\"twitter:card\" content=\"summary_large_image\" \/>\n<meta name=\"twitter:creator\" content=\"@noticiadosvales\" \/>\n<meta name=\"twitter:site\" content=\"@noticiadosvales\" \/>\n<meta name=\"twitter:label1\" content=\"Escrito por\" \/>\n\t<meta name=\"twitter:data1\" content=\"Aconteceu no Vale\" \/>\n\t<meta name=\"twitter:label2\" content=\"Est. tempo de leitura\" \/>\n\t<meta name=\"twitter:data2\" content=\"1 minuto\" \/>\n<script type=\"application\/ld+json\" class=\"yoast-schema-graph\">{\"@context\":\"https:\\\/\\\/schema.org\",\"@graph\":[{\"@type\":\"Article\",\"@id\":\"https:\\\/\\\/aconteceunovale.com.br\\\/portal\\\/?p=121089#article\",\"isPartOf\":{\"@id\":\"https:\\\/\\\/aconteceunovale.com.br\\\/portal\\\/?p=121089\"},\"author\":{\"name\":\"Aconteceu no Vale\",\"@id\":\"https:\\\/\\\/aconteceunovale.com.br\\\/portal\\\/#\\\/schema\\\/person\\\/633529146f2c94272bef50ac2953d589\"},\"headline\":\"Vigil\u00e2ncia Sanit\u00e1ria pro\u00edbe venda e uso de lotes de lo\u00e7\u00e3o capilar\",\"datePublished\":\"2017-09-04T23:44:50+00:00\",\"mainEntityOfPage\":{\"@id\":\"https:\\\/\\\/aconteceunovale.com.br\\\/portal\\\/?p=121089\"},\"wordCount\":221,\"commentCount\":0,\"image\":{\"@id\":\"https:\\\/\\\/aconteceunovale.com.br\\\/portal\\\/?p=121089#primaryimage\"},\"thumbnailUrl\":\"https:\\\/\\\/aconteceunovale.com.br\\\/portal\\\/wp-content\\\/uploads\\\/2017\\\/09\\\/camelia.jpg\",\"keywords\":[\"Anvisa\",\"Funda\u00e7\u00e3o Ezequiel Dias de Minas Gerais\",\"Funed\",\"lo\u00e7\u00e3o Cam\u00e9lia do Brasil\",\"proibi\u00e7\u00e3o de venda\",\"Proibi\u00e7\u00e3o Lo\u00e7\u00e3o Cam\u00e9lia do Brasil\",\"Suisse\",\"Suspens\u00e3o Lo\u00e7\u00e3o Cam\u00e9lia do Brasil\",\"Vigil\u00e2ncia Sanit\u00e1ria pro\u00edbe venda e uso de lotes de lo\u00e7\u00e3o capilar\"],\"articleSection\":[\"Brasil\",\"Sa\u00fade\"],\"inLanguage\":\"pt-BR\",\"potentialAction\":[{\"@type\":\"CommentAction\",\"name\":\"Comment\",\"target\":[\"https:\\\/\\\/aconteceunovale.com.br\\\/portal\\\/?p=121089#respond\"]}]},{\"@type\":\"WebPage\",\"@id\":\"https:\\\/\\\/aconteceunovale.com.br\\\/portal\\\/?p=121089\",\"url\":\"https:\\\/\\\/aconteceunovale.com.br\\\/portal\\\/?p=121089\",\"name\":\"Vigil\u00e2ncia Sanit\u00e1ria pro\u00edbe venda e uso de lotes de lo\u00e7\u00e3o capilar - Aconteceu no Vale\",\"isPartOf\":{\"@id\":\"https:\\\/\\\/aconteceunovale.com.br\\\/portal\\\/#website\"},\"primaryImageOfPage\":{\"@id\":\"https:\\\/\\\/aconteceunovale.com.br\\\/portal\\\/?p=121089#primaryimage\"},\"image\":{\"@id\":\"https:\\\/\\\/aconteceunovale.com.br\\\/portal\\\/?p=121089#primaryimage\"},\"thumbnailUrl\":\"https:\\\/\\\/aconteceunovale.com.br\\\/portal\\\/wp-content\\\/uploads\\\/2017\\\/09\\\/camelia.jpg\",\"datePublished\":\"2017-09-04T23:44:50+00:00\",\"author\":{\"@id\":\"https:\\\/\\\/aconteceunovale.com.br\\\/portal\\\/#\\\/schema\\\/person\\\/633529146f2c94272bef50ac2953d589\"},\"breadcrumb\":{\"@id\":\"https:\\\/\\\/aconteceunovale.com.br\\\/portal\\\/?p=121089#breadcrumb\"},\"inLanguage\":\"pt-BR\",\"potentialAction\":[{\"@type\":\"ReadAction\",\"target\":[\"https:\\\/\\\/aconteceunovale.com.br\\\/portal\\\/?p=121089\"]}]},{\"@type\":\"ImageObject\",\"inLanguage\":\"pt-BR\",\"@id\":\"https:\\\/\\\/aconteceunovale.com.br\\\/portal\\\/?p=121089#primaryimage\",\"url\":\"https:\\\/\\\/aconteceunovale.com.br\\\/portal\\\/wp-content\\\/uploads\\\/2017\\\/09\\\/camelia.jpg\",\"contentUrl\":\"https:\\\/\\\/aconteceunovale.com.br\\\/portal\\\/wp-content\\\/uploads\\\/2017\\\/09\\\/camelia.jpg\",\"width\":518,\"height\":240},{\"@type\":\"BreadcrumbList\",\"@id\":\"https:\\\/\\\/aconteceunovale.com.br\\\/portal\\\/?p=121089#breadcrumb\",\"itemListElement\":[{\"@type\":\"ListItem\",\"position\":1,\"name\":\"In\u00edcio\",\"item\":\"https:\\\/\\\/aconteceunovale.com.br\\\/portal\\\/\"},{\"@type\":\"ListItem\",\"position\":2,\"name\":\"Vigil\u00e2ncia Sanit\u00e1ria pro\u00edbe venda e uso de lotes de lo\u00e7\u00e3o capilar\"}]},{\"@type\":\"WebSite\",\"@id\":\"https:\\\/\\\/aconteceunovale.com.br\\\/portal\\\/#website\",\"url\":\"https:\\\/\\\/aconteceunovale.com.br\\\/portal\\\/\",\"name\":\"Aconteceu no Vale\",\"description\":\"Portal de Not\u00edcias\",\"potentialAction\":[{\"@type\":\"SearchAction\",\"target\":{\"@type\":\"EntryPoint\",\"urlTemplate\":\"https:\\\/\\\/aconteceunovale.com.br\\\/portal\\\/?s={search_term_string}\"},\"query-input\":{\"@type\":\"PropertyValueSpecification\",\"valueRequired\":true,\"valueName\":\"search_term_string\"}}],\"inLanguage\":\"pt-BR\"},{\"@type\":\"Person\",\"@id\":\"https:\\\/\\\/aconteceunovale.com.br\\\/portal\\\/#\\\/schema\\\/person\\\/633529146f2c94272bef50ac2953d589\",\"name\":\"Aconteceu no Vale\",\"description\":\"Equipe de reportagem do Aconteceu no Vale, portal de not\u00edcias do Vale do Jequitinhonha, em Minas Gerais. Cobrimos as 51 cidades do Vale desde 2013. Sugest\u00f5es de pauta e pedidos de corre\u00e7\u00e3o: contato@aconteceunovale.com.br\",\"sameAs\":[\"http:\\\/\\\/www.aconteceunovale.com.br\"],\"url\":\"https:\\\/\\\/aconteceunovale.com.br\\\/portal\\\/?author=1\"}]}<\/script>\n<!-- \/ Yoast SEO plugin. -->","yoast_head_json":{"title":"Vigil\u00e2ncia Sanit\u00e1ria pro\u00edbe venda e uso de lotes de lo\u00e7\u00e3o capilar - Aconteceu no Vale","robots":{"index":"index","follow":"follow","max-snippet":"max-snippet:-1","max-image-preview":"max-image-preview:large","max-video-preview":"max-video-preview:-1"},"canonical":"https:\/\/aconteceunovale.com.br\/portal\/?p=121089","og_locale":"pt_BR","og_type":"article","og_title":"Vigil\u00e2ncia Sanit\u00e1ria pro\u00edbe venda e uso de lotes de lo\u00e7\u00e3o capilar - Aconteceu no Vale","og_description":"A Ag\u00eancia Nacional de Vigil\u00e2ncia Sanit\u00e1ria (Anvisa) proibiu a distribui\u00e7\u00e3o, comercializa\u00e7\u00e3o e uso dos lotes da lo\u00e7\u00e3o capilar Lo\u00e7\u00e3o Cam\u00e9lia do Brasil, da empresa Suissa Industrial e Comercial Ltda. A resolu\u00e7\u00e3o foi publicada hoje (4) no\u00a0Di\u00e1rio Oficial da Uni\u00e3o\u00a0. Segundo a Anvisa, um laudo emitido pela Funda\u00e7\u00e3o Ezequiel Dias de Minas Gerais (Funed), apontou irregularidades [&hellip;]","og_url":"https:\/\/aconteceunovale.com.br\/portal\/?p=121089","og_site_name":"Aconteceu no Vale","article_publisher":"https:\/\/www.facebook.com\/aconteceunovale\/","article_published_time":"2017-09-04T23:44:50+00:00","og_image":[{"width":518,"height":240,"url":"https:\/\/aconteceunovale.com.br\/portal\/wp-content\/uploads\/2017\/09\/camelia.jpg","type":"image\/jpeg"}],"author":"Aconteceu no Vale","twitter_card":"summary_large_image","twitter_creator":"@noticiadosvales","twitter_site":"@noticiadosvales","twitter_misc":{"Escrito por":"Aconteceu no Vale","Est. tempo de leitura":"1 minuto"},"schema":{"@context":"https:\/\/schema.org","@graph":[{"@type":"Article","@id":"https:\/\/aconteceunovale.com.br\/portal\/?p=121089#article","isPartOf":{"@id":"https:\/\/aconteceunovale.com.br\/portal\/?p=121089"},"author":{"name":"Aconteceu no Vale","@id":"https:\/\/aconteceunovale.com.br\/portal\/#\/schema\/person\/633529146f2c94272bef50ac2953d589"},"headline":"Vigil\u00e2ncia Sanit\u00e1ria pro\u00edbe venda e uso de lotes de lo\u00e7\u00e3o capilar","datePublished":"2017-09-04T23:44:50+00:00","mainEntityOfPage":{"@id":"https:\/\/aconteceunovale.com.br\/portal\/?p=121089"},"wordCount":221,"commentCount":0,"image":{"@id":"https:\/\/aconteceunovale.com.br\/portal\/?p=121089#primaryimage"},"thumbnailUrl":"https:\/\/aconteceunovale.com.br\/portal\/wp-content\/uploads\/2017\/09\/camelia.jpg","keywords":["Anvisa","Funda\u00e7\u00e3o Ezequiel Dias de Minas Gerais","Funed","lo\u00e7\u00e3o Cam\u00e9lia do Brasil","proibi\u00e7\u00e3o de venda","Proibi\u00e7\u00e3o Lo\u00e7\u00e3o Cam\u00e9lia do Brasil","Suisse","Suspens\u00e3o Lo\u00e7\u00e3o Cam\u00e9lia do Brasil","Vigil\u00e2ncia Sanit\u00e1ria pro\u00edbe venda e uso de lotes de lo\u00e7\u00e3o capilar"],"articleSection":["Brasil","Sa\u00fade"],"inLanguage":"pt-BR","potentialAction":[{"@type":"CommentAction","name":"Comment","target":["https:\/\/aconteceunovale.com.br\/portal\/?p=121089#respond"]}]},{"@type":"WebPage","@id":"https:\/\/aconteceunovale.com.br\/portal\/?p=121089","url":"https:\/\/aconteceunovale.com.br\/portal\/?p=121089","name":"Vigil\u00e2ncia Sanit\u00e1ria pro\u00edbe venda e uso de lotes de lo\u00e7\u00e3o capilar - Aconteceu no Vale","isPartOf":{"@id":"https:\/\/aconteceunovale.com.br\/portal\/#website"},"primaryImageOfPage":{"@id":"https:\/\/aconteceunovale.com.br\/portal\/?p=121089#primaryimage"},"image":{"@id":"https:\/\/aconteceunovale.com.br\/portal\/?p=121089#primaryimage"},"thumbnailUrl":"https:\/\/aconteceunovale.com.br\/portal\/wp-content\/uploads\/2017\/09\/camelia.jpg","datePublished":"2017-09-04T23:44:50+00:00","author":{"@id":"https:\/\/aconteceunovale.com.br\/portal\/#\/schema\/person\/633529146f2c94272bef50ac2953d589"},"breadcrumb":{"@id":"https:\/\/aconteceunovale.com.br\/portal\/?p=121089#breadcrumb"},"inLanguage":"pt-BR","potentialAction":[{"@type":"ReadAction","target":["https:\/\/aconteceunovale.com.br\/portal\/?p=121089"]}]},{"@type":"ImageObject","inLanguage":"pt-BR","@id":"https:\/\/aconteceunovale.com.br\/portal\/?p=121089#primaryimage","url":"https:\/\/aconteceunovale.com.br\/portal\/wp-content\/uploads\/2017\/09\/camelia.jpg","contentUrl":"https:\/\/aconteceunovale.com.br\/portal\/wp-content\/uploads\/2017\/09\/camelia.jpg","width":518,"height":240},{"@type":"BreadcrumbList","@id":"https:\/\/aconteceunovale.com.br\/portal\/?p=121089#breadcrumb","itemListElement":[{"@type":"ListItem","position":1,"name":"In\u00edcio","item":"https:\/\/aconteceunovale.com.br\/portal\/"},{"@type":"ListItem","position":2,"name":"Vigil\u00e2ncia Sanit\u00e1ria pro\u00edbe venda e uso de lotes de lo\u00e7\u00e3o capilar"}]},{"@type":"WebSite","@id":"https:\/\/aconteceunovale.com.br\/portal\/#website","url":"https:\/\/aconteceunovale.com.br\/portal\/","name":"Aconteceu no Vale","description":"Portal de Not\u00edcias","potentialAction":[{"@type":"SearchAction","target":{"@type":"EntryPoint","urlTemplate":"https:\/\/aconteceunovale.com.br\/portal\/?s={search_term_string}"},"query-input":{"@type":"PropertyValueSpecification","valueRequired":true,"valueName":"search_term_string"}}],"inLanguage":"pt-BR"},{"@type":"Person","@id":"https:\/\/aconteceunovale.com.br\/portal\/#\/schema\/person\/633529146f2c94272bef50ac2953d589","name":"Aconteceu no Vale","description":"Equipe de reportagem do Aconteceu no Vale, portal de not\u00edcias do Vale do Jequitinhonha, em Minas Gerais. Cobrimos as 51 cidades do Vale desde 2013. Sugest\u00f5es de pauta e pedidos de corre\u00e7\u00e3o: contato@aconteceunovale.com.br","sameAs":["http:\/\/www.aconteceunovale.com.br"],"url":"https:\/\/aconteceunovale.com.br\/portal\/?author=1"}]}},"_links":{"self":[{"href":"https:\/\/aconteceunovale.com.br\/portal\/index.php?rest_route=\/wp\/v2\/posts\/121089","targetHints":{"allow":["GET"]}}],"collection":[{"href":"https:\/\/aconteceunovale.com.br\/portal\/index.php?rest_route=\/wp\/v2\/posts"}],"about":[{"href":"https:\/\/aconteceunovale.com.br\/portal\/index.php?rest_route=\/wp\/v2\/types\/post"}],"author":[{"embeddable":true,"href":"https:\/\/aconteceunovale.com.br\/portal\/index.php?rest_route=\/wp\/v2\/users\/1"}],"replies":[{"embeddable":true,"href":"https:\/\/aconteceunovale.com.br\/portal\/index.php?rest_route=%2Fwp%2Fv2%2Fcomments&post=121089"}],"version-history":[{"count":0,"href":"https:\/\/aconteceunovale.com.br\/portal\/index.php?rest_route=\/wp\/v2\/posts\/121089\/revisions"}],"wp:featuredmedia":[{"embeddable":true,"href":"https:\/\/aconteceunovale.com.br\/portal\/index.php?rest_route=\/wp\/v2\/media\/121090"}],"wp:attachment":[{"href":"https:\/\/aconteceunovale.com.br\/portal\/index.php?rest_route=%2Fwp%2Fv2%2Fmedia&parent=121089"}],"wp:term":[{"taxonomy":"category","embeddable":true,"href":"https:\/\/aconteceunovale.com.br\/portal\/index.php?rest_route=%2Fwp%2Fv2%2Fcategories&post=121089"},{"taxonomy":"post_tag","embeddable":true,"href":"https:\/\/aconteceunovale.com.br\/portal\/index.php?rest_route=%2Fwp%2Fv2%2Ftags&post=121089"}],"curies":[{"name":"wp","href":"https:\/\/api.w.org\/{rel}","templated":true}]}}