{"id":121084,"date":"2017-09-04T21:18:53","date_gmt":"2017-09-04T23:18:53","guid":{"rendered":"http:\/\/aconteceunovale.com.br\/portal\/?p=121084"},"modified":"2017-09-04T21:18:53","modified_gmt":"2017-09-04T23:18:53","slug":"mpf-denuncia-ex-prefeito-de-corinto-por-desvio-e-apropriacao-de-verba-do-ministerio-do-turismo","status":"publish","type":"post","link":"https:\/\/aconteceunovale.com.br\/portal\/?p=121084","title":{"rendered":"MPF denuncia ex-prefeito de Corinto por desvio e apropria\u00e7\u00e3o de verba do Minist\u00e9rio do Turismo"},"content":{"rendered":"<p>O Minist\u00e9rio P\u00fablico Federal (MPF) em Sete Lagoas (MG) denunciou o ex-prefeito de Corinto Nilton Ferreira da Silva pelos crimes de desvio e apropria\u00e7\u00e3o de dinheiro p\u00fablico, dispensa ou inexigibilidade indevidas de procedimento licitat\u00f3rio e fraudes \u00e0 licita\u00e7\u00e3o. O munic\u00edpio de Corinto, com cerca de 24 mil habitantes, localiza-se na regi\u00e3o central de Minas Gerais. Nilton Ferreira foi eleito em 2007, tendo exercido seu mandato entre os anos de 2008 e 2012.<\/p>\n<p>Tamb\u00e9m foram denunciados Zulene Aparecida Leite Ferreira, s\u00f3cia-administradora da R\u00e1dio Portal FM; J\u00falio S\u00e9rgio Ferreira Balieiro, representante da empresa MR Transportes e Servi\u00e7os; Francisco Gon\u00e7alves Vieira Neto, diretor de Esporte, Lazer e Turismo de Corinto nos anos de 2008 a 2012; e Silvanito Efig\u00eanio Fernandes, Gisele Cristina de Souza e Humberto Antunes J\u00fanior, membros da Comiss\u00e3o municipal de Licita\u00e7\u00e3o no ano de 2009.<\/p>\n<p>Nesse mesmo ano, o ex-prefeito Nilton firmou conv\u00eanio com o Minist\u00e9rio do Turismo, no valor de R$ 200 mil, para a realiza\u00e7\u00e3o de um evento cultural denominado Festa da Gentileza.<\/p>\n<p>Segundo a den\u00fancia, a execu\u00e7\u00e3o do conv\u00eanio seguiu o mesmo roteiro adotado em in\u00fameros outros casos envolvendo recursos p\u00fablicos federais destinados \u00e0 realiza\u00e7\u00e3o de festas: o munic\u00edpio realiza um processo licitat\u00f3rio para contrata\u00e7\u00e3o da empresa que ficar\u00e1 respons\u00e1vel pela infraestrutura (montagem de palco, sonoriza\u00e7\u00e3o, ilumina\u00e7\u00e3o, entre outros) e monta um processo de inexigibilidade de licita\u00e7\u00e3o para a contrata\u00e7\u00e3o dos artistas que ir\u00e3o se apresentar no evento, sob a justificativa de que haveria apenas uma empresa a ser contratada, porque seria detentora de suposta carta de exclusividade com aqueles artistas.<\/p>\n<p>Ocorre que, conforme investiga\u00e7\u00f5es acabam demonstrando, a execu\u00e7\u00e3o dos conv\u00eanios, no \u00e2mbito desse esquema, \u00e9 viciada por graves erros nos processos licitat\u00f3rios, os quais n\u00e3o passam de meros simulacros de cumprimento das exig\u00eancias legais, feitos para esconder o desvio do dinheiro p\u00fablico.<\/p>\n<p>Em Corinto n\u00e3o foi diferente. A vencedora de ambos os procedimentos foi a empresa MR Transportes e Servi\u00e7os, tanto para a presta\u00e7\u00e3o dos servi\u00e7os de organiza\u00e7\u00e3o do evento, quanto para a contrata\u00e7\u00e3o dos artistas Andr\u00e9 Valad\u00e3o e Eduardo Costa.<\/p>\n<p><strong>Direcionamento<\/strong><\/p>\n<p>De acordo com a den\u00fancia, o certame foi direcionado para a contrata\u00e7\u00e3o da MR, opondo obst\u00e1culos \u00e0 participa\u00e7\u00e3o de outras interessadas e, com isso, frustrando o car\u00e1ter competitivo da licita\u00e7\u00e3o. Um ind\u00edcio desse favorecimento revelou-se no fato de que outras empresas interessadas em participar da disputa enviaram e-mails \u00e0 CPL solicitando o edital, que, no entanto, s\u00f3 foi respondido ap\u00f3s as 17 horas do dia anterior \u00e0 abertura das propostas, o que praticamente anulou a possibilidade de sua participa\u00e7\u00e3o.<\/p>\n<p>Outro ind\u00edcio do favorecimento \u00e9 que a proposta or\u00e7ament\u00e1ria apresentada pela empresa vencedora continha valores id\u00eanticos aos do plano de trabalho do conv\u00eanio, indicando que a MR teve conhecimento antecipado dos valores.<\/p>\n<p>A empresa contratada tamb\u00e9m n\u00e3o possu\u00eda contratos de exclusividade com Andr\u00e9 Valad\u00e3o ou Eduardo Costa. A suposta exclusividade residia apenas em declara\u00e7\u00e3o firmada pelos artistas para aquele evento, local e data espec\u00edficos, o que, segundo os pr\u00f3prios termos do conv\u00eanio, n\u00e3o atendia a exig\u00eancia legal.<\/p>\n<p><strong>Falsidade ideol\u00f3gica<\/strong><\/p>\n<p>Embora o conv\u00eanio previsse que a Festa da Gentileza poderia ser gratuita, pois os recursos destinados a ela eram suficientes para sua realiza\u00e7\u00e3o, o ex-prefeito determinou a cobran\u00e7a de ingressos, no valor de R$ 20, para o show de Eduardo Costa, o que gerou uma arrecada\u00e7\u00e3o de mais de 40 mil reais.<\/p>\n<p>Tamb\u00e9m por for\u00e7a do que obrigava o conv\u00eanio, caso o munic\u00edpio resolvesse cobrar ingressos, o dinheiro arrecadado deveria ser revertido para a realiza\u00e7\u00e3o do evento ou ser recolhido ao Tesouro Nacional, sendo obrigat\u00f3rio inform\u00e1-lo na presta\u00e7\u00e3o de contas.<\/p>\n<p>Mas o ex-prefeito, al\u00e9m de introduzir a cobran\u00e7a dos ingressos sob o pretexto de que a renda seria revertida para a Santa Casa de Miseric\u00f3rdia, o que nunca aconteceu, tamb\u00e9m prestou falsas declara\u00e7\u00f5es na presta\u00e7\u00e3o de contas do conv\u00eanio afirmando que a Festa da Gentileza tinha sido totalmente gratuita.<\/p>\n<p>Para o MPF, tratou-se de conduta destinada a &#8220;ludibriar a administra\u00e7\u00e3o p\u00fablica e possibilitar a apropria\u00e7\u00e3o dos recursos&#8221;.&#8221;Observe-se que, somente ap\u00f3s sua conduta il\u00edcita vir \u00e0 tona, com a expedi\u00e7\u00e3o de of\u00edcio para que a Santa Casa se manifestasse sobre o recebimento dos recursos arrecadados no referido evento, \u00e9 que Nilton Ferreira da Silva declarou a exist\u00eancia de tais valores e efetuou sua devolu\u00e7\u00e3o por meio de pagamento de GRU. Frise-se, mencionada devolu\u00e7\u00e3o ao Minist\u00e9rio do Turismo ocorreu apenas em 18\/5\/2012, ou seja, ap\u00f3s quase tr\u00eas anos da realiza\u00e7\u00e3o do evento e do recebimento dos valores e somente frente \u00e0 deflagra\u00e7\u00e3o de investiga\u00e7\u00e3o sobre os atos praticados&#8221;, relata a den\u00fancia.<\/p>\n<p><strong>Dono da r\u00e1dio<\/strong>\u00a0<\/p>\n<p>Outro questionamento feito pelo MPF diz respeito aos gastos dos recursos p\u00fablicos com o pagamento de inser\u00e7\u00e3o de m\u00eddia na R\u00e1dio Portal FM para divulga\u00e7\u00e3o da Festa da Gentileza. Fato curioso \u00e9 que essa r\u00e1dio pertence ao ex-prefeito em sociedade com a denunciada Zulene Aparecida Leite.<\/p>\n<p>A den\u00fancia registra que &#8220;n\u00e3o fosse suficiente o ex-prefeito ser propriet\u00e1rio da r\u00e1dio que recebeu tais valores, verificou-se tamb\u00e9m que houve superfaturamento em rela\u00e7\u00e3o \u00e0 presta\u00e7\u00e3o dos servi\u00e7os, no montante de R$ 24.360,00&#8221;.<\/p>\n<p>As investiga\u00e7\u00f5es apontaram que enquanto o custo de inser\u00e7\u00e3o comercial em outra r\u00e1dio da cidade \u00e9 de apenas R$ 2,00 por 30 segundos &#8211; e em 2009, esse valor devia ser at\u00e9 menor -, a Portal FM cobrou R$ 60,00 por inser\u00e7\u00e3o para veicular a publicidade do evento, totalizando gastos de R$ 25.200,00.<\/p>\n<p>A pr\u00f3pria emiss\u00e3o da nota fiscal relativa ao recebimento desse valor s\u00f3 ocorreu em 26\/3\/2013, ap\u00f3s a presta\u00e7\u00e3o de contas do conv\u00eanio.<\/p>\n<p>Nilton Ferreira da Silva e sua s\u00f3cia Zulene Ferreira ir\u00e3o responder pelo crime de desvio e apropria\u00e7\u00e3o de recursos p\u00fablicos. O ex-prefeito ainda foi acusado de crimes contra a Lei de Licita\u00e7\u00f5es, pois foi quem autorizou e homologou os processos licitat\u00f3rios fraudados. O representante da MR Transportes e Servi\u00e7os J\u00falio S\u00e9rgio Balieiro foi acusado dos mesmos crimes do ex-prefeito.<\/p>\n<p>Os ent\u00e3o membros da Comiss\u00e3o de Licita\u00e7\u00e3o Silvanito Fernandes, Gisele Cristina e Humberto J\u00fanior tamb\u00e9m respondem pelos crimes da Lei de Licita\u00e7\u00f5es: &#8220;Art. 89.Dispensar ou inexigir licita\u00e7\u00e3o fora das hip\u00f3teses previstas em lei, ou deixar de observar as formalidades pertinentes \u00e0 dispensa ou \u00e0 inexigibilidade&#8221; e &#8220;Art. 90. Frustrar ou fraudar, mediante ajuste, combina\u00e7\u00e3o ou qualquer outro expediente, o car\u00e1ter competitivo do procedimento licitat\u00f3rio, com o intuito de obter, para si ou para outrem, vantagem decorrente da adjudica\u00e7\u00e3o do objeto da licita\u00e7\u00e3o&#8221;.<\/p>\n<p>J\u00e1 Francisco Vieira Neto, ex-diretor de Esporte, Lazer e Turismo, foi acusado de falsidade ideol\u00f3gica, por ter emitido documento informando falsamente a gratuidade do evento, na presta\u00e7\u00e3o de contas ao Minist\u00e9rio do Turismo.<\/p>\n<p>A den\u00fancia foi recebida pela 1\u00aa Vara Federal de Sete Lagoas, tendo sido instaurada a A\u00e7\u00e3o Penal n\u00ba 2133-64.2017.4.01.3812.<\/p>\n<p><strong>Confira abaixo as penas previstas para cada crime:<\/strong><\/p>\n<p>Desvio e apropria\u00e7\u00e3o de dinheiro p\u00fablico (art. 1\u00ba, I, do Decreto-lei 201\/67):<br \/>\nPena &#8211; 2 a 12 anos de pris\u00e3o<\/p>\n<p>Dispensa ou inexigibilidade ilegais de licita\u00e7\u00e3o (art. 89 da Lei 8.666\/93):<br \/>\nPena &#8211; 3 a 5 anos de pris\u00e3o<\/p>\n<p>Fraude \u00e0 licita\u00e7\u00e3o (art. 89 da Lei 8.666\/93):<br \/>\nPena &#8211; 2 a 4 anos de pris\u00e3o<\/p>\n<p>Falsidade ideol\u00f3gica (art. 299 do C\u00f3digo Penal):<br \/>\nPena &#8211; 1 a 5 anos<\/p>\n<p><strong>VER PRIMEIRO<\/strong><\/p>\n<p>Receba as not\u00edcias do Aconteceu no Vale em primeira m\u00e3o. Clique em curtir no endere\u00e7o <a href=\"https:\/\/www.facebook.com\/aconteceunovale\" target=\"_blank\"><font color=\"red\">www.facebook.com\/aconteceunovale<\/font><\/a> ou no box abaixo:<\/p>\n<div class=\"fb-like\" data-href=\"https:\/\/www.facebook.com\/aconteceunovale\" data-width=\"120\" data-layout=\"standard\" data-action=\"like\" data-size=\"small\" data-show-faces=\"true\" data-share=\"true\"><\/div>\n<p><\/br><\/p>\n<p><em>(Fonte: MPF em Minas)<\/em><\/p>\n","protected":false},"excerpt":{"rendered":"<p>O Minist\u00e9rio P\u00fablico Federal (MPF) em Sete Lagoas (MG) denunciou o ex-prefeito de Corinto Nilton Ferreira da Silva pelos crimes de desvio e apropria\u00e7\u00e3o de dinheiro p\u00fablico, dispensa ou inexigibilidade indevidas de procedimento licitat\u00f3rio e fraudes \u00e0 licita\u00e7\u00e3o. O munic\u00edpio de Corinto, com cerca de 24 mil habitantes, localiza-se na regi\u00e3o central de Minas Gerais. [&hellip;]<\/p>\n","protected":false},"author":1,"featured_media":121085,"comment_status":"open","ping_status":"closed","sticky":false,"template":"","format":"standard","meta":{"amp_status":"","footnotes":""},"categories":[123,40240],"tags":[1534,159251,159246,159245,159250,159261,159257,159259,159260,159248,159255,44607,18887,159244,159243,159249,159256,159252,29755,159247,159254,1532,159258,159253],"class_list":["post-121084","post","type-post","status-publish","format-standard","has-post-thumbnail","hentry","category-gerais","category-politica","tag-corinto","tag-corinto-nilton-ferreira-da-silva","tag-denuncia-contra-ex-prefeito-de-corinto","tag-ex-prefeito-de-corinto","tag-ex-prefeito-de-corinto-nilton-ferreira-da-silva","tag-festa-da-gentileza","tag-francisco-goncalves-vieira-neto","tag-gisele-cristina-de-souza","tag-humberto-antunes-junior","tag-investigacao-contra-ex-prefeito-de-corinto","tag-julio-sergio-ferreira-balieiro","tag-ministerio-do-turismo","tag-mpf","tag-mpf-denuncia-ex-prefeito-de-corinto","tag-mpf-denuncia-ex-prefeito-de-corinto-por-desvio-e-apropriacao-de-verba-do-ministerio-do-turismo","tag-mpf-em-sete-lagoas","tag-mr-transportes-e-servicos","tag-nilton-ferreira","tag-nilton-ferreira-da-silva","tag-processo-contra-ex-prefeito-de-corinto","tag-radio-portal-fm","tag-sete-lagoas","tag-silvanito-efigenio-fernandes","tag-zulene-aparecida-leite-ferreira"],"yoast_head":"<!-- This site is optimized with the Yoast SEO plugin v28.3 - https:\/\/yoast.com\/product\/yoast-seo-wordpress\/ -->\n<title>MPF denuncia ex-prefeito de Corinto por desvio e apropria\u00e7\u00e3o de verba do Minist\u00e9rio do Turismo - Aconteceu no Vale<\/title>\n<meta name=\"robots\" content=\"index, follow, max-snippet:-1, max-image-preview:large, max-video-preview:-1\" \/>\n<link rel=\"canonical\" href=\"https:\/\/aconteceunovale.com.br\/portal\/?p=121084\" \/>\n<meta property=\"og:locale\" content=\"pt_BR\" \/>\n<meta property=\"og:type\" content=\"article\" \/>\n<meta property=\"og:title\" content=\"MPF denuncia ex-prefeito de Corinto por desvio e apropria\u00e7\u00e3o de verba do Minist\u00e9rio do Turismo - Aconteceu no Vale\" \/>\n<meta property=\"og:description\" content=\"O Minist\u00e9rio P\u00fablico Federal (MPF) em Sete Lagoas (MG) denunciou o ex-prefeito de Corinto Nilton Ferreira da Silva pelos crimes de desvio e apropria\u00e7\u00e3o de dinheiro p\u00fablico, dispensa ou inexigibilidade indevidas de procedimento licitat\u00f3rio e fraudes \u00e0 licita\u00e7\u00e3o. O munic\u00edpio de Corinto, com cerca de 24 mil habitantes, localiza-se na regi\u00e3o central de Minas Gerais. [&hellip;]\" \/>\n<meta property=\"og:url\" content=\"https:\/\/aconteceunovale.com.br\/portal\/?p=121084\" \/>\n<meta property=\"og:site_name\" content=\"Aconteceu no Vale\" \/>\n<meta property=\"article:publisher\" content=\"https:\/\/www.facebook.com\/aconteceunovale\/\" \/>\n<meta property=\"article:published_time\" content=\"2017-09-04T23:18:53+00:00\" \/>\n<meta property=\"og:image\" content=\"https:\/\/aconteceunovale.com.br\/portal\/wp-content\/uploads\/2017\/09\/corinto_mg.jpg\" \/>\n\t<meta property=\"og:image:width\" content=\"559\" \/>\n\t<meta property=\"og:image:height\" content=\"271\" \/>\n\t<meta property=\"og:image:type\" content=\"image\/jpeg\" \/>\n<meta name=\"author\" content=\"Aconteceu no Vale\" \/>\n<meta name=\"twitter:card\" content=\"summary_large_image\" \/>\n<meta name=\"twitter:creator\" content=\"@noticiadosvales\" \/>\n<meta name=\"twitter:site\" content=\"@noticiadosvales\" \/>\n<meta name=\"twitter:label1\" content=\"Escrito por\" \/>\n\t<meta name=\"twitter:data1\" content=\"Aconteceu no Vale\" \/>\n\t<meta name=\"twitter:label2\" content=\"Est. tempo de leitura\" \/>\n\t<meta name=\"twitter:data2\" content=\"7 minutos\" \/>\n<script type=\"application\/ld+json\" class=\"yoast-schema-graph\">{\"@context\":\"https:\\\/\\\/schema.org\",\"@graph\":[{\"@type\":\"Article\",\"@id\":\"https:\\\/\\\/aconteceunovale.com.br\\\/portal\\\/?p=121084#article\",\"isPartOf\":{\"@id\":\"https:\\\/\\\/aconteceunovale.com.br\\\/portal\\\/?p=121084\"},\"author\":{\"name\":\"Aconteceu no Vale\",\"@id\":\"https:\\\/\\\/aconteceunovale.com.br\\\/portal\\\/#\\\/schema\\\/person\\\/633529146f2c94272bef50ac2953d589\"},\"headline\":\"MPF denuncia ex-prefeito de Corinto por desvio e apropria\u00e7\u00e3o de verba do Minist\u00e9rio do Turismo\",\"datePublished\":\"2017-09-04T23:18:53+00:00\",\"mainEntityOfPage\":{\"@id\":\"https:\\\/\\\/aconteceunovale.com.br\\\/portal\\\/?p=121084\"},\"wordCount\":1339,\"commentCount\":0,\"image\":{\"@id\":\"https:\\\/\\\/aconteceunovale.com.br\\\/portal\\\/?p=121084#primaryimage\"},\"thumbnailUrl\":\"https:\\\/\\\/aconteceunovale.com.br\\\/portal\\\/wp-content\\\/uploads\\\/2017\\\/09\\\/corinto_mg.jpg\",\"keywords\":[\"Corinto\",\"Corinto Nilton Ferreira da Silva\",\"Den\u00fancia contra Ex-prefeito de Corinto\",\"Ex-prefeito de Corinto\",\"ex-prefeito de Corinto Nilton Ferreira da Silva\",\"Festa da Gentileza\",\"Francisco Gon\u00e7alves Vieira Neto\",\"Gisele Cristina de Souza\",\"Humberto Antunes J\u00fanior\",\"Investiga\u00e7\u00e3o contra Ex-prefeito de Corinto\",\"J\u00falio S\u00e9rgio Ferreira Balieiro\",\"Minist\u00e9rio do Turismo\",\"MPF\",\"MPF denuncia ex-prefeito de Corinto\",\"MPF denuncia ex-prefeito de Corinto por desvio e apropria\u00e7\u00e3o de verba do Minist\u00e9rio do Turismo\",\"MPF em Sete Lagoas\",\"MR Transportes e Servi\u00e7os\",\"Nilton Ferreira\",\"Nilton Ferreira da Silva\",\"Processo contra Ex-prefeito de Corinto\",\"R\u00e1dio Portal FM\",\"Sete Lagoas\",\"Silvanito Efig\u00eanio Fernandes\",\"Zulene Aparecida Leite Ferreira\"],\"articleSection\":[\"Minas Gerais\",\"Pol\u00edtica\"],\"inLanguage\":\"pt-BR\",\"potentialAction\":[{\"@type\":\"CommentAction\",\"name\":\"Comment\",\"target\":[\"https:\\\/\\\/aconteceunovale.com.br\\\/portal\\\/?p=121084#respond\"]}]},{\"@type\":\"WebPage\",\"@id\":\"https:\\\/\\\/aconteceunovale.com.br\\\/portal\\\/?p=121084\",\"url\":\"https:\\\/\\\/aconteceunovale.com.br\\\/portal\\\/?p=121084\",\"name\":\"MPF denuncia ex-prefeito de Corinto por desvio e apropria\u00e7\u00e3o de verba do Minist\u00e9rio do Turismo - Aconteceu no Vale\",\"isPartOf\":{\"@id\":\"https:\\\/\\\/aconteceunovale.com.br\\\/portal\\\/#website\"},\"primaryImageOfPage\":{\"@id\":\"https:\\\/\\\/aconteceunovale.com.br\\\/portal\\\/?p=121084#primaryimage\"},\"image\":{\"@id\":\"https:\\\/\\\/aconteceunovale.com.br\\\/portal\\\/?p=121084#primaryimage\"},\"thumbnailUrl\":\"https:\\\/\\\/aconteceunovale.com.br\\\/portal\\\/wp-content\\\/uploads\\\/2017\\\/09\\\/corinto_mg.jpg\",\"datePublished\":\"2017-09-04T23:18:53+00:00\",\"author\":{\"@id\":\"https:\\\/\\\/aconteceunovale.com.br\\\/portal\\\/#\\\/schema\\\/person\\\/633529146f2c94272bef50ac2953d589\"},\"breadcrumb\":{\"@id\":\"https:\\\/\\\/aconteceunovale.com.br\\\/portal\\\/?p=121084#breadcrumb\"},\"inLanguage\":\"pt-BR\",\"potentialAction\":[{\"@type\":\"ReadAction\",\"target\":[\"https:\\\/\\\/aconteceunovale.com.br\\\/portal\\\/?p=121084\"]}]},{\"@type\":\"ImageObject\",\"inLanguage\":\"pt-BR\",\"@id\":\"https:\\\/\\\/aconteceunovale.com.br\\\/portal\\\/?p=121084#primaryimage\",\"url\":\"https:\\\/\\\/aconteceunovale.com.br\\\/portal\\\/wp-content\\\/uploads\\\/2017\\\/09\\\/corinto_mg.jpg\",\"contentUrl\":\"https:\\\/\\\/aconteceunovale.com.br\\\/portal\\\/wp-content\\\/uploads\\\/2017\\\/09\\\/corinto_mg.jpg\",\"width\":559,\"height\":271},{\"@type\":\"BreadcrumbList\",\"@id\":\"https:\\\/\\\/aconteceunovale.com.br\\\/portal\\\/?p=121084#breadcrumb\",\"itemListElement\":[{\"@type\":\"ListItem\",\"position\":1,\"name\":\"In\u00edcio\",\"item\":\"https:\\\/\\\/aconteceunovale.com.br\\\/portal\\\/\"},{\"@type\":\"ListItem\",\"position\":2,\"name\":\"MPF denuncia ex-prefeito de Corinto por desvio e apropria\u00e7\u00e3o de verba do Minist\u00e9rio do Turismo\"}]},{\"@type\":\"WebSite\",\"@id\":\"https:\\\/\\\/aconteceunovale.com.br\\\/portal\\\/#website\",\"url\":\"https:\\\/\\\/aconteceunovale.com.br\\\/portal\\\/\",\"name\":\"Aconteceu no Vale\",\"description\":\"Portal de Not\u00edcias\",\"potentialAction\":[{\"@type\":\"SearchAction\",\"target\":{\"@type\":\"EntryPoint\",\"urlTemplate\":\"https:\\\/\\\/aconteceunovale.com.br\\\/portal\\\/?s={search_term_string}\"},\"query-input\":{\"@type\":\"PropertyValueSpecification\",\"valueRequired\":true,\"valueName\":\"search_term_string\"}}],\"inLanguage\":\"pt-BR\"},{\"@type\":\"Person\",\"@id\":\"https:\\\/\\\/aconteceunovale.com.br\\\/portal\\\/#\\\/schema\\\/person\\\/633529146f2c94272bef50ac2953d589\",\"name\":\"Aconteceu no Vale\",\"description\":\"Equipe de reportagem do Aconteceu no Vale, portal de not\u00edcias do Vale do Jequitinhonha, em Minas Gerais. Cobrimos as 51 cidades do Vale desde 2013. Sugest\u00f5es de pauta e pedidos de corre\u00e7\u00e3o: contato@aconteceunovale.com.br\",\"sameAs\":[\"http:\\\/\\\/www.aconteceunovale.com.br\"],\"url\":\"https:\\\/\\\/aconteceunovale.com.br\\\/portal\\\/?author=1\"}]}<\/script>\n<!-- \/ Yoast SEO plugin. -->","yoast_head_json":{"title":"MPF denuncia ex-prefeito de Corinto por desvio e apropria\u00e7\u00e3o de verba do Minist\u00e9rio do Turismo - Aconteceu no Vale","robots":{"index":"index","follow":"follow","max-snippet":"max-snippet:-1","max-image-preview":"max-image-preview:large","max-video-preview":"max-video-preview:-1"},"canonical":"https:\/\/aconteceunovale.com.br\/portal\/?p=121084","og_locale":"pt_BR","og_type":"article","og_title":"MPF denuncia ex-prefeito de Corinto por desvio e apropria\u00e7\u00e3o de verba do Minist\u00e9rio do Turismo - Aconteceu no Vale","og_description":"O Minist\u00e9rio P\u00fablico Federal (MPF) em Sete Lagoas (MG) denunciou o ex-prefeito de Corinto Nilton Ferreira da Silva pelos crimes de desvio e apropria\u00e7\u00e3o de dinheiro p\u00fablico, dispensa ou inexigibilidade indevidas de procedimento licitat\u00f3rio e fraudes \u00e0 licita\u00e7\u00e3o. O munic\u00edpio de Corinto, com cerca de 24 mil habitantes, localiza-se na regi\u00e3o central de Minas Gerais. [&hellip;]","og_url":"https:\/\/aconteceunovale.com.br\/portal\/?p=121084","og_site_name":"Aconteceu no Vale","article_publisher":"https:\/\/www.facebook.com\/aconteceunovale\/","article_published_time":"2017-09-04T23:18:53+00:00","og_image":[{"width":559,"height":271,"url":"https:\/\/aconteceunovale.com.br\/portal\/wp-content\/uploads\/2017\/09\/corinto_mg.jpg","type":"image\/jpeg"}],"author":"Aconteceu no Vale","twitter_card":"summary_large_image","twitter_creator":"@noticiadosvales","twitter_site":"@noticiadosvales","twitter_misc":{"Escrito por":"Aconteceu no Vale","Est. tempo de leitura":"7 minutos"},"schema":{"@context":"https:\/\/schema.org","@graph":[{"@type":"Article","@id":"https:\/\/aconteceunovale.com.br\/portal\/?p=121084#article","isPartOf":{"@id":"https:\/\/aconteceunovale.com.br\/portal\/?p=121084"},"author":{"name":"Aconteceu no Vale","@id":"https:\/\/aconteceunovale.com.br\/portal\/#\/schema\/person\/633529146f2c94272bef50ac2953d589"},"headline":"MPF denuncia ex-prefeito de Corinto por desvio e apropria\u00e7\u00e3o de verba do Minist\u00e9rio do Turismo","datePublished":"2017-09-04T23:18:53+00:00","mainEntityOfPage":{"@id":"https:\/\/aconteceunovale.com.br\/portal\/?p=121084"},"wordCount":1339,"commentCount":0,"image":{"@id":"https:\/\/aconteceunovale.com.br\/portal\/?p=121084#primaryimage"},"thumbnailUrl":"https:\/\/aconteceunovale.com.br\/portal\/wp-content\/uploads\/2017\/09\/corinto_mg.jpg","keywords":["Corinto","Corinto Nilton Ferreira da Silva","Den\u00fancia contra Ex-prefeito de Corinto","Ex-prefeito de Corinto","ex-prefeito de Corinto Nilton Ferreira da Silva","Festa da Gentileza","Francisco Gon\u00e7alves Vieira Neto","Gisele Cristina de Souza","Humberto Antunes J\u00fanior","Investiga\u00e7\u00e3o contra Ex-prefeito de Corinto","J\u00falio S\u00e9rgio Ferreira Balieiro","Minist\u00e9rio do Turismo","MPF","MPF denuncia ex-prefeito de Corinto","MPF denuncia ex-prefeito de Corinto por desvio e apropria\u00e7\u00e3o de verba do Minist\u00e9rio do Turismo","MPF em Sete Lagoas","MR Transportes e Servi\u00e7os","Nilton Ferreira","Nilton Ferreira da Silva","Processo contra Ex-prefeito de Corinto","R\u00e1dio Portal FM","Sete Lagoas","Silvanito Efig\u00eanio Fernandes","Zulene Aparecida Leite Ferreira"],"articleSection":["Minas Gerais","Pol\u00edtica"],"inLanguage":"pt-BR","potentialAction":[{"@type":"CommentAction","name":"Comment","target":["https:\/\/aconteceunovale.com.br\/portal\/?p=121084#respond"]}]},{"@type":"WebPage","@id":"https:\/\/aconteceunovale.com.br\/portal\/?p=121084","url":"https:\/\/aconteceunovale.com.br\/portal\/?p=121084","name":"MPF denuncia ex-prefeito de Corinto por desvio e apropria\u00e7\u00e3o de verba do Minist\u00e9rio do Turismo - Aconteceu no Vale","isPartOf":{"@id":"https:\/\/aconteceunovale.com.br\/portal\/#website"},"primaryImageOfPage":{"@id":"https:\/\/aconteceunovale.com.br\/portal\/?p=121084#primaryimage"},"image":{"@id":"https:\/\/aconteceunovale.com.br\/portal\/?p=121084#primaryimage"},"thumbnailUrl":"https:\/\/aconteceunovale.com.br\/portal\/wp-content\/uploads\/2017\/09\/corinto_mg.jpg","datePublished":"2017-09-04T23:18:53+00:00","author":{"@id":"https:\/\/aconteceunovale.com.br\/portal\/#\/schema\/person\/633529146f2c94272bef50ac2953d589"},"breadcrumb":{"@id":"https:\/\/aconteceunovale.com.br\/portal\/?p=121084#breadcrumb"},"inLanguage":"pt-BR","potentialAction":[{"@type":"ReadAction","target":["https:\/\/aconteceunovale.com.br\/portal\/?p=121084"]}]},{"@type":"ImageObject","inLanguage":"pt-BR","@id":"https:\/\/aconteceunovale.com.br\/portal\/?p=121084#primaryimage","url":"https:\/\/aconteceunovale.com.br\/portal\/wp-content\/uploads\/2017\/09\/corinto_mg.jpg","contentUrl":"https:\/\/aconteceunovale.com.br\/portal\/wp-content\/uploads\/2017\/09\/corinto_mg.jpg","width":559,"height":271},{"@type":"BreadcrumbList","@id":"https:\/\/aconteceunovale.com.br\/portal\/?p=121084#breadcrumb","itemListElement":[{"@type":"ListItem","position":1,"name":"In\u00edcio","item":"https:\/\/aconteceunovale.com.br\/portal\/"},{"@type":"ListItem","position":2,"name":"MPF denuncia ex-prefeito de Corinto por desvio e apropria\u00e7\u00e3o de verba do Minist\u00e9rio do Turismo"}]},{"@type":"WebSite","@id":"https:\/\/aconteceunovale.com.br\/portal\/#website","url":"https:\/\/aconteceunovale.com.br\/portal\/","name":"Aconteceu no Vale","description":"Portal de Not\u00edcias","potentialAction":[{"@type":"SearchAction","target":{"@type":"EntryPoint","urlTemplate":"https:\/\/aconteceunovale.com.br\/portal\/?s={search_term_string}"},"query-input":{"@type":"PropertyValueSpecification","valueRequired":true,"valueName":"search_term_string"}}],"inLanguage":"pt-BR"},{"@type":"Person","@id":"https:\/\/aconteceunovale.com.br\/portal\/#\/schema\/person\/633529146f2c94272bef50ac2953d589","name":"Aconteceu no Vale","description":"Equipe de reportagem do Aconteceu no Vale, portal de not\u00edcias do Vale do Jequitinhonha, em Minas Gerais. Cobrimos as 51 cidades do Vale desde 2013. Sugest\u00f5es de pauta e pedidos de corre\u00e7\u00e3o: contato@aconteceunovale.com.br","sameAs":["http:\/\/www.aconteceunovale.com.br"],"url":"https:\/\/aconteceunovale.com.br\/portal\/?author=1"}]}},"_links":{"self":[{"href":"https:\/\/aconteceunovale.com.br\/portal\/index.php?rest_route=\/wp\/v2\/posts\/121084","targetHints":{"allow":["GET"]}}],"collection":[{"href":"https:\/\/aconteceunovale.com.br\/portal\/index.php?rest_route=\/wp\/v2\/posts"}],"about":[{"href":"https:\/\/aconteceunovale.com.br\/portal\/index.php?rest_route=\/wp\/v2\/types\/post"}],"author":[{"embeddable":true,"href":"https:\/\/aconteceunovale.com.br\/portal\/index.php?rest_route=\/wp\/v2\/users\/1"}],"replies":[{"embeddable":true,"href":"https:\/\/aconteceunovale.com.br\/portal\/index.php?rest_route=%2Fwp%2Fv2%2Fcomments&post=121084"}],"version-history":[{"count":0,"href":"https:\/\/aconteceunovale.com.br\/portal\/index.php?rest_route=\/wp\/v2\/posts\/121084\/revisions"}],"wp:featuredmedia":[{"embeddable":true,"href":"https:\/\/aconteceunovale.com.br\/portal\/index.php?rest_route=\/wp\/v2\/media\/121085"}],"wp:attachment":[{"href":"https:\/\/aconteceunovale.com.br\/portal\/index.php?rest_route=%2Fwp%2Fv2%2Fmedia&parent=121084"}],"wp:term":[{"taxonomy":"category","embeddable":true,"href":"https:\/\/aconteceunovale.com.br\/portal\/index.php?rest_route=%2Fwp%2Fv2%2Fcategories&post=121084"},{"taxonomy":"post_tag","embeddable":true,"href":"https:\/\/aconteceunovale.com.br\/portal\/index.php?rest_route=%2Fwp%2Fv2%2Ftags&post=121084"}],"curies":[{"name":"wp","href":"https:\/\/api.w.org\/{rel}","templated":true}]}}