{"id":121081,"date":"2017-09-04T21:06:00","date_gmt":"2017-09-04T23:06:00","guid":{"rendered":"http:\/\/aconteceunovale.com.br\/portal\/?p=121081"},"modified":"2026-09-02T12:50:47","modified_gmt":"2026-09-02T15:50:47","slug":"fiscalizacao-do-procon-mg-interdita-estabelecimentos-e-apreende-cerca-de-15-tonelada-de-alimentos-irregulares-em-diamantina","status":"publish","type":"post","link":"https:\/\/aconteceunovale.com.br\/portal\/?p=121081","title":{"rendered":"Fiscaliza\u00e7\u00e3o do Procon-MG interdita estabelecimentos e apreende cerca de 1,5 tonelada de alimentos irregulares em Diamantina"},"content":{"rendered":"<p>Uma fiscaliza\u00e7\u00e3o realizada pelo Procon-MG, \u00f3rg\u00e3o integrante do Minist\u00e9rio P\u00fablico de Minas Gerais, em 53 a\u00e7ougues, supermercados e padarias de Diamantina, na regi\u00e3o do Jequitinhonha, autuou 37 estabelecimentos por irregularidades em produtos aliment\u00edcios. Al\u00e9m disso, houve oito interdi\u00e7\u00f5es totais e seis interdi\u00e7\u00f5es parciais. Logo ap\u00f3s as interdi\u00e7\u00f5es, alguns fornecedores reabriram seus estabelecimentos, o que provocou a condu\u00e7\u00e3o deles at\u00e9 a delegacia por descumprimento da ordem de interdi\u00e7\u00e3o.<\/p>\n<p>Durante a opera\u00e7\u00e3o, foram apreendidos 370 quilos de carne bovina, 345 quilos de carne su\u00edna, 384 quilos de queijos, 1.440 ovos de galinha de granja e 330 quilos de outros produtos de origem animal. Os principais problemas encontrados foram carne bovina sem proced\u00eancia e sem nota fiscal, queijos sem registro do \u00f3rg\u00e3o competente, com registro falsificado ou adulterado, produtos vencidos ou sem prazo de validade, embalagem avariada e acondicionamento inadequado de produtos congelados.<\/p>\n<p>Foram abertos processos administrativos contra todos os estabelecimentos autuados, que tiveram 10 dias para apresentar defesa na Promotoria de Justi\u00e7a da cidade. Alguns deles j\u00e1 regularizaram a situa\u00e7\u00e3o e foram autorizados a voltar a funcionar.<\/p>\n<p>De acordo com o promotor de Justi\u00e7a da 3\u00aa Promotoria de Diamantina Paulo M\u00e1rcio da Silva, a fiscaliza\u00e7\u00e3o foi motivada por um grande n\u00famero de den\u00fancias de irregularidades, principalmente de abate clandestino e de produtos com prazo de validade vencido.<\/p>\n<p>O promotor informou que a opera\u00e7\u00e3o teve objetivo imediato de retirar, das prateleiras, os produtos que n\u00e3o estavam aptos para o consumo humano. \u201cNosso foco \u00e9 defender os interesses do consumidor\u201d,disse. Al\u00e9m disso, conforme explicou, a opera\u00e7\u00e3o tamb\u00e9m possui car\u00e1ter pedag\u00f3gico. \u201cO objetivo n\u00e3o \u00e9 prejudicar os fornecedores. Pelo contr\u00e1rio, queremos que eles voltem a funcionar e trabalhem de acordo com o que a legisla\u00e7\u00e3o determina.\u201d<\/p>\n<p>A fiscaliza\u00e7\u00e3o do Procon-MG foi realizada em conjunto com o Instituto Mineiro de Agropecu\u00e1ria (IMA), Secretaria Estadual de Fazenda (SEF) e Vigil\u00e2ncia Sanit\u00e1ria Municipal, com apoio da Pol\u00edcia Militar e da Pol\u00edcia Ambiental.<\/p>\n<p><strong>Combust\u00edveis<\/strong><\/p>\n<p>A equipe de fiscais do Procon-MG tamb\u00e9m esteve em todos os seis postos de combust\u00edveis de Diamantina para analisar a qualidade do etanol e da gasolina, aferir os bicos medidores das bombas, verificar a documenta\u00e7\u00e3o dos estabelecimentos e as informa\u00e7\u00f5es obrigat\u00f3rias que devem ser fornecidas ao consumidor. Nenhum posto foi autuado. A opera\u00e7\u00e3o dos combust\u00edveis foi realizada pelo Procon-MG em parceria com a Ag\u00eancia Nacional do Petr\u00f3leo (ANP) e SEF.<\/p>\n<p>Os consumidores que suspeitarem de irregularidades em qualquer segmento de consumo podem fazer den\u00fancias no<span style=\"text-decoration: underline;\"><span style=\"color: #ff0000; text-decoration: underline;\">\u00a0<a href=\"http:\/\/www.mpmg.mp.br\/areas-de-atuacao\/defesa-do-cidadao\/consumidor\/reclamacao-consultas\/\"><span style=\"color: #ff0000; text-decoration: underline;\">site do Procon-MG<\/span><\/a><\/span><\/span>.<\/p>\n<p><strong>VER PRIMEIRO<\/strong><\/p>\n<p>Receba as not\u00edcias do Aconteceu no Vale em primeira m\u00e3o. Clique em curtir no endere\u00e7o <a href=\"https:\/\/www.facebook.com\/aconteceunovale\" target=\"_blank\"><font color=\"red\">www.facebook.com\/aconteceunovale<\/font><\/a> ou no box abaixo:<\/p>\n<div class=\"fb-like\" data-href=\"https:\/\/www.facebook.com\/aconteceunovale\" data-width=\"120\" data-layout=\"standard\" data-action=\"like\" data-size=\"small\" data-show-faces=\"true\" data-share=\"true\"><\/div>\n<p><\/br><\/p>\n<p><em>(Fonte: MPMG)<\/em><\/p>\n","protected":false},"excerpt":{"rendered":"<p>Uma fiscaliza\u00e7\u00e3o realizada pelo Procon-MG, \u00f3rg\u00e3o integrante do Minist\u00e9rio P\u00fablico de Minas Gerais, em 53 a\u00e7ougues, supermercados e padarias de Diamantina, na regi\u00e3o do Jequitinhonha, autuou 37 estabelecimentos por irregularidades em produtos aliment\u00edcios. Al\u00e9m disso, houve oito interdi\u00e7\u00f5es totais e seis interdi\u00e7\u00f5es parciais. Logo ap\u00f3s as interdi\u00e7\u00f5es, alguns fornecedores reabriram seus estabelecimentos, o que provocou [&hellip;]<\/p>\n","protected":false},"author":1,"featured_media":121082,"comment_status":"open","ping_status":"closed","sticky":false,"template":"","format":"standard","meta":{"amp_status":"","footnotes":""},"categories":[272543,120],"tags":[159241,198,159237,159240,159242,19674,19675,159239,79319,67470,159238],"class_list":["post-121081","post","type-post","status-publish","format-standard","has-post-thumbnail","hentry","category-diamantina","category-jequi","tag-5-tonelada-de-alimentos-irregulares-em-diamantina","tag-diamantina","tag-fiscalizacao-do-procon-mg","tag-fiscalizacao-do-procon-mg-interdita-estabelecimentos-e-apreende-cerca-de-1","tag-fiscalizacao-do-procon-mg-interdita-estabelecimentos-e-apreende-cerca-de-1500-quilos-de-alimentos-irregulares-em-diamantina","tag-ministerio-publico-de-minas-gerais","tag-mpmg","tag-operacao-do-procon-em-diamantina","tag-operacao-em-diamantina","tag-procon-mg","tag-site-do-procon-mg"],"yoast_head":"<!-- This site is optimized with the Yoast SEO plugin v28.3 - https:\/\/yoast.com\/product\/yoast-seo-wordpress\/ -->\n<title>Fiscaliza\u00e7\u00e3o do Procon-MG interdita estabelecimentos e apreende cerca de 1,5 tonelada de alimentos irregulares em Diamantina - Aconteceu no Vale<\/title>\n<meta name=\"robots\" content=\"index, follow, max-snippet:-1, max-image-preview:large, max-video-preview:-1\" \/>\n<link rel=\"canonical\" href=\"https:\/\/aconteceunovale.com.br\/portal\/?p=121081\" \/>\n<meta property=\"og:locale\" content=\"pt_BR\" \/>\n<meta property=\"og:type\" content=\"article\" \/>\n<meta property=\"og:title\" content=\"Fiscaliza\u00e7\u00e3o do Procon-MG interdita estabelecimentos e apreende cerca de 1,5 tonelada de alimentos irregulares em Diamantina - Aconteceu no Vale\" \/>\n<meta property=\"og:description\" content=\"Uma fiscaliza\u00e7\u00e3o realizada pelo Procon-MG, \u00f3rg\u00e3o integrante do Minist\u00e9rio P\u00fablico de Minas Gerais, em 53 a\u00e7ougues, supermercados e padarias de Diamantina, na regi\u00e3o do Jequitinhonha, autuou 37 estabelecimentos por irregularidades em produtos aliment\u00edcios. Al\u00e9m disso, houve oito interdi\u00e7\u00f5es totais e seis interdi\u00e7\u00f5es parciais. Logo ap\u00f3s as interdi\u00e7\u00f5es, alguns fornecedores reabriram seus estabelecimentos, o que provocou [&hellip;]\" \/>\n<meta property=\"og:url\" content=\"https:\/\/aconteceunovale.com.br\/portal\/?p=121081\" \/>\n<meta property=\"og:site_name\" content=\"Aconteceu no Vale\" \/>\n<meta property=\"article:publisher\" content=\"https:\/\/www.facebook.com\/aconteceunovale\/\" \/>\n<meta property=\"article:published_time\" content=\"2017-09-04T23:06:00+00:00\" \/>\n<meta property=\"article:modified_time\" content=\"2026-09-02T15:50:47+00:00\" \/>\n<meta property=\"og:image\" content=\"https:\/\/aconteceunovale.com.br\/portal\/wp-content\/uploads\/2017\/09\/viatura_procon_mg.jpg\" \/>\n\t<meta property=\"og:image:width\" content=\"678\" \/>\n\t<meta property=\"og:image:height\" content=\"342\" \/>\n\t<meta property=\"og:image:type\" content=\"image\/jpeg\" \/>\n<meta name=\"author\" content=\"Aconteceu no Vale\" \/>\n<meta name=\"twitter:card\" content=\"summary_large_image\" \/>\n<meta name=\"twitter:creator\" content=\"@noticiadosvales\" \/>\n<meta name=\"twitter:site\" content=\"@noticiadosvales\" \/>\n<meta name=\"twitter:label1\" content=\"Escrito por\" \/>\n\t<meta name=\"twitter:data1\" content=\"Aconteceu no Vale\" \/>\n\t<meta name=\"twitter:label2\" content=\"Est. tempo de leitura\" \/>\n\t<meta name=\"twitter:data2\" content=\"2 minutos\" \/>\n<script type=\"application\/ld+json\" class=\"yoast-schema-graph\">{\"@context\":\"https:\\\/\\\/schema.org\",\"@graph\":[{\"@type\":\"Article\",\"@id\":\"https:\\\/\\\/aconteceunovale.com.br\\\/portal\\\/?p=121081#article\",\"isPartOf\":{\"@id\":\"https:\\\/\\\/aconteceunovale.com.br\\\/portal\\\/?p=121081\"},\"author\":{\"name\":\"Aconteceu no Vale\",\"@id\":\"https:\\\/\\\/aconteceunovale.com.br\\\/portal\\\/#\\\/schema\\\/person\\\/633529146f2c94272bef50ac2953d589\"},\"headline\":\"Fiscaliza\u00e7\u00e3o do Procon-MG interdita estabelecimentos e apreende cerca de 1,5 tonelada de alimentos irregulares em Diamantina\",\"datePublished\":\"2017-09-04T23:06:00+00:00\",\"dateModified\":\"2026-09-02T15:50:47+00:00\",\"mainEntityOfPage\":{\"@id\":\"https:\\\/\\\/aconteceunovale.com.br\\\/portal\\\/?p=121081\"},\"wordCount\":491,\"commentCount\":0,\"image\":{\"@id\":\"https:\\\/\\\/aconteceunovale.com.br\\\/portal\\\/?p=121081#primaryimage\"},\"thumbnailUrl\":\"https:\\\/\\\/aconteceunovale.com.br\\\/portal\\\/wp-content\\\/uploads\\\/2017\\\/09\\\/viatura_procon_mg.jpg\",\"keywords\":[\"5 tonelada de alimentos irregulares em Diamantina\",\"Diamantina\",\"Fiscaliza\u00e7\u00e3o do Procon-MG\",\"Fiscaliza\u00e7\u00e3o do Procon-MG interdita estabelecimentos e apreende cerca de 1\",\"Fiscaliza\u00e7\u00e3o do Procon-MG interdita estabelecimentos e apreende cerca de 1500 quilos de alimentos irregulares em Diamantina\",\"Minist\u00e9rio P\u00fablico de Minas Gerais\",\"MPMG\",\"Opera\u00e7\u00e3o do Procon em Diamantina\",\"Opera\u00e7\u00e3o em Diamantina\",\"Procon-MG\",\"Site do Procon-MG\"],\"articleSection\":[\"Diamantina\",\"Vale do Jequitinhonha\"],\"inLanguage\":\"pt-BR\",\"potentialAction\":[{\"@type\":\"CommentAction\",\"name\":\"Comment\",\"target\":[\"https:\\\/\\\/aconteceunovale.com.br\\\/portal\\\/?p=121081#respond\"]}]},{\"@type\":\"WebPage\",\"@id\":\"https:\\\/\\\/aconteceunovale.com.br\\\/portal\\\/?p=121081\",\"url\":\"https:\\\/\\\/aconteceunovale.com.br\\\/portal\\\/?p=121081\",\"name\":\"Fiscaliza\u00e7\u00e3o do Procon-MG interdita estabelecimentos e apreende cerca de 1,5 tonelada de alimentos irregulares em Diamantina - Aconteceu no Vale\",\"isPartOf\":{\"@id\":\"https:\\\/\\\/aconteceunovale.com.br\\\/portal\\\/#website\"},\"primaryImageOfPage\":{\"@id\":\"https:\\\/\\\/aconteceunovale.com.br\\\/portal\\\/?p=121081#primaryimage\"},\"image\":{\"@id\":\"https:\\\/\\\/aconteceunovale.com.br\\\/portal\\\/?p=121081#primaryimage\"},\"thumbnailUrl\":\"https:\\\/\\\/aconteceunovale.com.br\\\/portal\\\/wp-content\\\/uploads\\\/2017\\\/09\\\/viatura_procon_mg.jpg\",\"datePublished\":\"2017-09-04T23:06:00+00:00\",\"dateModified\":\"2026-09-02T15:50:47+00:00\",\"author\":{\"@id\":\"https:\\\/\\\/aconteceunovale.com.br\\\/portal\\\/#\\\/schema\\\/person\\\/633529146f2c94272bef50ac2953d589\"},\"breadcrumb\":{\"@id\":\"https:\\\/\\\/aconteceunovale.com.br\\\/portal\\\/?p=121081#breadcrumb\"},\"inLanguage\":\"pt-BR\",\"potentialAction\":[{\"@type\":\"ReadAction\",\"target\":[\"https:\\\/\\\/aconteceunovale.com.br\\\/portal\\\/?p=121081\"]}]},{\"@type\":\"ImageObject\",\"inLanguage\":\"pt-BR\",\"@id\":\"https:\\\/\\\/aconteceunovale.com.br\\\/portal\\\/?p=121081#primaryimage\",\"url\":\"https:\\\/\\\/aconteceunovale.com.br\\\/portal\\\/wp-content\\\/uploads\\\/2017\\\/09\\\/viatura_procon_mg.jpg\",\"contentUrl\":\"https:\\\/\\\/aconteceunovale.com.br\\\/portal\\\/wp-content\\\/uploads\\\/2017\\\/09\\\/viatura_procon_mg.jpg\",\"width\":678,\"height\":342},{\"@type\":\"BreadcrumbList\",\"@id\":\"https:\\\/\\\/aconteceunovale.com.br\\\/portal\\\/?p=121081#breadcrumb\",\"itemListElement\":[{\"@type\":\"ListItem\",\"position\":1,\"name\":\"In\u00edcio\",\"item\":\"https:\\\/\\\/aconteceunovale.com.br\\\/portal\\\/\"},{\"@type\":\"ListItem\",\"position\":2,\"name\":\"Fiscaliza\u00e7\u00e3o do Procon-MG interdita estabelecimentos e apreende cerca de 1,5 tonelada de alimentos irregulares em Diamantina\"}]},{\"@type\":\"WebSite\",\"@id\":\"https:\\\/\\\/aconteceunovale.com.br\\\/portal\\\/#website\",\"url\":\"https:\\\/\\\/aconteceunovale.com.br\\\/portal\\\/\",\"name\":\"Aconteceu no Vale\",\"description\":\"Portal de Not\u00edcias\",\"potentialAction\":[{\"@type\":\"SearchAction\",\"target\":{\"@type\":\"EntryPoint\",\"urlTemplate\":\"https:\\\/\\\/aconteceunovale.com.br\\\/portal\\\/?s={search_term_string}\"},\"query-input\":{\"@type\":\"PropertyValueSpecification\",\"valueRequired\":true,\"valueName\":\"search_term_string\"}}],\"inLanguage\":\"pt-BR\"},{\"@type\":\"Person\",\"@id\":\"https:\\\/\\\/aconteceunovale.com.br\\\/portal\\\/#\\\/schema\\\/person\\\/633529146f2c94272bef50ac2953d589\",\"name\":\"Aconteceu no Vale\",\"description\":\"Equipe de reportagem do Aconteceu no Vale, portal de not\u00edcias do Vale do Jequitinhonha, em Minas Gerais. Cobrimos as 51 cidades do Vale desde 2013. Sugest\u00f5es de pauta e pedidos de corre\u00e7\u00e3o: contato@aconteceunovale.com.br\",\"sameAs\":[\"http:\\\/\\\/www.aconteceunovale.com.br\"],\"url\":\"https:\\\/\\\/aconteceunovale.com.br\\\/portal\\\/?author=1\"}]}<\/script>\n<!-- \/ Yoast SEO plugin. -->","yoast_head_json":{"title":"Fiscaliza\u00e7\u00e3o do Procon-MG interdita estabelecimentos e apreende cerca de 1,5 tonelada de alimentos irregulares em Diamantina - Aconteceu no Vale","robots":{"index":"index","follow":"follow","max-snippet":"max-snippet:-1","max-image-preview":"max-image-preview:large","max-video-preview":"max-video-preview:-1"},"canonical":"https:\/\/aconteceunovale.com.br\/portal\/?p=121081","og_locale":"pt_BR","og_type":"article","og_title":"Fiscaliza\u00e7\u00e3o do Procon-MG interdita estabelecimentos e apreende cerca de 1,5 tonelada de alimentos irregulares em Diamantina - Aconteceu no Vale","og_description":"Uma fiscaliza\u00e7\u00e3o realizada pelo Procon-MG, \u00f3rg\u00e3o integrante do Minist\u00e9rio P\u00fablico de Minas Gerais, em 53 a\u00e7ougues, supermercados e padarias de Diamantina, na regi\u00e3o do Jequitinhonha, autuou 37 estabelecimentos por irregularidades em produtos aliment\u00edcios. Al\u00e9m disso, houve oito interdi\u00e7\u00f5es totais e seis interdi\u00e7\u00f5es parciais. Logo ap\u00f3s as interdi\u00e7\u00f5es, alguns fornecedores reabriram seus estabelecimentos, o que provocou [&hellip;]","og_url":"https:\/\/aconteceunovale.com.br\/portal\/?p=121081","og_site_name":"Aconteceu no Vale","article_publisher":"https:\/\/www.facebook.com\/aconteceunovale\/","article_published_time":"2017-09-04T23:06:00+00:00","article_modified_time":"2026-09-02T15:50:47+00:00","og_image":[{"width":678,"height":342,"url":"https:\/\/aconteceunovale.com.br\/portal\/wp-content\/uploads\/2017\/09\/viatura_procon_mg.jpg","type":"image\/jpeg"}],"author":"Aconteceu no Vale","twitter_card":"summary_large_image","twitter_creator":"@noticiadosvales","twitter_site":"@noticiadosvales","twitter_misc":{"Escrito por":"Aconteceu no Vale","Est. tempo de leitura":"2 minutos"},"schema":{"@context":"https:\/\/schema.org","@graph":[{"@type":"Article","@id":"https:\/\/aconteceunovale.com.br\/portal\/?p=121081#article","isPartOf":{"@id":"https:\/\/aconteceunovale.com.br\/portal\/?p=121081"},"author":{"name":"Aconteceu no Vale","@id":"https:\/\/aconteceunovale.com.br\/portal\/#\/schema\/person\/633529146f2c94272bef50ac2953d589"},"headline":"Fiscaliza\u00e7\u00e3o do Procon-MG interdita estabelecimentos e apreende cerca de 1,5 tonelada de alimentos irregulares em Diamantina","datePublished":"2017-09-04T23:06:00+00:00","dateModified":"2026-09-02T15:50:47+00:00","mainEntityOfPage":{"@id":"https:\/\/aconteceunovale.com.br\/portal\/?p=121081"},"wordCount":491,"commentCount":0,"image":{"@id":"https:\/\/aconteceunovale.com.br\/portal\/?p=121081#primaryimage"},"thumbnailUrl":"https:\/\/aconteceunovale.com.br\/portal\/wp-content\/uploads\/2017\/09\/viatura_procon_mg.jpg","keywords":["5 tonelada de alimentos irregulares em Diamantina","Diamantina","Fiscaliza\u00e7\u00e3o do Procon-MG","Fiscaliza\u00e7\u00e3o do Procon-MG interdita estabelecimentos e apreende cerca de 1","Fiscaliza\u00e7\u00e3o do Procon-MG interdita estabelecimentos e apreende cerca de 1500 quilos de alimentos irregulares em Diamantina","Minist\u00e9rio P\u00fablico de Minas Gerais","MPMG","Opera\u00e7\u00e3o do Procon em Diamantina","Opera\u00e7\u00e3o em Diamantina","Procon-MG","Site do Procon-MG"],"articleSection":["Diamantina","Vale do Jequitinhonha"],"inLanguage":"pt-BR","potentialAction":[{"@type":"CommentAction","name":"Comment","target":["https:\/\/aconteceunovale.com.br\/portal\/?p=121081#respond"]}]},{"@type":"WebPage","@id":"https:\/\/aconteceunovale.com.br\/portal\/?p=121081","url":"https:\/\/aconteceunovale.com.br\/portal\/?p=121081","name":"Fiscaliza\u00e7\u00e3o do Procon-MG interdita estabelecimentos e apreende cerca de 1,5 tonelada de alimentos irregulares em Diamantina - Aconteceu no Vale","isPartOf":{"@id":"https:\/\/aconteceunovale.com.br\/portal\/#website"},"primaryImageOfPage":{"@id":"https:\/\/aconteceunovale.com.br\/portal\/?p=121081#primaryimage"},"image":{"@id":"https:\/\/aconteceunovale.com.br\/portal\/?p=121081#primaryimage"},"thumbnailUrl":"https:\/\/aconteceunovale.com.br\/portal\/wp-content\/uploads\/2017\/09\/viatura_procon_mg.jpg","datePublished":"2017-09-04T23:06:00+00:00","dateModified":"2026-09-02T15:50:47+00:00","author":{"@id":"https:\/\/aconteceunovale.com.br\/portal\/#\/schema\/person\/633529146f2c94272bef50ac2953d589"},"breadcrumb":{"@id":"https:\/\/aconteceunovale.com.br\/portal\/?p=121081#breadcrumb"},"inLanguage":"pt-BR","potentialAction":[{"@type":"ReadAction","target":["https:\/\/aconteceunovale.com.br\/portal\/?p=121081"]}]},{"@type":"ImageObject","inLanguage":"pt-BR","@id":"https:\/\/aconteceunovale.com.br\/portal\/?p=121081#primaryimage","url":"https:\/\/aconteceunovale.com.br\/portal\/wp-content\/uploads\/2017\/09\/viatura_procon_mg.jpg","contentUrl":"https:\/\/aconteceunovale.com.br\/portal\/wp-content\/uploads\/2017\/09\/viatura_procon_mg.jpg","width":678,"height":342},{"@type":"BreadcrumbList","@id":"https:\/\/aconteceunovale.com.br\/portal\/?p=121081#breadcrumb","itemListElement":[{"@type":"ListItem","position":1,"name":"In\u00edcio","item":"https:\/\/aconteceunovale.com.br\/portal\/"},{"@type":"ListItem","position":2,"name":"Fiscaliza\u00e7\u00e3o do Procon-MG interdita estabelecimentos e apreende cerca de 1,5 tonelada de alimentos irregulares em Diamantina"}]},{"@type":"WebSite","@id":"https:\/\/aconteceunovale.com.br\/portal\/#website","url":"https:\/\/aconteceunovale.com.br\/portal\/","name":"Aconteceu no Vale","description":"Portal de Not\u00edcias","potentialAction":[{"@type":"SearchAction","target":{"@type":"EntryPoint","urlTemplate":"https:\/\/aconteceunovale.com.br\/portal\/?s={search_term_string}"},"query-input":{"@type":"PropertyValueSpecification","valueRequired":true,"valueName":"search_term_string"}}],"inLanguage":"pt-BR"},{"@type":"Person","@id":"https:\/\/aconteceunovale.com.br\/portal\/#\/schema\/person\/633529146f2c94272bef50ac2953d589","name":"Aconteceu no Vale","description":"Equipe de reportagem do Aconteceu no Vale, portal de not\u00edcias do Vale do Jequitinhonha, em Minas Gerais. Cobrimos as 51 cidades do Vale desde 2013. Sugest\u00f5es de pauta e pedidos de corre\u00e7\u00e3o: contato@aconteceunovale.com.br","sameAs":["http:\/\/www.aconteceunovale.com.br"],"url":"https:\/\/aconteceunovale.com.br\/portal\/?author=1"}]}},"_links":{"self":[{"href":"https:\/\/aconteceunovale.com.br\/portal\/index.php?rest_route=\/wp\/v2\/posts\/121081","targetHints":{"allow":["GET"]}}],"collection":[{"href":"https:\/\/aconteceunovale.com.br\/portal\/index.php?rest_route=\/wp\/v2\/posts"}],"about":[{"href":"https:\/\/aconteceunovale.com.br\/portal\/index.php?rest_route=\/wp\/v2\/types\/post"}],"author":[{"embeddable":true,"href":"https:\/\/aconteceunovale.com.br\/portal\/index.php?rest_route=\/wp\/v2\/users\/1"}],"replies":[{"embeddable":true,"href":"https:\/\/aconteceunovale.com.br\/portal\/index.php?rest_route=%2Fwp%2Fv2%2Fcomments&post=121081"}],"version-history":[{"count":1,"href":"https:\/\/aconteceunovale.com.br\/portal\/index.php?rest_route=\/wp\/v2\/posts\/121081\/revisions"}],"predecessor-version":[{"id":200358,"href":"https:\/\/aconteceunovale.com.br\/portal\/index.php?rest_route=\/wp\/v2\/posts\/121081\/revisions\/200358"}],"wp:featuredmedia":[{"embeddable":true,"href":"https:\/\/aconteceunovale.com.br\/portal\/index.php?rest_route=\/wp\/v2\/media\/121082"}],"wp:attachment":[{"href":"https:\/\/aconteceunovale.com.br\/portal\/index.php?rest_route=%2Fwp%2Fv2%2Fmedia&parent=121081"}],"wp:term":[{"taxonomy":"category","embeddable":true,"href":"https:\/\/aconteceunovale.com.br\/portal\/index.php?rest_route=%2Fwp%2Fv2%2Fcategories&post=121081"},{"taxonomy":"post_tag","embeddable":true,"href":"https:\/\/aconteceunovale.com.br\/portal\/index.php?rest_route=%2Fwp%2Fv2%2Ftags&post=121081"}],"curies":[{"name":"wp","href":"https:\/\/api.w.org\/{rel}","templated":true}]}}