{"id":121075,"date":"2017-09-04T19:43:35","date_gmt":"2017-09-04T21:43:35","guid":{"rendered":"http:\/\/aconteceunovale.com.br\/portal\/?p=121075"},"modified":"2017-09-04T19:43:51","modified_gmt":"2017-09-04T21:43:51","slug":"governo-de-minas-gerais-publica-nova-lista-contendo-1-500-nomeacoes-de-servidores-da-educacao","status":"publish","type":"post","link":"https:\/\/aconteceunovale.com.br\/portal\/?p=121075","title":{"rendered":"Governo de Minas Gerais publica novo lote contendo 1.500 nomea\u00e7\u00f5es de servidores da Educa\u00e7\u00e3o"},"content":{"rendered":"<p>O Governo de Minas Gerais publicou, no \u00faltimo s\u00e1bado (2\/9\/2017), mais uma <span style=\"text-decoration: underline;\"><span style=\"color: #ff0000;\"><a href=\"http:\/\/jornal.iof.mg.gov.br\/xmlui\/handle\/123456789\/187717?paginaCorrente=01&amp;posicaoPagCorrente=187716&amp;linkBase=http%3A%2F%2Fjornal.iof.mg.gov.br%3A80%2Fxmlui%2Fhandle%2F123456789%2F&amp;totalPaginas=92&amp;paginaDestino=2&amp;indice=0\" target=\"_blank\"><span style=\"color: #ff0000; text-decoration: underline;\">lista com a nomea\u00e7\u00e3o de 684 servidores para a Educa\u00e7\u00e3o<\/span><\/a><\/span><\/span>. Nesta ter\u00e7a-feira, dia 05, uma nova lista com mais 816 nomes ser\u00e1 publicada no Di\u00e1rio Oficial do Estado, totalizando, com isso, 11.755 novos profissionais nomeados somente em 2017.<\/p>\n<p>O sexto lote contendo 1.500 nomea\u00e7\u00f5es contempla:<br \/>\n&#8211; 52 professores de Ensino Religioso do edital SEE\/Seplag n\u00ba 03\/2014;<br \/>\n&#8211; 143 especialistas de Educa\u00e7\u00e3o B\u00e1sica do edital SEE\/Seplag n\u00ba 04\/2014;<br \/>\n&#8211; 1.286 regentes de aulas do edital SEE\/Seplag n\u00ba 04\/2014;<br \/>\n&#8211; 19 especialista em Educa\u00e7\u00e3o B\u00e1sica para a Educa\u00e7\u00e3o Especial do edital SEE\/Seplag n\u00ba 05\/2014.<\/p>\n<p>Com essa <span style=\"text-decoration: underline;\"><span style=\"color: #ff0000;\"><a href=\"http:\/\/jornal.iof.mg.gov.br\/xmlui\/handle\/123456789\/187717?paginaCorrente=01&amp;posicaoPagCorrente=187716&amp;linkBase=http%3A%2F%2Fjornal.iof.mg.gov.br%3A80%2Fxmlui%2Fhandle%2F123456789%2F&amp;totalPaginas=92&amp;paginaDestino=2&amp;indice=0\" target=\"_blank\"><span style=\"color: #ff0000; text-decoration: underline;\">nova listagem<\/span><\/a><\/span><\/span>, o n\u00famero de servidores nomeados desde o in\u00edcio da gest\u00e3o do governador Fernando Pimentel chega a 48.927, dos quais 81,5% s\u00e3o professores.<\/p>\n<p>O secret\u00e1rio de Estado de Planejamento e Gest\u00e3o, Helv\u00e9cio Magalh\u00e3es, ressalta que as nomea\u00e7\u00f5es na Educa\u00e7\u00e3o s\u00e3o um compromisso do governador Fernando Pimentel. \u201cMesmo com toda a restri\u00e7\u00e3o financeira, j\u00e1 conseguimos nomear mais de 42% de professores efetivos. Isso mostra o compromisso desse Governo com a educa\u00e7\u00e3o de qualidade para todos os mineiros e mineiras\u201d, afirma Magalh\u00e3es.<\/p>\n<p>J\u00e1 o subsecret\u00e1rio de Gest\u00e3o de Recursos Humanos da Secretaria de Estado de Educa\u00e7\u00e3o (SEE), Ant\u00f4nio David de Sousa J\u00fanior, destaca o que esta medida representa para a categoria e para a Educa\u00e7\u00e3o no Estado.<\/p>\n<p>\u201cCom essa nova publica\u00e7\u00e3o, nos aproximamos de um n\u00famero extraordin\u00e1rio de 50 mil nomea\u00e7\u00f5es. Essa medida evidencia o compromisso do governo com a valoriza\u00e7\u00e3o do magist\u00e9rio e com o fortalecimento dos alicerces da educa\u00e7\u00e3o p\u00fablica em Minas Gerais. E contribui diretamente para a melhoria dos processos de ensino e de aprendizagem. Isso traz uma maior estabilidade para o sistema e reflete, l\u00e1 na ponta, na gest\u00e3o da escola e no aprendizado dos estudantes\u201d, refor\u00e7a.<\/p>\n<p><strong>Exames<\/strong><\/p>\n<p>Uma vez publicada a nomea\u00e7\u00e3o, o aprovado deve submeter-se a exame m\u00e9dico pr\u00e9-admissional, a ser realizado pela Superintend\u00eancia Central de Per\u00edcia M\u00e9dica e Sa\u00fade Ocupacional (SCPMSO) da Secretaria de Estado de Planejamento e Gest\u00e3o (Seplag), nas datas e hor\u00e1rios que ser\u00e3o publicados no site da Seplag. Ap\u00f3s a per\u00edcia, os aprovados t\u00eam 30 dias para tomar posse.<\/p>\n<p><strong>VER PRIMEIRO<\/strong><\/p>\n<p>Receba as not\u00edcias do Aconteceu no Vale em primeira m\u00e3o. Clique em curtir no endere\u00e7o <a href=\"https:\/\/www.facebook.com\/aconteceunovale\" target=\"_blank\"><font color=\"red\">www.facebook.com\/aconteceunovale<\/font><\/a> ou no box abaixo:<\/p>\n<div class=\"fb-like\" data-href=\"https:\/\/www.facebook.com\/aconteceunovale\" data-width=\"120\" data-layout=\"standard\" data-action=\"like\" data-size=\"small\" data-show-faces=\"true\" data-share=\"true\"><\/div>\n<p><\/br><\/p>\n<p><em>(Fonte: Ag\u00eancia Minas)<\/em><\/p>\n","protected":false},"excerpt":{"rendered":"<p>O Governo de Minas Gerais publicou, no \u00faltimo s\u00e1bado (2\/9\/2017), mais uma lista com a nomea\u00e7\u00e3o de 684 servidores para a Educa\u00e7\u00e3o. Nesta ter\u00e7a-feira, dia 05, uma nova lista com mais 816 nomes ser\u00e1 publicada no Di\u00e1rio Oficial do Estado, totalizando, com isso, 11.755 novos profissionais nomeados somente em 2017. O sexto lote contendo 1.500 [&hellip;]<\/p>\n","protected":false},"author":1,"featured_media":69034,"comment_status":"open","ping_status":"closed","sticky":false,"template":"","format":"standard","meta":{"amp_status":"","footnotes":""},"categories":[40238,123],"tags":[159229,159230,51191,159232,159225,159227,159228,159226,133841,3372,159231,29818],"class_list":["post-121075","post","type-post","status-publish","format-standard","has-post-thumbnail","hentry","category-educacao-2","category-gerais","tag-educacao-em-minas-gerais","tag-educacao-mg","tag-governo-de-minas-gerais","tag-governo-de-minas-gerais-publica-nova-lista-contendo-1-500-nomeacoes-de-servidores-da-educacao","tag-governo-de-minas-gerais-publica-novo-lote-contendo-1-500-nomeacoes-de-servidores-da-educacao","tag-lista-de-nomeacoes-de-servidores-da-educacao","tag-lista-de-servidores-da-educacao-nomeados","tag-nomeacoes-de-servidores-da-educacao","tag-see-mg","tag-seplag","tag-seplag-mg","tag-servidores-da-educacao"],"yoast_head":"<!-- This site is optimized with the Yoast SEO plugin v28.3 - https:\/\/yoast.com\/product\/yoast-seo-wordpress\/ -->\n<title>Governo de Minas Gerais publica novo lote contendo 1.500 nomea\u00e7\u00f5es de servidores da Educa\u00e7\u00e3o - Aconteceu no Vale<\/title>\n<meta name=\"robots\" content=\"index, follow, max-snippet:-1, max-image-preview:large, max-video-preview:-1\" \/>\n<link rel=\"canonical\" href=\"https:\/\/aconteceunovale.com.br\/portal\/?p=121075\" \/>\n<meta property=\"og:locale\" content=\"pt_BR\" \/>\n<meta property=\"og:type\" content=\"article\" \/>\n<meta property=\"og:title\" content=\"Governo de Minas Gerais publica novo lote contendo 1.500 nomea\u00e7\u00f5es de servidores da Educa\u00e7\u00e3o - Aconteceu no Vale\" \/>\n<meta property=\"og:description\" content=\"O Governo de Minas Gerais publicou, no \u00faltimo s\u00e1bado (2\/9\/2017), mais uma lista com a nomea\u00e7\u00e3o de 684 servidores para a Educa\u00e7\u00e3o. Nesta ter\u00e7a-feira, dia 05, uma nova lista com mais 816 nomes ser\u00e1 publicada no Di\u00e1rio Oficial do Estado, totalizando, com isso, 11.755 novos profissionais nomeados somente em 2017. O sexto lote contendo 1.500 [&hellip;]\" \/>\n<meta property=\"og:url\" content=\"https:\/\/aconteceunovale.com.br\/portal\/?p=121075\" \/>\n<meta property=\"og:site_name\" content=\"Aconteceu no Vale\" \/>\n<meta property=\"article:publisher\" content=\"https:\/\/www.facebook.com\/aconteceunovale\/\" \/>\n<meta property=\"article:published_time\" content=\"2017-09-04T21:43:35+00:00\" \/>\n<meta property=\"article:modified_time\" content=\"2017-09-04T21:43:51+00:00\" \/>\n<meta property=\"og:image\" content=\"https:\/\/aconteceunovale.com.br\/portal\/wp-content\/uploads\/2015\/09\/educacao-publica-lista-com-cerca-de-promocao-de-17500-promocoes-de-servidores-da-rede-estadual.jpg\" \/>\n\t<meta property=\"og:image:width\" content=\"620\" \/>\n\t<meta property=\"og:image:height\" content=\"413\" \/>\n\t<meta property=\"og:image:type\" content=\"image\/jpeg\" \/>\n<meta name=\"author\" content=\"Aconteceu no Vale\" \/>\n<meta name=\"twitter:card\" content=\"summary_large_image\" \/>\n<meta name=\"twitter:creator\" content=\"@noticiadosvales\" \/>\n<meta name=\"twitter:site\" content=\"@noticiadosvales\" \/>\n<meta name=\"twitter:label1\" content=\"Escrito por\" \/>\n\t<meta name=\"twitter:data1\" content=\"Aconteceu no Vale\" \/>\n\t<meta name=\"twitter:label2\" content=\"Est. tempo de leitura\" \/>\n\t<meta name=\"twitter:data2\" content=\"2 minutos\" \/>\n<script type=\"application\/ld+json\" class=\"yoast-schema-graph\">{\"@context\":\"https:\\\/\\\/schema.org\",\"@graph\":[{\"@type\":\"Article\",\"@id\":\"https:\\\/\\\/aconteceunovale.com.br\\\/portal\\\/?p=121075#article\",\"isPartOf\":{\"@id\":\"https:\\\/\\\/aconteceunovale.com.br\\\/portal\\\/?p=121075\"},\"author\":{\"name\":\"Aconteceu no Vale\",\"@id\":\"https:\\\/\\\/aconteceunovale.com.br\\\/portal\\\/#\\\/schema\\\/person\\\/633529146f2c94272bef50ac2953d589\"},\"headline\":\"Governo de Minas Gerais publica novo lote contendo 1.500 nomea\u00e7\u00f5es de servidores da Educa\u00e7\u00e3o\",\"datePublished\":\"2017-09-04T21:43:35+00:00\",\"dateModified\":\"2017-09-04T21:43:51+00:00\",\"mainEntityOfPage\":{\"@id\":\"https:\\\/\\\/aconteceunovale.com.br\\\/portal\\\/?p=121075\"},\"wordCount\":439,\"commentCount\":0,\"image\":{\"@id\":\"https:\\\/\\\/aconteceunovale.com.br\\\/portal\\\/?p=121075#primaryimage\"},\"thumbnailUrl\":\"https:\\\/\\\/aconteceunovale.com.br\\\/portal\\\/wp-content\\\/uploads\\\/2015\\\/09\\\/educacao-publica-lista-com-cerca-de-promocao-de-17500-promocoes-de-servidores-da-rede-estadual.jpg\",\"keywords\":[\"Educa\u00e7\u00e3o em Minas Gerais\",\"Educa\u00e7\u00e3o MG\",\"Governo de Minas Gerais\",\"Governo de Minas Gerais publica nova lista contendo 1.500 nomea\u00e7\u00f5es de servidores da Educa\u00e7\u00e3o\",\"Governo de Minas Gerais publica novo lote contendo 1.500 nomea\u00e7\u00f5es de servidores da Educa\u00e7\u00e3o\",\"Lista de nomea\u00e7\u00f5es de servidores da Educa\u00e7\u00e3o\",\"Lista de servidores da Educa\u00e7\u00e3o nomeados\",\"Nomea\u00e7\u00f5es de servidores da Educa\u00e7\u00e3o\",\"SEE-MG\",\"seplag\",\"Seplag MG\",\"servidores da Educa\u00e7\u00e3o\"],\"articleSection\":[\"Educa\u00e7\u00e3o\",\"Minas Gerais\"],\"inLanguage\":\"pt-BR\",\"potentialAction\":[{\"@type\":\"CommentAction\",\"name\":\"Comment\",\"target\":[\"https:\\\/\\\/aconteceunovale.com.br\\\/portal\\\/?p=121075#respond\"]}]},{\"@type\":\"WebPage\",\"@id\":\"https:\\\/\\\/aconteceunovale.com.br\\\/portal\\\/?p=121075\",\"url\":\"https:\\\/\\\/aconteceunovale.com.br\\\/portal\\\/?p=121075\",\"name\":\"Governo de Minas Gerais publica novo lote contendo 1.500 nomea\u00e7\u00f5es de servidores da Educa\u00e7\u00e3o - Aconteceu no Vale\",\"isPartOf\":{\"@id\":\"https:\\\/\\\/aconteceunovale.com.br\\\/portal\\\/#website\"},\"primaryImageOfPage\":{\"@id\":\"https:\\\/\\\/aconteceunovale.com.br\\\/portal\\\/?p=121075#primaryimage\"},\"image\":{\"@id\":\"https:\\\/\\\/aconteceunovale.com.br\\\/portal\\\/?p=121075#primaryimage\"},\"thumbnailUrl\":\"https:\\\/\\\/aconteceunovale.com.br\\\/portal\\\/wp-content\\\/uploads\\\/2015\\\/09\\\/educacao-publica-lista-com-cerca-de-promocao-de-17500-promocoes-de-servidores-da-rede-estadual.jpg\",\"datePublished\":\"2017-09-04T21:43:35+00:00\",\"dateModified\":\"2017-09-04T21:43:51+00:00\",\"author\":{\"@id\":\"https:\\\/\\\/aconteceunovale.com.br\\\/portal\\\/#\\\/schema\\\/person\\\/633529146f2c94272bef50ac2953d589\"},\"breadcrumb\":{\"@id\":\"https:\\\/\\\/aconteceunovale.com.br\\\/portal\\\/?p=121075#breadcrumb\"},\"inLanguage\":\"pt-BR\",\"potentialAction\":[{\"@type\":\"ReadAction\",\"target\":[\"https:\\\/\\\/aconteceunovale.com.br\\\/portal\\\/?p=121075\"]}]},{\"@type\":\"ImageObject\",\"inLanguage\":\"pt-BR\",\"@id\":\"https:\\\/\\\/aconteceunovale.com.br\\\/portal\\\/?p=121075#primaryimage\",\"url\":\"https:\\\/\\\/aconteceunovale.com.br\\\/portal\\\/wp-content\\\/uploads\\\/2015\\\/09\\\/educacao-publica-lista-com-cerca-de-promocao-de-17500-promocoes-de-servidores-da-rede-estadual.jpg\",\"contentUrl\":\"https:\\\/\\\/aconteceunovale.com.br\\\/portal\\\/wp-content\\\/uploads\\\/2015\\\/09\\\/educacao-publica-lista-com-cerca-de-promocao-de-17500-promocoes-de-servidores-da-rede-estadual.jpg\",\"width\":620,\"height\":413},{\"@type\":\"BreadcrumbList\",\"@id\":\"https:\\\/\\\/aconteceunovale.com.br\\\/portal\\\/?p=121075#breadcrumb\",\"itemListElement\":[{\"@type\":\"ListItem\",\"position\":1,\"name\":\"In\u00edcio\",\"item\":\"https:\\\/\\\/aconteceunovale.com.br\\\/portal\\\/\"},{\"@type\":\"ListItem\",\"position\":2,\"name\":\"Governo de Minas Gerais publica novo lote contendo 1.500 nomea\u00e7\u00f5es de servidores da Educa\u00e7\u00e3o\"}]},{\"@type\":\"WebSite\",\"@id\":\"https:\\\/\\\/aconteceunovale.com.br\\\/portal\\\/#website\",\"url\":\"https:\\\/\\\/aconteceunovale.com.br\\\/portal\\\/\",\"name\":\"Aconteceu no Vale\",\"description\":\"Portal de Not\u00edcias\",\"potentialAction\":[{\"@type\":\"SearchAction\",\"target\":{\"@type\":\"EntryPoint\",\"urlTemplate\":\"https:\\\/\\\/aconteceunovale.com.br\\\/portal\\\/?s={search_term_string}\"},\"query-input\":{\"@type\":\"PropertyValueSpecification\",\"valueRequired\":true,\"valueName\":\"search_term_string\"}}],\"inLanguage\":\"pt-BR\"},{\"@type\":\"Person\",\"@id\":\"https:\\\/\\\/aconteceunovale.com.br\\\/portal\\\/#\\\/schema\\\/person\\\/633529146f2c94272bef50ac2953d589\",\"name\":\"Aconteceu no Vale\",\"description\":\"Equipe de reportagem do Aconteceu no Vale, portal de not\u00edcias do Vale do Jequitinhonha, em Minas Gerais. Cobrimos as 51 cidades do Vale desde 2013. Sugest\u00f5es de pauta e pedidos de corre\u00e7\u00e3o: contato@aconteceunovale.com.br\",\"sameAs\":[\"http:\\\/\\\/www.aconteceunovale.com.br\"],\"url\":\"https:\\\/\\\/aconteceunovale.com.br\\\/portal\\\/?author=1\"}]}<\/script>\n<!-- \/ Yoast SEO plugin. -->","yoast_head_json":{"title":"Governo de Minas Gerais publica novo lote contendo 1.500 nomea\u00e7\u00f5es de servidores da Educa\u00e7\u00e3o - Aconteceu no Vale","robots":{"index":"index","follow":"follow","max-snippet":"max-snippet:-1","max-image-preview":"max-image-preview:large","max-video-preview":"max-video-preview:-1"},"canonical":"https:\/\/aconteceunovale.com.br\/portal\/?p=121075","og_locale":"pt_BR","og_type":"article","og_title":"Governo de Minas Gerais publica novo lote contendo 1.500 nomea\u00e7\u00f5es de servidores da Educa\u00e7\u00e3o - Aconteceu no Vale","og_description":"O Governo de Minas Gerais publicou, no \u00faltimo s\u00e1bado (2\/9\/2017), mais uma lista com a nomea\u00e7\u00e3o de 684 servidores para a Educa\u00e7\u00e3o. Nesta ter\u00e7a-feira, dia 05, uma nova lista com mais 816 nomes ser\u00e1 publicada no Di\u00e1rio Oficial do Estado, totalizando, com isso, 11.755 novos profissionais nomeados somente em 2017. O sexto lote contendo 1.500 [&hellip;]","og_url":"https:\/\/aconteceunovale.com.br\/portal\/?p=121075","og_site_name":"Aconteceu no Vale","article_publisher":"https:\/\/www.facebook.com\/aconteceunovale\/","article_published_time":"2017-09-04T21:43:35+00:00","article_modified_time":"2017-09-04T21:43:51+00:00","og_image":[{"width":620,"height":413,"url":"https:\/\/aconteceunovale.com.br\/portal\/wp-content\/uploads\/2015\/09\/educacao-publica-lista-com-cerca-de-promocao-de-17500-promocoes-de-servidores-da-rede-estadual.jpg","type":"image\/jpeg"}],"author":"Aconteceu no Vale","twitter_card":"summary_large_image","twitter_creator":"@noticiadosvales","twitter_site":"@noticiadosvales","twitter_misc":{"Escrito por":"Aconteceu no Vale","Est. tempo de leitura":"2 minutos"},"schema":{"@context":"https:\/\/schema.org","@graph":[{"@type":"Article","@id":"https:\/\/aconteceunovale.com.br\/portal\/?p=121075#article","isPartOf":{"@id":"https:\/\/aconteceunovale.com.br\/portal\/?p=121075"},"author":{"name":"Aconteceu no Vale","@id":"https:\/\/aconteceunovale.com.br\/portal\/#\/schema\/person\/633529146f2c94272bef50ac2953d589"},"headline":"Governo de Minas Gerais publica novo lote contendo 1.500 nomea\u00e7\u00f5es de servidores da Educa\u00e7\u00e3o","datePublished":"2017-09-04T21:43:35+00:00","dateModified":"2017-09-04T21:43:51+00:00","mainEntityOfPage":{"@id":"https:\/\/aconteceunovale.com.br\/portal\/?p=121075"},"wordCount":439,"commentCount":0,"image":{"@id":"https:\/\/aconteceunovale.com.br\/portal\/?p=121075#primaryimage"},"thumbnailUrl":"https:\/\/aconteceunovale.com.br\/portal\/wp-content\/uploads\/2015\/09\/educacao-publica-lista-com-cerca-de-promocao-de-17500-promocoes-de-servidores-da-rede-estadual.jpg","keywords":["Educa\u00e7\u00e3o em Minas Gerais","Educa\u00e7\u00e3o MG","Governo de Minas Gerais","Governo de Minas Gerais publica nova lista contendo 1.500 nomea\u00e7\u00f5es de servidores da Educa\u00e7\u00e3o","Governo de Minas Gerais publica novo lote contendo 1.500 nomea\u00e7\u00f5es de servidores da Educa\u00e7\u00e3o","Lista de nomea\u00e7\u00f5es de servidores da Educa\u00e7\u00e3o","Lista de servidores da Educa\u00e7\u00e3o nomeados","Nomea\u00e7\u00f5es de servidores da Educa\u00e7\u00e3o","SEE-MG","seplag","Seplag MG","servidores da Educa\u00e7\u00e3o"],"articleSection":["Educa\u00e7\u00e3o","Minas Gerais"],"inLanguage":"pt-BR","potentialAction":[{"@type":"CommentAction","name":"Comment","target":["https:\/\/aconteceunovale.com.br\/portal\/?p=121075#respond"]}]},{"@type":"WebPage","@id":"https:\/\/aconteceunovale.com.br\/portal\/?p=121075","url":"https:\/\/aconteceunovale.com.br\/portal\/?p=121075","name":"Governo de Minas Gerais publica novo lote contendo 1.500 nomea\u00e7\u00f5es de servidores da Educa\u00e7\u00e3o - Aconteceu no Vale","isPartOf":{"@id":"https:\/\/aconteceunovale.com.br\/portal\/#website"},"primaryImageOfPage":{"@id":"https:\/\/aconteceunovale.com.br\/portal\/?p=121075#primaryimage"},"image":{"@id":"https:\/\/aconteceunovale.com.br\/portal\/?p=121075#primaryimage"},"thumbnailUrl":"https:\/\/aconteceunovale.com.br\/portal\/wp-content\/uploads\/2015\/09\/educacao-publica-lista-com-cerca-de-promocao-de-17500-promocoes-de-servidores-da-rede-estadual.jpg","datePublished":"2017-09-04T21:43:35+00:00","dateModified":"2017-09-04T21:43:51+00:00","author":{"@id":"https:\/\/aconteceunovale.com.br\/portal\/#\/schema\/person\/633529146f2c94272bef50ac2953d589"},"breadcrumb":{"@id":"https:\/\/aconteceunovale.com.br\/portal\/?p=121075#breadcrumb"},"inLanguage":"pt-BR","potentialAction":[{"@type":"ReadAction","target":["https:\/\/aconteceunovale.com.br\/portal\/?p=121075"]}]},{"@type":"ImageObject","inLanguage":"pt-BR","@id":"https:\/\/aconteceunovale.com.br\/portal\/?p=121075#primaryimage","url":"https:\/\/aconteceunovale.com.br\/portal\/wp-content\/uploads\/2015\/09\/educacao-publica-lista-com-cerca-de-promocao-de-17500-promocoes-de-servidores-da-rede-estadual.jpg","contentUrl":"https:\/\/aconteceunovale.com.br\/portal\/wp-content\/uploads\/2015\/09\/educacao-publica-lista-com-cerca-de-promocao-de-17500-promocoes-de-servidores-da-rede-estadual.jpg","width":620,"height":413},{"@type":"BreadcrumbList","@id":"https:\/\/aconteceunovale.com.br\/portal\/?p=121075#breadcrumb","itemListElement":[{"@type":"ListItem","position":1,"name":"In\u00edcio","item":"https:\/\/aconteceunovale.com.br\/portal\/"},{"@type":"ListItem","position":2,"name":"Governo de Minas Gerais publica novo lote contendo 1.500 nomea\u00e7\u00f5es de servidores da Educa\u00e7\u00e3o"}]},{"@type":"WebSite","@id":"https:\/\/aconteceunovale.com.br\/portal\/#website","url":"https:\/\/aconteceunovale.com.br\/portal\/","name":"Aconteceu no Vale","description":"Portal de Not\u00edcias","potentialAction":[{"@type":"SearchAction","target":{"@type":"EntryPoint","urlTemplate":"https:\/\/aconteceunovale.com.br\/portal\/?s={search_term_string}"},"query-input":{"@type":"PropertyValueSpecification","valueRequired":true,"valueName":"search_term_string"}}],"inLanguage":"pt-BR"},{"@type":"Person","@id":"https:\/\/aconteceunovale.com.br\/portal\/#\/schema\/person\/633529146f2c94272bef50ac2953d589","name":"Aconteceu no Vale","description":"Equipe de reportagem do Aconteceu no Vale, portal de not\u00edcias do Vale do Jequitinhonha, em Minas Gerais. Cobrimos as 51 cidades do Vale desde 2013. Sugest\u00f5es de pauta e pedidos de corre\u00e7\u00e3o: contato@aconteceunovale.com.br","sameAs":["http:\/\/www.aconteceunovale.com.br"],"url":"https:\/\/aconteceunovale.com.br\/portal\/?author=1"}]}},"_links":{"self":[{"href":"https:\/\/aconteceunovale.com.br\/portal\/index.php?rest_route=\/wp\/v2\/posts\/121075","targetHints":{"allow":["GET"]}}],"collection":[{"href":"https:\/\/aconteceunovale.com.br\/portal\/index.php?rest_route=\/wp\/v2\/posts"}],"about":[{"href":"https:\/\/aconteceunovale.com.br\/portal\/index.php?rest_route=\/wp\/v2\/types\/post"}],"author":[{"embeddable":true,"href":"https:\/\/aconteceunovale.com.br\/portal\/index.php?rest_route=\/wp\/v2\/users\/1"}],"replies":[{"embeddable":true,"href":"https:\/\/aconteceunovale.com.br\/portal\/index.php?rest_route=%2Fwp%2Fv2%2Fcomments&post=121075"}],"version-history":[{"count":0,"href":"https:\/\/aconteceunovale.com.br\/portal\/index.php?rest_route=\/wp\/v2\/posts\/121075\/revisions"}],"wp:featuredmedia":[{"embeddable":true,"href":"https:\/\/aconteceunovale.com.br\/portal\/index.php?rest_route=\/wp\/v2\/media\/69034"}],"wp:attachment":[{"href":"https:\/\/aconteceunovale.com.br\/portal\/index.php?rest_route=%2Fwp%2Fv2%2Fmedia&parent=121075"}],"wp:term":[{"taxonomy":"category","embeddable":true,"href":"https:\/\/aconteceunovale.com.br\/portal\/index.php?rest_route=%2Fwp%2Fv2%2Fcategories&post=121075"},{"taxonomy":"post_tag","embeddable":true,"href":"https:\/\/aconteceunovale.com.br\/portal\/index.php?rest_route=%2Fwp%2Fv2%2Ftags&post=121075"}],"curies":[{"name":"wp","href":"https:\/\/api.w.org\/{rel}","templated":true}]}}