{"id":120761,"date":"2017-08-29T16:14:05","date_gmt":"2017-08-29T18:14:05","guid":{"rendered":"http:\/\/aconteceunovale.com.br\/portal\/?p=120761"},"modified":"2017-08-29T16:14:05","modified_gmt":"2017-08-29T18:14:05","slug":"itamarandiba-recebe-o-11o-evento-do-circuito-dos-foruns-regionais","status":"publish","type":"post","link":"https:\/\/aconteceunovale.com.br\/portal\/?p=120761","title":{"rendered":"Itamarandiba recebe o 11\u00ba evento do circuito dos F\u00f3runs Regionais"},"content":{"rendered":"<p>O circuito dos F\u00f3runs Regionais de Governo estar\u00e1, nesta quinta-feira (31\/8), em Itamarandiba, com a\u00e7\u00f5es para gestores p\u00fablicos, agricultores, empreendedores e moradores dos 24 munic\u00edpios do Territ\u00f3rio Alto Jequitinhonha. Este \u00e9 o 11\u00ba evento desta etapa dos F\u00f3runs, que prev\u00ea a transfer\u00eancia simb\u00f3lica do gabinete do governador Fernando Pimentel para a cidade sede do circuito.<\/p>\n<p>As atividades, abertas ao p\u00fablico, ser\u00e3o no Centro Social Mali Martin de 8h \u00e0s 17h. O espa\u00e7o vai abrigar estandes com 150 a\u00e7\u00f5es dos mais de 40 \u00f3rg\u00e3os estaduais, que v\u00e3o prestar contas das pol\u00edticas p\u00fablicas executadas no territ\u00f3rio, esclarecer d\u00favidas e disponibilizar servi\u00e7os. <\/p>\n<p>Paralelamente, ser\u00e3o realizados debates, oficinas, palestras, exposi\u00e7\u00e3o do artesanato local, feiras da agricultura familiar e da economia popular solid\u00e1ria.<\/p>\n<p>O debate p\u00fablico sobre o acerto de contas entre Minas e a Uni\u00e3o, com a participa\u00e7\u00e3o da Assembleia Legislativa de Minas Gerais (ALMG), est\u00e1 programado para as 10h. O tema se refere \u00e0s perdas de Minas Gerais com a Lei Kandir, que desonerou do ICMS os produtos exportados pelos estados.<\/p>\n<p>Estima-se que Minas deixou de arrecadar cerca de R$ 135 bilh\u00f5es. Desse montante, os munic\u00edpios teriam direito a aproximadamente R$ 33 bilh\u00f5es, ou seja, 25% do total.<\/p>\n<p>Durante o debate ser\u00e3o apresentados os valores que seriam destinados a cada um dos 24 munic\u00edpios da regi\u00e3o.<\/p>\n<p><img decoding=\"async\" src=\"http:\/\/aconteceunovale.com.br\/portal\/wp-content\/uploads\/2017\/08\/itamarandiba_mg.jpg\" alt=\"\" \/><em>As atividades ser\u00e3o no Centro Social Mali Martin (Foto: Ernane Frois\/Divulga\u00e7\u00e3o)<\/em><br \/>\n<\/br><\/p>\n<p><strong>Circuito j\u00e1 esteve em dez territ\u00f3rios<\/strong><\/p>\n<p>O circuito de a\u00e7\u00f5es e servi\u00e7os desta etapa dos F\u00f3runs Regionais de Governo j\u00e1 passou por dez territ\u00f3rios: Tri\u00e2ngulo Norte (Ituiutaba), Norte (Montes Claros), Mata (Juiz de Fora), Capara\u00f3 (Manhua\u00e7u), Noroeste (Jo\u00e3o Pinheiro), Central (Abaet\u00e9), M\u00e9dio e Baixo Jequitinhonha (Almenara), Mucuri (Nanuque), Sudoeste (Passos) e Metropolitano (Betim).<\/p>\n<p>Fernando Pimentel tem percorrido cada territ\u00f3rio com os secret\u00e1rios de Estado. O governador observa a assertividade dos F\u00f3runs Regionais como m\u00e9todo de Governo. \u201cA melhor forma de governar \u00e9 esse modelo que a gente trouxe agora na nossa gest\u00e3o, de governar o estado ouvindo as pessoas, chegando perto das pessoas, estando presente. Se n\u00e3o for assim, voc\u00ea n\u00e3o consegue governar, porque o estado \u00e9 muito grande e muito diversificado\u201d, afirma Pimentel.<\/p>\n<p>O secret\u00e1rio Extraordin\u00e1rio de Desenvolvimento Integrado e F\u00f3runs Regionais (Seedif), Wadson Ribeiro, aponta o sucesso dos f\u00f3runs no planejamento das a\u00e7\u00f5es. \u201cTemos feito o debate no local, para conhecer as necessidades e sabermos como trabalhar em cada regi\u00e3o\u201d, pontua.<\/p>\n<p>Os F\u00f3runs Regionais, criados por meio de decreto do governador Fernando Pimentel, s\u00e3o coordenados pela Seedif. Desde o in\u00edcio de 2017, a secretaria realiza reuni\u00f5es com os interlocutores dos \u00f3rg\u00e3os de Governo para planejar as a\u00e7\u00f5es que ser\u00e3o levadas a cada territ\u00f3rio.<\/p>\n<p>Segundo o coordenador dos trabalhos, Fernando Tadeu David, subsecret\u00e1rio dos F\u00f3runs Regionais, o circuito de a\u00e7\u00f5es e servi\u00e7os desta etapa \u00e9 uma oportunidade para que o cidad\u00e3o conhe\u00e7a de perto o que est\u00e1 sendo feito pelos \u00f3rg\u00e3os estaduais, tirar d\u00favidas, consultar a equipe t\u00e9cnica e fazer solicita\u00e7\u00f5es.<\/p>\n<p><strong>Gestores municipais<\/strong><\/p>\n<p>O Territ\u00f3rio Alto Jequitinhonha \u00e9 formado pelos microterrit\u00f3rios de Capelinha e Diamantina. O circuito cont\u00e9m atividades espec\u00edficas para os prefeitos e gestores p\u00fablicos da regi\u00e3o.<\/p>\n<p>As secretarias de Governo (Segov), Planejamento e Gest\u00e3o (Seplag), Transportes e Obras P\u00fablicas (Setop) e Cidades e Integra\u00e7\u00e3o Regional (Secir), por exemplo, v\u00e3o esclarecer d\u00favidas em rela\u00e7\u00e3o \u00e0s parcerias com o Estado, ao calend\u00e1rio de celebra\u00e7\u00e3o de conv\u00eanios e ao protocolo de documentos.<\/p>\n<p>No local, os representantes das prefeituras v\u00e3o conhecer o Programa de Apoio aos Munic\u00edpios e ao Desenvolvimento Regional, que prev\u00ea a doa\u00e7\u00e3o de um projeto t\u00e9cnico de engenharia e arquitetura para prefeituras com menos de 100 mil habitantes.<\/p>\n<p>Eles ainda receber\u00e3o orienta\u00e7\u00f5es sobre os conv\u00eanios de obras p\u00fablicas e a doa\u00e7\u00e3o de materiais, como mata-burro, vigas e bueiros met\u00e1licos. <\/p>\n<p>O plant\u00e3o t\u00e9cnico vai informar como funciona a Rede de Desenvolvimento Institucional e Capacita\u00e7\u00e3o dos Munic\u00edpios (Redic), assim como fornecer uma cartilha com orienta\u00e7\u00f5es.<\/p>\n<p>O prefeito poder\u00e1 se guiar pelo documento para ter acesso \u00e0s pol\u00edticas p\u00fablicas de planejamento das cidades, regulariza\u00e7\u00e3o fundi\u00e1ria, saneamento b\u00e1sico, infraestrutura urbana, habita\u00e7\u00e3o e associativismo por cons\u00f3rcios p\u00fablicos.<\/p>\n<p>A superintendente de Apoio Institucional aos Munic\u00edpios da Segov, Ana Carolina Queiroz, explica que o objetivo \u00e9 estreitar o relacionamento com as prefeituras, oferecendo assessoramento t\u00e9cnico e oportunidades de capta\u00e7\u00e3o de recursos. \u201cEstaremos inclusive protocolando documentos para agilizar sua tramita\u00e7\u00e3o\u201d, afirma Queiroz.<\/p>\n<p>Projetos de fomento \u00e0 economia local tamb\u00e9m ser\u00e3o disponibilizados aos representantes das prefeituras, que v\u00e3o poder firmar parcerias com a Junta Comercial de Minas Gerais para a implanta\u00e7\u00e3o da Sala Mineira do Empreendedor em sua cidade.<\/p>\n<p>Segundo Gabriel Tavares, gerente de Integra\u00e7\u00e3o da Jucemg, a meta \u00e9 implantar o servi\u00e7o em 300 munic\u00edpios mineiros at\u00e9 2018.<\/p>\n<p><strong>Produtor rural<\/strong><\/p>\n<p>Durante o evento em Itamarandiba ser\u00e3o apresentadas as estrat\u00e9gias do Governo do Estado para combater a pobreza no campo e projetos de fomento ao empreendedorismo e \u00e0 economia popular solid\u00e1ria.<\/p>\n<p>Os produtores rurais, os agricultores familiares, os sindicatos rurais e associa\u00e7\u00f5es desses segmentos ainda ter\u00e3o \u00e0 disposi\u00e7\u00e3o diversos servi\u00e7os dos sistemas estaduais da agricultura e do meio ambiente e poder\u00e3o conhecer as novidades para o setor.<\/p>\n<p>A Empresa de Pesquisa Agropecu\u00e1ria de Minas Gerais (Epamig) pretende oferecer materiais e assist\u00eancia t\u00e9cnica, al\u00e9m de apresentar as tecnologias desenvolvidas.<\/p>\n<p>A Empresa de Assist\u00eancia T\u00e9cnica e Extens\u00e3o Rural (Emater\/MG) vai detalhar as linhas de cr\u00e9dito, investimento e custeio para fornecimento de alimentos para a merenda escolar.<\/p>\n<p>Os produtores ainda v\u00e3o conhecer mais sobre o Portal do Produtor, lan\u00e7ado pelo Instituto Mineiro de Agricultura (IMA), e saber como fazer o cadastro.<\/p>\n<p><strong>Bolsa Verde<\/strong><\/p>\n<p>Outra atividade para os propriet\u00e1rios e posseiros de im\u00f3veis rurais \u00e9 a divulga\u00e7\u00e3o da retomada do pagamento do Bolsa Verde. O Governo do Estado j\u00e1 pagou, at\u00e9 o momento, R$ 442 mil aos 62 produtores rurais do Alto Jequitinhonha, inclu\u00eddos no programa.<\/p>\n<p>Esses benefici\u00e1rios t\u00eam o compromisso de conservar uma \u00e1rea de vegeta\u00e7\u00e3o nativa de 1.35 mil hectares. O Bolsa Verde \u00e9 um programa executado pelo Instituto Estadual de Florestas (IEF).<\/p>\n<p>O IEF vai divulgar ainda o Projeto ASA, com o cadastro de \u00e1reas de soltura de animais silvestres, e distribuir mudas de esp\u00e9cies nativas para propriet\u00e1rios rurais e prefeituras.<\/p>\n<p>J\u00e1 os t\u00e9cnicos do Instituto Mineiro de Gest\u00e3o das \u00c1guas (Igam) v\u00e3o tirar d\u00favidas sobre o sistema online para cadastro de pequenos usos de \u00e1gua. O projeto vai beneficiar, por ano, cerca de 30 mil produtores rurais, que passar\u00e3o a ter acesso ao cadastro e \u00e0 regulariza\u00e7\u00e3o de forma eletr\u00f4nica e gratuita.<\/p>\n<p><strong>Impulso ao esporte<\/strong><\/p>\n<p>No estande da Secretaria de Estado de Esportes (Seesp), gestores p\u00fablicos e entidades do segmento v\u00e3o poder conhecer mais sobre a Lei de Incentivo ao Esporte e sobre o ICMS Esportivo.<\/p>\n<p>&#8220;Nesse momento de crise, os munic\u00edpios t\u00eam a possibilidade de se organizarem e buscarem no ICMS Esportivo e na Lei Estadual de Incentivo ao Esporte um aux\u00edlio para a execu\u00e7\u00e3o de projetos importantes&#8221;, comentou o secret\u00e1rio Arnaldo Gontijo.<\/p>\n<p>O p\u00fablico poder\u00e1 obter informa\u00e7\u00f5es sobre os Jogos do Interior de Minas (Jimi), que voltaram ao calend\u00e1rio esportivo em 2017 no seu formato original, e o Gera\u00e7\u00e3o Esporte, que passa a ser realizado em parceria com a Secretaria de Estado de Educa\u00e7\u00e3o (SEE).<\/p>\n<p>Al\u00e9m disso, as pessoas v\u00e3o poder se cadastrar no Observat\u00f3rio do Esporte e visitar as exposi\u00e7\u00f5es de futebol de mesa e a de bolas indestrut\u00edveis.<\/p>\n<p><strong>Educa\u00e7\u00e3o preventiva<\/strong><\/p>\n<p>A maratona de preven\u00e7\u00e3o \u00e0s drogas da Secretaria de Estado de Seguran\u00e7a P\u00fablica (Sesp) promete movimentar a programa\u00e7\u00e3o. A atividade \u00e9 direcionada a estudantes de escolas p\u00fablicas e deve contar com a participa\u00e7\u00e3o de cerca de 200 alunos.<\/p>\n<p>\u201cConsiste em uma gincana que envolve os adolescentes com a divers\u00e3o, trabalhando elementos essenciais para uma vida saud\u00e1vel, sem drogas\u201d, explica Patr\u00edcia Magalh\u00e3es, subsecretaria de Pol\u00edticas Sobre Drogas da Sesp.<\/p>\n<p>Para os professores haver\u00e1 uma capacita\u00e7\u00e3o que ensina como trabalhar, em sala de aula, o tema preven\u00e7\u00e3o ao uso de drogas. A palestra \u00e9 baseada nas Diretrizes Internacionais de Preven\u00e7\u00e3o na Base Escolar, que auxiliam os educadores a identificar o problema, prevenir e orientar os jovens a buscar ajuda.<\/p>\n<p><strong>Carteira de identidade de gra\u00e7a<\/strong><\/p>\n<p>O p\u00fablico que for ao evento vai ter acesso a diversos servi\u00e7os essenciais. A Pol\u00edcia Civil vai emitir carteira de identidade, atestado de antecedentes e fazer registro de ocorr\u00eancias.<\/p>\n<p>A pessoa que quiser tirar a carteira de identidade precisa levar duas fotos 3&#215;4 e certid\u00e3o original de nascimento ou casamento.<\/p>\n<p>No mesmo local, o Departamento Estadual de Tr\u00e2nsito (Detran\/MG) vai disponibilizar consulta ao licenciamento de 2017, requerimento de certid\u00e3o negativa de propriedade do ve\u00edculo, altera\u00e7\u00e3o de endere\u00e7o, consulta sobre a situa\u00e7\u00e3o do ve\u00edculo, multa, pontua\u00e7\u00e3o na carteira, solicita\u00e7\u00e3o de CNH, entre outros.<\/p>\n<p>J\u00e1 a base m\u00f3vel comunit\u00e1ria da Pol\u00edcia Militar vai distribuir dicas de seguran\u00e7a e receber registro de ocorr\u00eancias, den\u00fancia e sugest\u00e3o de policiamento.<\/p>\n<p><strong>Distribui\u00e7\u00e3o de l\u00e2mpadas<\/strong><\/p>\n<p>A Companhia Energ\u00e9tica de Minas Gerais (Cemig) e a Companhia de Saneamento de Minas Gerais (Copasa) ter\u00e3o sala exclusiva, que vai funcionar como uma ag\u00eancia de atendimento.<\/p>\n<p>O consumidor poder\u00e1 negociar d\u00edvidas, quitar e solicitar emiss\u00e3o de segunda via da conta, tirar d\u00favidas sobre faturas, tarifas e requisitar religa\u00e7\u00e3o.<\/p>\n<p>Durante a programa\u00e7\u00e3o, a Cemig vai distribuir l\u00e2mpadas para quem apresentar a \u00faltima conta de luz paga, limitada a duas l\u00e2mpadas por consumidor. A entrega das l\u00e2mpadas ser\u00e1 a partir do meio-dia.<\/p>\n<p>O p\u00fablico poder vai conhecer ainda a maquete do sistema el\u00e9trico que simula o consumo de energia, aprender um pouco sobre seguran\u00e7a e os novos canais de atendimento.<\/p>\n<p><strong>VER PRIMEIRO<\/strong><\/p>\n<p>Receba as not\u00edcias do Aconteceu no Vale em primeira m\u00e3o. Clique em curtir no endere\u00e7o <a href=\"https:\/\/www.facebook.com\/aconteceunovale\" target=\"_blank\"><font color=\"red\">www.facebook.com\/aconteceunovale<\/font><\/a> ou no box abaixo:<\/p>\n<div class=\"fb-like\" data-href=\"https:\/\/www.facebook.com\/aconteceunovale\" data-width=\"120\" data-layout=\"standard\" data-action=\"like\" data-size=\"small\" data-show-faces=\"true\" data-share=\"true\"><\/div>\n<p><\/br><\/p>\n<p><em>(Fonte: Ag\u00eancia Minas)<\/em><\/p>\n","protected":false},"excerpt":{"rendered":"<p>O circuito dos F\u00f3runs Regionais de Governo estar\u00e1, nesta quinta-feira (31\/8), em Itamarandiba, com a\u00e7\u00f5es para gestores p\u00fablicos, agricultores, empreendedores e moradores dos 24 munic\u00edpios do Territ\u00f3rio Alto Jequitinhonha. Este \u00e9 o 11\u00ba evento desta etapa dos F\u00f3runs, que prev\u00ea a transfer\u00eancia simb\u00f3lica do gabinete do governador Fernando Pimentel para a cidade sede do circuito. [&hellip;]<\/p>\n","protected":false},"author":1,"featured_media":120762,"comment_status":"open","ping_status":"closed","sticky":false,"template":"","format":"standard","meta":{"amp_status":"","footnotes":""},"categories":[120],"tags":[586,13461,158627,44202,158628,149,158629,158626,54346],"class_list":["post-120761","post","type-post","status-publish","format-standard","has-post-thumbnail","hentry","category-jequi","tag-alto-jequitinhonha","tag-centro-social-mali-martin","tag-fernando-pimentel-em-itamarandiba","tag-foruns-regionais-de-governo","tag-governador-em-itamarandiba","tag-itamarandiba","tag-itamarandiba-recebe-o-11o-evento-do-circuito-dos-foruns-regionais","tag-pimentel-em-itamarandiba","tag-territorio-alto-jequitinhonha"],"_links":{"self":[{"href":"https:\/\/aconteceunovale.com.br\/portal\/index.php?rest_route=\/wp\/v2\/posts\/120761","targetHints":{"allow":["GET"]}}],"collection":[{"href":"https:\/\/aconteceunovale.com.br\/portal\/index.php?rest_route=\/wp\/v2\/posts"}],"about":[{"href":"https:\/\/aconteceunovale.com.br\/portal\/index.php?rest_route=\/wp\/v2\/types\/post"}],"author":[{"embeddable":true,"href":"https:\/\/aconteceunovale.com.br\/portal\/index.php?rest_route=\/wp\/v2\/users\/1"}],"replies":[{"embeddable":true,"href":"https:\/\/aconteceunovale.com.br\/portal\/index.php?rest_route=%2Fwp%2Fv2%2Fcomments&post=120761"}],"version-history":[{"count":0,"href":"https:\/\/aconteceunovale.com.br\/portal\/index.php?rest_route=\/wp\/v2\/posts\/120761\/revisions"}],"wp:featuredmedia":[{"embeddable":true,"href":"https:\/\/aconteceunovale.com.br\/portal\/index.php?rest_route=\/wp\/v2\/media\/120762"}],"wp:attachment":[{"href":"https:\/\/aconteceunovale.com.br\/portal\/index.php?rest_route=%2Fwp%2Fv2%2Fmedia&parent=120761"}],"wp:term":[{"taxonomy":"category","embeddable":true,"href":"https:\/\/aconteceunovale.com.br\/portal\/index.php?rest_route=%2Fwp%2Fv2%2Fcategories&post=120761"},{"taxonomy":"post_tag","embeddable":true,"href":"https:\/\/aconteceunovale.com.br\/portal\/index.php?rest_route=%2Fwp%2Fv2%2Ftags&post=120761"}],"curies":[{"name":"wp","href":"https:\/\/api.w.org\/{rel}","templated":true}]}}