{"id":120755,"date":"2017-08-29T11:11:02","date_gmt":"2017-08-29T13:11:02","guid":{"rendered":"http:\/\/aconteceunovale.com.br\/portal\/?p=120755"},"modified":"2017-08-29T11:11:02","modified_gmt":"2017-08-29T13:11:02","slug":"repercussao-negativa-faz-governo-revogar-decreto-que-extinguia-reserva-na-amazonia","status":"publish","type":"post","link":"https:\/\/aconteceunovale.com.br\/portal\/?p=120755","title":{"rendered":"Repercuss\u00e3o negativa faz governo revogar decreto que extinguia reserva na Amaz\u00f4nia"},"content":{"rendered":"<p>O Pal\u00e1cio do Planalto informou que o governo federal editar\u00e1 um novo decreto para descrever, de forma mais detalhada, como ser\u00e1 extinta a Reserva Nacional do Cobre e Associados (Renca). A decis\u00e3o foi anunciada ap\u00f3s as repercuss\u00f5es negativas que a medida, tomada na semana passada, gerou entre ambientalistas, celebridades, a sociedade em geral e at\u00e9 na m\u00eddia internacional.<\/p>\n<p>De acordo com o ministro de Minas e Energia, Fernando Coelho Filho, a edi\u00e7\u00e3o do decreto vai esclarecer ponto a ponto a extin\u00e7\u00e3o da reserva, de forma a preservar as reservas ind\u00edgenas e de conserva\u00e7\u00e3o existentes na regi\u00e3o e impedir explora\u00e7\u00e3o de min\u00e9rios de forma ilegal na \u00e1rea. Para isso, o decreto assinado na semana passada ser\u00e1 revogado, informou o Planalto.<\/p>\n<p>Respondendo a cr\u00edticas da imprensa internacional, de organiza\u00e7\u00f5es ambientais e ativistas ligados ao tema, o ministro do Meio Ambiente, Sarney Filho, disse que a atitude foi tomada ap\u00f3s a &#8220;confus\u00e3o&#8221; gerada, com diferentes interpreta\u00e7\u00f5es, sobre o que seria extinto. &#8220;Foi entendido pela maioria da sociedade que est\u00e1vamos afrouxando as regras contra desmatamento da Amaz\u00f4nia, que estar\u00edamos abandonando a Amaz\u00f4nia. E isso n\u00e3o corresponde \u00e0 realidade, pelo contr\u00e1rio&#8221;, disse.<\/p>\n<p><img decoding=\"async\" src=\"http:\/\/aconteceunovale.com.br\/portal\/wp-content\/uploads\/2017\/08\/renca.png\" alt=\"\" \/><em>\u00c1rea alvo de pol\u00eamica tem tamanho comparado ao da Dinamarca (WWF Brasil)<\/em><br \/>\n<\/br><\/p>\n<p><strong>Estudado pela c\u00fapula do governo<\/strong><\/p>\n<p>Embora a mudan\u00e7a tenha sido anunciada na tarde de ontem (28) durante uma reuni\u00e3o ministerial comandada pelo presidente Michel Temer, o ministro do Meio Ambiente disse que a edi\u00e7\u00e3o do novo decreto j\u00e1 vinha sendo estudada pela c\u00fapula do governo ap\u00f3s o receio de que a falta de clareza quanto ao assunto pudesse aumentar o desmatamento na Amaz\u00f4nia.<\/p>\n<p>Na semana passada, o pr\u00f3prio ministro de Minas e Energia concedeu uma entrevista para explicar o decreto , dias ap\u00f3s o Planalto divulgar uma nota \u00e0 imprensa e o ministro da Casa Civil, Eliseu Padilha, contestar as cr\u00edticas por meio de rede social.<\/p>\n<p><strong>Criada em 1984<\/strong><\/p>\n<p>Assinado na \u00faltima ter\u00e7a-feira (22) pelo presidente Michel Temer, o decreto extinguiu a Reserva Nacional do Cobre e Associados. A decis\u00e3o gerou questionamento de ambientalistas, celebridades, da popula\u00e7\u00e3o e at\u00e9 da m\u00eddia internacional. &#8220;Vergonha! Est\u00e3o leiloando nossa Amaz\u00f4nia! N\u00e3o podemos destruir nossas \u00e1reas protegidas em prol de interesses privados&#8221;, escreveu no Twitter a modelo brasileira Gisele B\u00fcndchen dias depois da edi\u00e7\u00e3o do decreto. A mensagem recebeu 1,4 mil curtidas e 458 retuites.<\/p>\n<p>A \u00e1rea de prote\u00e7\u00e3o foi criada em 1984 pelo governo de Jo\u00e3o Figueiredo, \u00faltimo presidente do per\u00edodo militar. Na ocasi\u00e3o, foi definida a prote\u00e7\u00e3o da \u00e1rea de 47 mil quil\u00f4metros quadrados (km\u00b2), incrustada em uma regi\u00e3o entre os estados do Par\u00e1 e do Amap\u00e1.<\/p>\n<p>Desde ent\u00e3o, pesquisa mineral e atividade econ\u00f4mica na \u00e1rea passaram a ser de responsabilidade da Companhia Brasileira de Recursos Minerais (CPRM \u2013 Servi\u00e7o Geol\u00f3gico Brasileiro) ou de empresas autorizadas pela companhia. Al\u00e9m do cobre, estudos geol\u00f3gicos apontam a ocorr\u00eancia de ouro, mangan\u00eas, ferro e outros min\u00e9rios na \u00e1rea.<\/p>\n<p>De acordo com Sarney Filho, o novo decreto pode ser publicado ainda ontem (28) em edi\u00e7\u00e3o extra do Di\u00e1rio Oficial da Uni\u00e3o e proibir\u00e1 qualquer tipo de extra\u00e7\u00e3o mineral nos lugares da reserva onde tamb\u00e9m existem \u00e1reas ind\u00edgenas e de conserva\u00e7\u00e3o. A exce\u00e7\u00e3o ocorrer\u00e1 apenas para planos de manejo. A norma tamb\u00e9m pro\u00edbe a concess\u00e3o de tipos de direito miner\u00e1rio a quem &#8220;comprovadamente participou de explora\u00e7\u00e3o mineral na \u00e1rea da extinta Renca&#8221;.<\/p>\n<p><strong>Entrevista de Temer<\/strong><\/p>\n<p>Nesse domingo (27), o canal SBT veiculou uma entrevista com o presidente Michel Temer na qual voltou a defender a edi\u00e7\u00e3o do decreto. Segundo ele, as cr\u00edticas \u00e0 medida s\u00e3o um &#8220;equ\u00edvoco&#8221; porque todas as \u00e1reas ind\u00edgenas e de preserva\u00e7\u00e3o ambiental continuar\u00e3o garantidas e era preciso &#8220;regularizar essa situa\u00e7\u00e3o&#8221;.<\/p>\n<p>&#8220;O que estava havendo, o que me chegou aos ouvidos, foi que, embora definida como \u00e1rea de cobre, na verdade quase n\u00e3o tem cobre l\u00e1, tem pouca coisa. Tem muito ouro e outros metais. O que est\u00e1 havendo, digamos, \u00e9 uma explora\u00e7\u00e3o clandestina&#8221;, disse o presidente.<\/p>\n<p><strong>VER PRIMEIRO<\/strong><\/p>\n<p>Receba as not\u00edcias do Aconteceu no Vale em primeira m\u00e3o. Clique em curtir no endere\u00e7o <a href=\"https:\/\/www.facebook.com\/aconteceunovale\" target=\"_blank\"><font color=\"red\">www.facebook.com\/aconteceunovale<\/font><\/a> ou no box abaixo:<\/p>\n<div class=\"fb-like\" data-href=\"https:\/\/www.facebook.com\/aconteceunovale\" data-width=\"120\" data-layout=\"standard\" data-action=\"like\" data-size=\"small\" data-show-faces=\"true\" data-share=\"true\"><\/div>\n<p><\/br><\/p>\n<p><em>(Fonte: Ag\u00eancia Brasil)<\/em><\/p>\n","protected":false},"excerpt":{"rendered":"<p>O Pal\u00e1cio do Planalto informou que o governo federal editar\u00e1 um novo decreto para descrever, de forma mais detalhada, como ser\u00e1 extinta a Reserva Nacional do Cobre e Associados (Renca). A decis\u00e3o foi anunciada ap\u00f3s as repercuss\u00f5es negativas que a medida, tomada na semana passada, gerou entre ambientalistas, celebridades, a sociedade em geral e at\u00e9 [&hellip;]<\/p>\n","protected":false},"author":1,"featured_media":120756,"comment_status":"open","ping_status":"closed","sticky":false,"template":"","format":"standard","meta":{"amp_status":"","footnotes":""},"categories":[6],"tags":[158391,158387,145364,158390,158388,33282,61731,158389,158608,158386],"class_list":["post-120755","post","type-post","status-publish","format-standard","has-post-thumbnail","hentry","category-br","tag-extincao-da-renca","tag-extincao-da-reserva-nacional-do-cobre-e-associados","tag-fernando-coelho-filho","tag-fim-da-renca","tag-fim-da-reserva-nacional-do-cobre-e-associados","tag-ministro-de-minas-e-energia","tag-palacio-do-planalto","tag-renca","tag-repercussao-negativa-faz-governo-revogar-decreto-que-extinguia-reserva-na-amazonia","tag-reserva-nacional-do-cobre-e-associados"],"_links":{"self":[{"href":"https:\/\/aconteceunovale.com.br\/portal\/index.php?rest_route=\/wp\/v2\/posts\/120755","targetHints":{"allow":["GET"]}}],"collection":[{"href":"https:\/\/aconteceunovale.com.br\/portal\/index.php?rest_route=\/wp\/v2\/posts"}],"about":[{"href":"https:\/\/aconteceunovale.com.br\/portal\/index.php?rest_route=\/wp\/v2\/types\/post"}],"author":[{"embeddable":true,"href":"https:\/\/aconteceunovale.com.br\/portal\/index.php?rest_route=\/wp\/v2\/users\/1"}],"replies":[{"embeddable":true,"href":"https:\/\/aconteceunovale.com.br\/portal\/index.php?rest_route=%2Fwp%2Fv2%2Fcomments&post=120755"}],"version-history":[{"count":0,"href":"https:\/\/aconteceunovale.com.br\/portal\/index.php?rest_route=\/wp\/v2\/posts\/120755\/revisions"}],"wp:featuredmedia":[{"embeddable":true,"href":"https:\/\/aconteceunovale.com.br\/portal\/index.php?rest_route=\/wp\/v2\/media\/120756"}],"wp:attachment":[{"href":"https:\/\/aconteceunovale.com.br\/portal\/index.php?rest_route=%2Fwp%2Fv2%2Fmedia&parent=120755"}],"wp:term":[{"taxonomy":"category","embeddable":true,"href":"https:\/\/aconteceunovale.com.br\/portal\/index.php?rest_route=%2Fwp%2Fv2%2Fcategories&post=120755"},{"taxonomy":"post_tag","embeddable":true,"href":"https:\/\/aconteceunovale.com.br\/portal\/index.php?rest_route=%2Fwp%2Fv2%2Ftags&post=120755"}],"curies":[{"name":"wp","href":"https:\/\/api.w.org\/{rel}","templated":true}]}}